{"id":26179,"date":"2025-09-09T05:59:07","date_gmt":"2025-09-09T10:59:07","guid":{"rendered":"https:\/\/www.elamazonico.com\/portal\/?p=26179"},"modified":"2025-09-09T05:59:07","modified_gmt":"2025-09-09T10:59:07","slug":"el-correismo-marca-distancia-de-jose-serrano-en-medio-de-la-investigacion-por-el-asesinato-de-villavicencio","status":"publish","type":"post","link":"https:\/\/www.elamazonico.com\/portal\/el-correismo-marca-distancia-de-jose-serrano-en-medio-de-la-investigacion-por-el-asesinato-de-villavicencio\/","title":{"rendered":"El corre\u00edsmo marca distancia de Jos\u00e9 Serrano en medio de la investigaci\u00f3n por el asesinato de Villavicencio"},"content":{"rendered":"<p class=\"p_0\"><b>El movimiento Revoluci\u00f3n Ciudadana (RC) public\u00f3 este lunes un video en la red social X, en el que cuestiona el nexo que a\u00fan tendr\u00eda el exministro del Interior de Ecuador,\u00a0<a href=\"https:\/\/www.vistazo.com\/politica\/nacional\/2025-09-01-jose-serrano-limbo-ecuador-no-ha-solicitado-su-extradicion-audiencia-magnicidiofv-AC10035599\">Jos\u00e9 Serrano<\/a>, con el corre\u00edsmo.<\/b><\/p>\n<p class=\"p_2\">El otrora funcionario de las administraciones de\u00a0<b>Alfredo Palacio<\/b>\u00a0y\u00a0<b>Rafael Correa<\/b>\u00a0se encuentra actualmente\u00a0<b>bajo custodia\u00a0<\/b>del Servicio de Inmigraci\u00f3n de Estados Unidos e\u00a0<b>imputado\u00a0<\/b>en Ecuador como\u00a0<b>presunto autor intelectual<\/b>, junto a otras tres personas, del asesinato del candidato presidencial\u00a0<b>Fernando Villavicencio<\/b>, perpetrado en agosto del 2023.<\/p>\n<p class=\"p_3\"><b>\u201c\u00bfQui\u00e9n es Jos\u00e9 Serrano? \u00bfCorre\u00edsta? Aqu\u00ed te lo contamos rapidito. Que nadie te enga\u00f1e\u201d<\/b>, dice el texto superpuesto en un video difundido, el cual repite un fragmento en el que en el 2017,\u00a0<b>Serrano<\/b>, entonces presidente de la Asamblea Nacional y miembro del movimiento corre\u00edsta Alianza Pa\u00eds, expresa\u00a0<b>su respaldo\u00a0<\/b>al presidente\u00a0<b>Len\u00edn Moreno<\/b>, quien encabezaba dicho partido en ese entonces.<\/p>\n<div class=\"Center2Display\">\n<div id=\"Center2\">Moreno lleg\u00f3 a la Presidencia como uno de los colaboradores m\u00e1s cercanos de Rafael Correa, pero comenz\u00f3 a <b>distanciarse de su antecesor\u00a0<\/b>durante los primeros meses de su mandato.<\/div>\n<\/div>\n<p class=\"p_5\">La ruptura se dio en 2017, cuando dej\u00f3 sin funciones a su vicepresidente,\u00a0<b>Jorge Glas<\/b>, acusado de estar vinculado a la trama de corrupci\u00f3n de Odebrecht, y se profundiz\u00f3 en 2018, cuando Moreno llev\u00f3 a cabo una consulta popular para\u00a0<b>eliminar la reelecci\u00f3n indefinida<\/b>\u00a0\u2014evitando as\u00ed que Correa pudiera ser candidato en el 2021\u2014 y<b>\u00a0retir\u00f3 el asilo pol\u00edtico a Julian Assange<\/b>, fundador de WikiLeaks.<\/p>\n<p class=\"p_6\">De esta forma, Correa pas\u00f3 de tildar como ineficiente la gesti\u00f3n de Moreno hasta tacharlo como<b>\u00a0el \u00abtraidor m\u00e1s grande de la historia ecuatoriana y latinoamericana\u00bb.<\/b><\/p>\n<p class=\"p_7\">En el video publicado este lunes por la<b>\u00a0Revoluci\u00f3n Ciudadana<\/b>\u00a0sobre Serrano se destaca que el exfuncionario encabez\u00f3 una\u00a0<b>votaci\u00f3n dentro del corre\u00edsmo<\/b>\u00a0que llev\u00f3 a que se apruebe la consulta popular del 2018. Adem\u00e1s, se comparten im\u00e1genes en las que<b>\u00a0aparece sentado junto a Moreno<\/b>, estrechando ambos sus manos. <strong>Fuente: Vistazo<\/strong><\/p>\n","protected":false},"excerpt":{"rendered":"<p>El movimiento Revoluci\u00f3n Ciudadana (RC) public\u00f3 este lunes un video en la red social X, en el que cuestiona el nexo que a\u00fan tendr\u00eda el exministro del Interior de Ecuador,\u00a0Jos\u00e9 Serrano, con el corre\u00edsmo. El otrora funcionario de las administraciones de\u00a0Alfredo Palacio\u00a0y\u00a0Rafael Correa\u00a0se encuentra actualmente\u00a0bajo custodia\u00a0del Servicio de Inmigraci\u00f3n de Estados Unidos e\u00a0imputado\u00a0en Ecuador como\u00a0presunto autor intelectual, junto a otras tres personas, del asesinato del candidato presidencial\u00a0Fernando Villavicencio, perpetrado en agosto del 2023. \u201c\u00bfQui\u00e9n es Jos\u00e9 Serrano? \u00bfCorre\u00edsta? Aqu\u00ed te lo contamos rapidito. Que nadie te enga\u00f1e\u201d, dice el texto superpuesto en un video difundido, el cual repite un fragmento en el que en el 2017,\u00a0Serrano, entonces presidente de la Asamblea Nacional y miembro del movimiento corre\u00edsta Alianza Pa\u00eds, expresa\u00a0su respaldo\u00a0al presidente\u00a0Len\u00edn Moreno, quien encabezaba dicho partido en ese entonces. Moreno lleg\u00f3 a la Presidencia como uno de los colaboradores m\u00e1s cercanos de Rafael Correa, pero comenz\u00f3 a distanciarse de su antecesor\u00a0durante los primeros meses de su mandato. La ruptura se dio en 2017, cuando dej\u00f3 sin funciones a su vicepresidente,\u00a0Jorge Glas, acusado de estar vinculado a la trama de corrupci\u00f3n de Odebrecht, y se profundiz\u00f3 en 2018, cuando Moreno llev\u00f3 a cabo una consulta popular para\u00a0eliminar la reelecci\u00f3n indefinida\u00a0\u2014evitando as\u00ed que Correa pudiera ser candidato en el 2021\u2014 y\u00a0retir\u00f3 el asilo pol\u00edtico a Julian Assange, fundador de WikiLeaks. De esta forma, Correa pas\u00f3 de tildar como ineficiente la gesti\u00f3n de Moreno hasta tacharlo como\u00a0el \u00abtraidor m\u00e1s grande de la historia ecuatoriana y latinoamericana\u00bb. En el video publicado este lunes por la\u00a0Revoluci\u00f3n Ciudadana\u00a0sobre Serrano se destaca que el exfuncionario encabez\u00f3 una\u00a0votaci\u00f3n dentro del corre\u00edsmo\u00a0que llev\u00f3 a que se apruebe la consulta popular del 2018. Adem\u00e1s, se comparten im\u00e1genes en las que\u00a0aparece sentado junto a Moreno, estrechando ambos sus manos. Fuente: Vistazo<\/p>\n","protected":false},"author":1,"featured_media":26180,"comment_status":"closed","ping_status":"closed","sticky":false,"template":"","format":"standard","meta":{"footnotes":""},"categories":[268],"tags":[],"class_list":["post-26179","post","type-post","status-publish","format-standard","has-post-thumbnail","hentry","category-nacionales"],"_links":{"self":[{"href":"https:\/\/www.elamazonico.com\/portal\/wp-json\/wp\/v2\/posts\/26179","targetHints":{"allow":["GET"]}}],"collection":[{"href":"https:\/\/www.elamazonico.com\/portal\/wp-json\/wp\/v2\/posts"}],"about":[{"href":"https:\/\/www.elamazonico.com\/portal\/wp-json\/wp\/v2\/types\/post"}],"author":[{"embeddable":true,"href":"https:\/\/www.elamazonico.com\/portal\/wp-json\/wp\/v2\/users\/1"}],"replies":[{"embeddable":true,"href":"https:\/\/www.elamazonico.com\/portal\/wp-json\/wp\/v2\/comments?post=26179"}],"version-history":[{"count":1,"href":"https:\/\/www.elamazonico.com\/portal\/wp-json\/wp\/v2\/posts\/26179\/revisions"}],"predecessor-version":[{"id":26181,"href":"https:\/\/www.elamazonico.com\/portal\/wp-json\/wp\/v2\/posts\/26179\/revisions\/26181"}],"wp:featuredmedia":[{"embeddable":true,"href":"https:\/\/www.elamazonico.com\/portal\/wp-json\/wp\/v2\/media\/26180"}],"wp:attachment":[{"href":"https:\/\/www.elamazonico.com\/portal\/wp-json\/wp\/v2\/media?parent=26179"}],"wp:term":[{"taxonomy":"category","embeddable":true,"href":"https:\/\/www.elamazonico.com\/portal\/wp-json\/wp\/v2\/categories?post=26179"},{"taxonomy":"post_tag","embeddable":true,"href":"https:\/\/www.elamazonico.com\/portal\/wp-json\/wp\/v2\/tags?post=26179"}],"curies":[{"name":"wp","href":"https:\/\/api.w.org\/{rel}","templated":true}]}}