{"id":26172,"date":"2025-09-08T18:41:25","date_gmt":"2025-09-08T23:41:25","guid":{"rendered":"https:\/\/www.elamazonico.com\/portal\/?p=26172"},"modified":"2025-09-08T18:41:25","modified_gmt":"2025-09-08T23:41:25","slug":"celso-moreira-lider-invisible-de-los-choneros-y-protagonista-de-una-narcofiesta-fue-recapturado","status":"publish","type":"post","link":"https:\/\/www.elamazonico.com\/portal\/celso-moreira-lider-invisible-de-los-choneros-y-protagonista-de-una-narcofiesta-fue-recapturado\/","title":{"rendered":"Celso Moreira, &#8216;l\u00edder invisible&#8217; de Los Choneros y protagonista de una narcofiesta, fue recapturado"},"content":{"rendered":"<div class=\"paragraph texto\">\n<p class=\"p_0\"><b>Este lunes 8 de septiembre<a href=\"https:\/\/www.vistazo.com\/cronologia\/-\/meta\/celso-moreira\">\u00a0Celso Moreira<\/a>, alias &#8216;Celso&#8217; fue recapturado por el Bloque de Seguridad en el sector de San Jacinto, en el cant\u00f3n Sucre, provincia de Manab\u00ed. El Ministerio del Interior hizo el anunci\u00f3 y comunic\u00f3 que otros cinco presuntos delincuentes tambi\u00e9n fueron detenidos.<\/b><\/p>\n<p class=\"p_2\">\u00abLlamado el\u00a0<b>\u201cl\u00edder invisible\u201d de Los Choneros<\/b>, Celso Moreira Heredia, alias \u201cEl Patucho Celso\u201d, ha construido su poder desde las sombras: sin ser la cara visible de la organizaci\u00f3n,\u00a0<b>mov\u00eda hilos claves en la estructura criminal<\/b>, controlando operaciones y alianzas,\u00a0<b>manteni\u00e9ndose oculto tras lujos, excesos y una fachada de fiesta y opulencia<\/b>\u00ab, dice el comunicado de las fuerzas del orden.<\/p>\n<p class=\"p_3\">Las autoridades recordaron que Moreira fue capturado en mayo de 2024 en una denominada\u00a0<b>narcofiesta\u00a0<\/b>en V\u00eda a la Costa, Guayaquil. No obstante, al mes siguiente, fue\u00a0<b>liberado con medidas sustitutivas.<\/b><\/p>\n<div class=\"Center2Display\">\n<div id=\"Center2\"><\/div>\n<\/div>\n<\/div>\n<div class=\"multimediaMacroWrapper img lateral\">\n<figure class=\"contentMedia art-img\">\n<div><img fetchpriority=\"high\" decoding=\"async\" class=\" lazyloaded\" title=\"Fotograf\u00eda tomada durante la irrupci\u00f3n en la narcofiesta referida, en una finca ubicada en la V\u00eda a la Costa, a las afueras de Guayaquil. Celso Miguel Moreira, l\u00edder de Los Choneros (I-2); y Federico G\u00f3mez, alias \u2018Fede\u2019, l\u00edder de \u201cLos \u00c1guilas\u201d (I-1) aparecen en la foto esposados.\" src=\"https:\/\/www.vistazo.com\/placeholder\/svg\/viewbox\/768x466\" sizes=\"100vw\" srcset=\"\/\/www.vistazo.com\/binrepository\/768x466\/0c0\/0d0\/none\/12727\/QKVP\/ifxv7xv4znerbf6dtx6n2fu6ku_2405732_20250908164216.png 768w,\/\/www.vistazo.com\/binrepository\/640x388\/0c0\/0d0\/none\/12727\/QKVL\/ifxv7xv4znerbf6dtx6n2fu6ku_2405732_20250908164216.png 640w,\/\/www.vistazo.com\/binrepository\/512x311\/0c0\/0d0\/none\/12727\/QKVH\/ifxv7xv4znerbf6dtx6n2fu6ku_2405732_20250908164216.png 512w,\/\/www.vistazo.com\/binrepository\/384x233\/0c0\/0d0\/none\/12727\/QKVP\/ifxv7xv4znerbf6dtx6n2fu6ku_2405732_20250908164216.png 384w,\/\/www.vistazo.com\/binrepository\/300x182\/0c0\/0d0\/none\/12727\/QKVU\/ifxv7xv4znerbf6dtx6n2fu6ku_2405732_20250908164216.png 300w\" alt=\"$!Fotograf\u00eda tomada durante la irrupci\u00f3n en la narcofiesta referida, en una finca ubicada en la V\u00eda a la Costa, a las afueras de Guayaquil. Celso Miguel Moreira, l\u00edder de Los Choneros (I-2); y Federico G\u00f3mez, alias \u2018Fede\u2019, l\u00edder de \u201cLos \u00c1guilas\u201d (I-1) aparecen en la foto esposados.\" width=\"768\" height=\"466\" data-srcset=\"\/\/www.vistazo.com\/binrepository\/768x466\/0c0\/0d0\/none\/12727\/QKVP\/ifxv7xv4znerbf6dtx6n2fu6ku_2405732_20250908164216.png 768w,\/\/www.vistazo.com\/binrepository\/640x388\/0c0\/0d0\/none\/12727\/QKVL\/ifxv7xv4znerbf6dtx6n2fu6ku_2405732_20250908164216.png 640w,\/\/www.vistazo.com\/binrepository\/512x311\/0c0\/0d0\/none\/12727\/QKVH\/ifxv7xv4znerbf6dtx6n2fu6ku_2405732_20250908164216.png 512w,\/\/www.vistazo.com\/binrepository\/384x233\/0c0\/0d0\/none\/12727\/QKVP\/ifxv7xv4znerbf6dtx6n2fu6ku_2405732_20250908164216.png 384w,\/\/www.vistazo.com\/binrepository\/300x182\/0c0\/0d0\/none\/12727\/QKVU\/ifxv7xv4znerbf6dtx6n2fu6ku_2405732_20250908164216.png 300w\" \/><\/div>\n<div class=\"cutline-byline\"><span class=\"cutline-text\">Fotograf\u00eda tomada durante la irrupci\u00f3n en la narcofiesta referida, en una finca ubicada en la V\u00eda a la Costa, a las afueras de Guayaquil. Celso Miguel Moreira, l\u00edder de \u00abLos Choneros\u00bb (I-2); y Federico G\u00f3mez, alias \u2018Fede\u2019, l\u00edder de \u201cLos \u00c1guilas\u201d (I-1) aparecen en la foto esposados.<\/span>\u00a0<span class=\"byline-image\">(Polic\u00eda Nacional)<\/span><\/div>\n<\/figure>\n<\/div>\n<div class=\"paragraph texto\">\n<p class=\"p_4\">El Ministerio de Defensa detall\u00f3 que Moreira, quien ya ha sido procesado por delitos como crimen organizado y tr\u00e1fico il\u00edcito de drogas, fue descubierto en esta ocasi\u00f3n\u00a0<b>en posesi\u00f3n de armas de fuego sin la debida autorizaci\u00f3n legal.<\/b><\/p>\n<p class=\"p_5\">\u00abJunto a \u00e9l fueron detenidos\u00a0<b>cinco presuntos delincuentes que se encontraban ingiriendo bebidas alcoh\u00f3licas en la v\u00eda p\u00fablica<\/b>\u00ab, precis\u00f3 la cartera de Estado, publicando im\u00e1genes en las que se observa a los sujetos bajo custodia de la Fuerza P\u00fablica.<\/p>\n<\/div>\n<h2 class=\"h2vistazo\">Ministro de Defensa de pronuncia sobre captura<\/h2>\n<div class=\"paragraph texto\">\n<p class=\"p_6\">En una rueda de prensa organizada luego de la captura del cabecilla, el titular de la cartera de Defensa,<b>\u00a0Gian Carlo Loffredo<\/b>, reafirm\u00f3 el compromiso del Estado de darle a los delincuentes\u00a0<b>\u00ablo \u00fanico que se merecen, la c\u00e1rcel o el infierno\u00bb.<\/b><\/p>\n<p class=\"p_7\">Nunca m\u00e1s un narcoterrorista vivir\u00e1 de fiesta. El Bloque de Seguridad vuelve a hacer su trabajo. Alias \u00abCelso\u00bb, quien fue recordado por esa narcofiesta que indign\u00f3 al pa\u00eds entero, ha sido una vez m\u00e1s capturado. \u00c9l crey\u00f3 que se pod\u00eda burlar de la Justicia, pero ahora la enfrenta nuevamente.<\/p>\n<\/div>\n<div class=\"paragraph texto\">\n<p class=\"p_8\">Loffredo agreg\u00f3 que,\u00a0<b>\u00abcomo es costumbre\u00bb<\/b>, Moreira fue liberado al resultar favorecido por una resoluci\u00f3n judicial d\u00edas despu\u00e9s de ser capturado en mayo del 2024, criticando el accionar de jueces y expresando esperar un cambio. <strong>Fuente: Vistazo<\/strong><\/p>\n<\/div>\n","protected":false},"excerpt":{"rendered":"<p>Este lunes 8 de septiembre\u00a0Celso Moreira, alias &#8216;Celso&#8217; fue recapturado por el Bloque de Seguridad en el sector de San Jacinto, en el cant\u00f3n Sucre, provincia de Manab\u00ed. El Ministerio del Interior hizo el anunci\u00f3 y comunic\u00f3 que otros cinco presuntos delincuentes tambi\u00e9n fueron detenidos. \u00abLlamado el\u00a0\u201cl\u00edder invisible\u201d de Los Choneros, Celso Moreira Heredia, alias \u201cEl Patucho Celso\u201d, ha construido su poder desde las sombras: sin ser la cara visible de la organizaci\u00f3n,\u00a0mov\u00eda hilos claves en la estructura criminal, controlando operaciones y alianzas,\u00a0manteni\u00e9ndose oculto tras lujos, excesos y una fachada de fiesta y opulencia\u00ab, dice el comunicado de las fuerzas del orden. Las autoridades recordaron que Moreira fue capturado en mayo de 2024 en una denominada\u00a0narcofiesta\u00a0en V\u00eda a la Costa, Guayaquil. No obstante, al mes siguiente, fue\u00a0liberado con medidas sustitutivas. Fotograf\u00eda tomada durante la irrupci\u00f3n en la narcofiesta referida, en una finca ubicada en la V\u00eda a la Costa, a las afueras de Guayaquil. Celso Miguel Moreira, l\u00edder de \u00abLos Choneros\u00bb (I-2); y Federico G\u00f3mez, alias \u2018Fede\u2019, l\u00edder de \u201cLos \u00c1guilas\u201d (I-1) aparecen en la foto esposados.\u00a0(Polic\u00eda Nacional) El Ministerio de Defensa detall\u00f3 que Moreira, quien ya ha sido procesado por delitos como crimen organizado y tr\u00e1fico il\u00edcito de drogas, fue descubierto en esta ocasi\u00f3n\u00a0en posesi\u00f3n de armas de fuego sin la debida autorizaci\u00f3n legal. \u00abJunto a \u00e9l fueron detenidos\u00a0cinco presuntos delincuentes que se encontraban ingiriendo bebidas alcoh\u00f3licas en la v\u00eda p\u00fablica\u00ab, precis\u00f3 la cartera de Estado, publicando im\u00e1genes en las que se observa a los sujetos bajo custodia de la Fuerza P\u00fablica. Ministro de Defensa de pronuncia sobre captura En una rueda de prensa organizada luego de la captura del cabecilla, el titular de la cartera de Defensa,\u00a0Gian Carlo Loffredo, reafirm\u00f3 el compromiso del Estado de darle a los delincuentes\u00a0\u00ablo \u00fanico que se merecen, la c\u00e1rcel o el infierno\u00bb. Nunca m\u00e1s un narcoterrorista vivir\u00e1 de fiesta. El Bloque de Seguridad vuelve a hacer su trabajo. Alias \u00abCelso\u00bb, quien fue recordado por esa narcofiesta que indign\u00f3 al pa\u00eds entero, ha sido una vez m\u00e1s capturado. \u00c9l crey\u00f3 que se pod\u00eda burlar de la Justicia, pero ahora la enfrenta nuevamente. Loffredo agreg\u00f3 que,\u00a0\u00abcomo es costumbre\u00bb, Moreira fue liberado al resultar favorecido por una resoluci\u00f3n judicial d\u00edas despu\u00e9s de ser capturado en mayo del 2024, criticando el accionar de jueces y expresando esperar un cambio. Fuente: Vistazo<\/p>\n","protected":false},"author":1,"featured_media":26173,"comment_status":"closed","ping_status":"closed","sticky":false,"template":"","format":"standard","meta":{"footnotes":""},"categories":[268],"tags":[],"class_list":["post-26172","post","type-post","status-publish","format-standard","has-post-thumbnail","hentry","category-nacionales"],"_links":{"self":[{"href":"https:\/\/www.elamazonico.com\/portal\/wp-json\/wp\/v2\/posts\/26172","targetHints":{"allow":["GET"]}}],"collection":[{"href":"https:\/\/www.elamazonico.com\/portal\/wp-json\/wp\/v2\/posts"}],"about":[{"href":"https:\/\/www.elamazonico.com\/portal\/wp-json\/wp\/v2\/types\/post"}],"author":[{"embeddable":true,"href":"https:\/\/www.elamazonico.com\/portal\/wp-json\/wp\/v2\/users\/1"}],"replies":[{"embeddable":true,"href":"https:\/\/www.elamazonico.com\/portal\/wp-json\/wp\/v2\/comments?post=26172"}],"version-history":[{"count":1,"href":"https:\/\/www.elamazonico.com\/portal\/wp-json\/wp\/v2\/posts\/26172\/revisions"}],"predecessor-version":[{"id":26174,"href":"https:\/\/www.elamazonico.com\/portal\/wp-json\/wp\/v2\/posts\/26172\/revisions\/26174"}],"wp:featuredmedia":[{"embeddable":true,"href":"https:\/\/www.elamazonico.com\/portal\/wp-json\/wp\/v2\/media\/26173"}],"wp:attachment":[{"href":"https:\/\/www.elamazonico.com\/portal\/wp-json\/wp\/v2\/media?parent=26172"}],"wp:term":[{"taxonomy":"category","embeddable":true,"href":"https:\/\/www.elamazonico.com\/portal\/wp-json\/wp\/v2\/categories?post=26172"},{"taxonomy":"post_tag","embeddable":true,"href":"https:\/\/www.elamazonico.com\/portal\/wp-json\/wp\/v2\/tags?post=26172"}],"curies":[{"name":"wp","href":"https:\/\/api.w.org\/{rel}","templated":true}]}}