{"id":26165,"date":"2025-09-09T04:15:26","date_gmt":"2025-09-09T09:15:26","guid":{"rendered":"https:\/\/www.elamazonico.com\/portal\/?p=26165"},"modified":"2025-09-09T07:20:54","modified_gmt":"2025-09-09T12:20:54","slug":"colectivo-por-el-hospital-de-zamora-exige-respuestas-y-convoca-a-movilizacion-ciudadana","status":"publish","type":"post","link":"https:\/\/www.elamazonico.com\/portal\/colectivo-por-el-hospital-de-zamora-exige-respuestas-y-convoca-a-movilizacion-ciudadana\/","title":{"rendered":"Colectivo por el Hospital de Zamora exige respuestas y convoca a movilizaci\u00f3n ciudadana"},"content":{"rendered":"<p>Smilcar Rodr\u00edguez, representante del Colectivo por el Hospital de Zamora, emiti\u00f3 una valoraci\u00f3n p\u00fablica sobre los resultados de la Asamblea Provincial realizada el pasado 3 de agosto en la parroquia de Panguintza, en la cual la ciudadan\u00eda plante\u00f3 resoluciones y demandas urgentes dirigidas al Gobierno Nacional y a las autoridades locales.<\/p>\n<p>Rodr\u00edguez record\u00f3 que hist\u00f3ricamente las grandes obras del pa\u00eds se han concretado a trav\u00e9s de la organizaci\u00f3n social, la minga y la exigencia ciudadana, e hizo un llamado a retomar ese esp\u00edritu de unidad y gesti\u00f3n colectiva. En su intervenci\u00f3n cuestion\u00f3 la pasividad actual de la poblaci\u00f3n, que, seg\u00fan afirm\u00f3, ha influido en la falta de respuesta por parte de las autoridades.<\/p>\n<p>En este contexto, el dirigente se\u00f1al\u00f3 que las resoluciones de la Asamblea Provincial fueron entregadas a la Gobernaci\u00f3n el 9 de agosto y posteriormente, el 18 del mismo mes, se hizo llegar de manera oficial al Gobierno Nacional. Sin embargo, hasta la fecha no se ha recibido respuesta ni convocatoria para establecer la mesa de trabajo solicitada, lo cual, seg\u00fan indic\u00f3, demuestra falta de compromiso frente a problem\u00e1ticas estructurales como:<br \/>\n\u2022 La crisis del Hospital General de Zamora, con carencia de medicinas, despido de personal m\u00e9dico y ausencia de ambulancias.<br \/>\n\u2022 La exigencia de una universidad para la provincia.<br \/>\n\u2022 La mejora de la vialidad en tramos estrat\u00e9gicos como Zamora\u2013Loja, el paso lateral y el cuarto eje vial.<br \/>\n\u2022 La atenci\u00f3n integral a comunidades afectadas por el invierno y la actividad minera.<br \/>\n\u2022 La regularizaci\u00f3n minera en sectores hist\u00f3ricos como Nambija y Chinapintza.<\/p>\n<p>Asimismo, advirti\u00f3 sobre la intenci\u00f3n de mantener la dependencia administrativa de la Zonal 7 en Loja, lo que , en sus palabras \u201cseguir\u00eda relegando a Zamora Chinchipe a ser patio trasero en materia de gesti\u00f3n sanitaria\u201d. Frente a esta situaci\u00f3n, Rodr\u00edguez anunci\u00f3 que el Colectivo, junto a diversas organizaciones sociales y gremiales, ha convocado a una marcha provincial el pr\u00f3ximo jueves 11 de septiembre en Zamora, como medida de exigencia y defensa de los derechos ciudadanos. Esta movilizaci\u00f3n se enmarca tambi\u00e9n en la jornada nacional que impulsa el Frente Unitario de Trabajadores (FUT), la Uni\u00f3n Nacional de Educadores (UNE) y otras agrupaciones.<\/p>\n<p>\u201cEl pueblo merece respeto, atenci\u00f3n y obras que dignifiquen la vida de nuestros ciudadanos. No pedimos privilegios, exigimos que se cumpla lo ofrecido por el Presidente y sus ministros. La salud, la educaci\u00f3n, la vialidad y la seguridad deben ser prioridad nacional\u201d, enfatiz\u00f3 Rodr\u00edguez.<br \/>\nFinalmente, expres\u00f3 su reconocimiento a los medios de comunicaci\u00f3n locales por abrir espacios de di\u00e1logo que permiten visibilizar las demandas colectivas, recordando que la Constituci\u00f3n y la Ley de Participaci\u00f3n Ciudadana respaldan el derecho del pueblo a organizarse y reclamar de manera pac\u00edfica por el cumplimiento de sus derechos.<\/p>\n","protected":false},"excerpt":{"rendered":"<p>Smilcar Rodr\u00edguez, representante del Colectivo por el Hospital de Zamora, emiti\u00f3 una valoraci\u00f3n p\u00fablica sobre los resultados de la Asamblea Provincial realizada el pasado 3 de agosto en la parroquia de Panguintza, en la cual la ciudadan\u00eda plante\u00f3 resoluciones y demandas urgentes dirigidas al Gobierno Nacional y a las autoridades locales. Rodr\u00edguez record\u00f3 que hist\u00f3ricamente las grandes obras del pa\u00eds se han concretado a trav\u00e9s de la organizaci\u00f3n social, la minga y la exigencia ciudadana, e hizo un llamado a retomar ese esp\u00edritu de unidad y gesti\u00f3n colectiva. En su intervenci\u00f3n cuestion\u00f3 la pasividad actual de la poblaci\u00f3n, que, seg\u00fan afirm\u00f3, ha influido en la falta de respuesta por parte de las autoridades. En este contexto, el dirigente se\u00f1al\u00f3 que las resoluciones de la Asamblea Provincial fueron entregadas a la Gobernaci\u00f3n el 9 de agosto y posteriormente, el 18 del mismo mes, se hizo llegar de manera oficial al Gobierno Nacional. Sin embargo, hasta la fecha no se ha recibido respuesta ni convocatoria para establecer la mesa de trabajo solicitada, lo cual, seg\u00fan indic\u00f3, demuestra falta de compromiso frente a problem\u00e1ticas estructurales como: \u2022 La crisis del Hospital General de Zamora, con carencia de medicinas, despido de personal m\u00e9dico y ausencia de ambulancias. \u2022 La exigencia de una universidad para la provincia. \u2022 La mejora de la vialidad en tramos estrat\u00e9gicos como Zamora\u2013Loja, el paso lateral y el cuarto eje vial. \u2022 La atenci\u00f3n integral a comunidades afectadas por el invierno y la actividad minera. \u2022 La regularizaci\u00f3n minera en sectores hist\u00f3ricos como Nambija y Chinapintza. Asimismo, advirti\u00f3 sobre la intenci\u00f3n de mantener la dependencia administrativa de la Zonal 7 en Loja, lo que , en sus palabras \u201cseguir\u00eda relegando a Zamora Chinchipe a ser patio trasero en materia de gesti\u00f3n sanitaria\u201d. Frente a esta situaci\u00f3n, Rodr\u00edguez anunci\u00f3 que el Colectivo, junto a diversas organizaciones sociales y gremiales, ha convocado a una marcha provincial el pr\u00f3ximo jueves 11 de septiembre en Zamora, como medida de exigencia y defensa de los derechos ciudadanos. Esta movilizaci\u00f3n se enmarca tambi\u00e9n en la jornada nacional que impulsa el Frente Unitario de Trabajadores (FUT), la Uni\u00f3n Nacional de Educadores (UNE) y otras agrupaciones. \u201cEl pueblo merece respeto, atenci\u00f3n y obras que dignifiquen la vida de nuestros ciudadanos. No pedimos privilegios, exigimos que se cumpla lo ofrecido por el Presidente y sus ministros. La salud, la educaci\u00f3n, la vialidad y la seguridad deben ser prioridad nacional\u201d, enfatiz\u00f3 Rodr\u00edguez. Finalmente, expres\u00f3 su reconocimiento a los medios de comunicaci\u00f3n locales por abrir espacios de di\u00e1logo que permiten visibilizar las demandas colectivas, recordando que la Constituci\u00f3n y la Ley de Participaci\u00f3n Ciudadana respaldan el derecho del pueblo a organizarse y reclamar de manera pac\u00edfica por el cumplimiento de sus derechos.<\/p>\n","protected":false},"author":1,"featured_media":26166,"comment_status":"closed","ping_status":"closed","sticky":false,"template":"","format":"standard","meta":{"footnotes":""},"categories":[243],"tags":[],"class_list":["post-26165","post","type-post","status-publish","format-standard","has-post-thumbnail","hentry","category-noticias-zamora"],"_links":{"self":[{"href":"https:\/\/www.elamazonico.com\/portal\/wp-json\/wp\/v2\/posts\/26165","targetHints":{"allow":["GET"]}}],"collection":[{"href":"https:\/\/www.elamazonico.com\/portal\/wp-json\/wp\/v2\/posts"}],"about":[{"href":"https:\/\/www.elamazonico.com\/portal\/wp-json\/wp\/v2\/types\/post"}],"author":[{"embeddable":true,"href":"https:\/\/www.elamazonico.com\/portal\/wp-json\/wp\/v2\/users\/1"}],"replies":[{"embeddable":true,"href":"https:\/\/www.elamazonico.com\/portal\/wp-json\/wp\/v2\/comments?post=26165"}],"version-history":[{"count":2,"href":"https:\/\/www.elamazonico.com\/portal\/wp-json\/wp\/v2\/posts\/26165\/revisions"}],"predecessor-version":[{"id":26182,"href":"https:\/\/www.elamazonico.com\/portal\/wp-json\/wp\/v2\/posts\/26165\/revisions\/26182"}],"wp:featuredmedia":[{"embeddable":true,"href":"https:\/\/www.elamazonico.com\/portal\/wp-json\/wp\/v2\/media\/26166"}],"wp:attachment":[{"href":"https:\/\/www.elamazonico.com\/portal\/wp-json\/wp\/v2\/media?parent=26165"}],"wp:term":[{"taxonomy":"category","embeddable":true,"href":"https:\/\/www.elamazonico.com\/portal\/wp-json\/wp\/v2\/categories?post=26165"},{"taxonomy":"post_tag","embeddable":true,"href":"https:\/\/www.elamazonico.com\/portal\/wp-json\/wp\/v2\/tags?post=26165"}],"curies":[{"name":"wp","href":"https:\/\/api.w.org\/{rel}","templated":true}]}}