{"id":26162,"date":"2025-09-08T15:56:19","date_gmt":"2025-09-08T20:56:19","guid":{"rendered":"https:\/\/www.elamazonico.com\/portal\/?p=26162"},"modified":"2025-09-08T15:56:19","modified_gmt":"2025-09-08T20:56:19","slug":"renato-ortuno-sera-el-segundo-ecuatoriano-en-acceder-a-la-eutanasia-tras-sobrevivir-a-sicariato-en-quito","status":"publish","type":"post","link":"https:\/\/www.elamazonico.com\/portal\/renato-ortuno-sera-el-segundo-ecuatoriano-en-acceder-a-la-eutanasia-tras-sobrevivir-a-sicariato-en-quito\/","title":{"rendered":"Renato Ortu\u00f1o ser\u00e1 el segundo ecuatoriano en acceder a la eutanasia, tras sobrevivir a sicariato en Quito"},"content":{"rendered":"<p>El 23 de junio de 2023,\u00a0Carlos Renato Ortu\u00f1o fue v\u00edctima de un intento de sicariato en las inmediaciones del Edificio de la Bolsa de Valores de Quito. Como consecuencia del atentado, el abogado qued\u00f3 con un 98% de discapacidad y solicit\u00f3 la aplicaci\u00f3n de la eutanasia.<\/p>\n<p>Luego de varias semanas de espera, el 8 de septiembre de 2025, el Instituto Ecuatoriano de Seguridad Social (IESS) inform\u00f3 a Ortu\u00f1o que solicitud de eutanasia fue acogida favorablemente.<\/p>\n<p>Entre el 14 de agosto y el 2 de septiembre de 2025, el Comit\u00e9\u00a0Interdisciplinario para resolver la Aplicaci\u00f3n de la Eutanasia Activa Voluntaria y\u00a0Avoluntaria del IESS se reuni\u00f3 tres veces para analizar el caso de Ortu\u00f1o.<\/p>\n<p>Y, finalmente, el 8 de septiembre esta instancia emiti\u00f3 la resoluci\u00f3n: \u00abAcoger de manera favorable la solicitud de aplicaci\u00f3n al procedimiento de eutanasia activa voluntaria\u00bb.<\/p>\n<p><strong>El caso de Carlos Renato Ortu\u00f1o<\/strong><br \/>\nEl 23 de junio de 2023, como todos los d\u00edas, Ortu\u00f1o tom\u00f3 su veh\u00edculo y sali\u00f3 de su casa -en una urbanizaci\u00f3n del Valle de Los Chillos- rumbo a su oficina en el sector de La Mariscal, en el centro norte de Quito.<\/p>\n<p>Pero, desde el inicio el trayecto\u00a0fue extra\u00f1o. Apenas sali\u00f3 de su urbanizaci\u00f3n, detr\u00e1s de \u00e9l salieron dos veh\u00edculos. Uno era de uno de sus vecinos y el otro era un autom\u00f3vil gris, que circulaba con una velocidad y una agresividad fuera de lo normal.<\/p>\n<p>Ortu\u00f1o se dio cuenta de que, en todo el camino este autom\u00f3vil ven\u00eda atr\u00e1s suyo, a unos cuatro veh\u00edculos de distancia. Eso le caus\u00f3 algo de preocupaci\u00f3n, pero continu\u00f3 por su ruta habitual hasta la calle Jer\u00f3nimo Carri\u00f3n, en d\u00f3nde est\u00e1 el ingreso a su oficina, en el edificio de la Bolsa de Valores de Quito.<\/p>\n<p>Cuando se estacion\u00f3 en la puerta del garaje, Ortu\u00f1o deb\u00eda esperar unos segundos hasta que el guardia de seguridad abriera la puerta. Pero en esos instantes el veh\u00edculo gris que lo ven\u00eda siguiendo fren\u00f3 a raya, se bajaron dos personas armadas y lo dispararon varias veces.<\/p>\n<p>Los proyectiles causaron en su cabeza, cuello y v\u00e9rtebras le causaron una cuadriplej\u00eda. Es decir, perdi\u00f3 la movilidad en sus extremidades y recibi\u00f3 una diagn\u00f3stico de discapacidad f\u00edsica del 98%.<\/p>\n<p><img decoding=\"async\" src=\"https:\/\/imagenes.primicias.ec\/files\/content_image_simple_414_238\/uploads\/2025\/07\/18\/687a7ddb7db26.jpeg\" alt=\"thumb\" \/><br \/>\nEn los dos a\u00f1os posteriores, Ortu\u00f1o -junto a su esposa- intentaron varios tratamientos m\u00e9dicos en M\u00e9xico, Colombia y Ecuador, para intentar la recuperaci\u00f3n de parte de su movilidad. Pero estos no fueron efectivos, mientras que el dolor segu\u00eda empeorando y siendo m\u00e1s constante.<\/p>\n<p>Entonces, a inicios de julio de 2025, Carlos Renato Ortu\u00f1o present\u00f3 oficialmente la solicitud de aplicaci\u00f3n de la eutanasia.<\/p>\n<p><strong>La eutanasia en Ecuador<\/strong><br \/>\nEn Ecuador la eutanasia fue despenalizada el 7 de febrero de 2024, tras una hist\u00f3rica sentencia de la Corte Constitucional\u00a0(CC).<\/p>\n<p>Paola Rold\u00e1n, una mujer que padec\u00eda esclerosis lateral amiotr\u00f3fica (ELA), fue quien luch\u00f3 y logr\u00f3 la despenalizaci\u00f3n luego de un largo proceso legal ante la CC. Rold\u00e1n muri\u00f3 la tarde del 11 de marzo de 2024, sin la aplicaci\u00f3n de la eutanasia.<\/p>\n<p>Pero tras esa decisi\u00f3n de la Corte, el 8 de mayo de 2025, Ecuador registr\u00f3 el primer caso oficial de eutanasia ejecutada en su territorio. El procedimiento, pedido voluntariamente por la paciente, se realiz\u00f3 en Guayaquil, en el domicilio de una mujer que padec\u00eda de c\u00e1ncer en estado avanzado.\u00a0<strong> Fuente: Primicias<\/strong><\/p>\n","protected":false},"excerpt":{"rendered":"<p>El 23 de junio de 2023,\u00a0Carlos Renato Ortu\u00f1o fue v\u00edctima de un intento de sicariato en las inmediaciones del Edificio de la Bolsa de Valores de Quito. Como consecuencia del atentado, el abogado qued\u00f3 con un 98% de discapacidad y solicit\u00f3 la aplicaci\u00f3n de la eutanasia. Luego de varias semanas de espera, el 8 de septiembre de 2025, el Instituto Ecuatoriano de Seguridad Social (IESS) inform\u00f3 a Ortu\u00f1o que solicitud de eutanasia fue acogida favorablemente. Entre el 14 de agosto y el 2 de septiembre de 2025, el Comit\u00e9\u00a0Interdisciplinario para resolver la Aplicaci\u00f3n de la Eutanasia Activa Voluntaria y\u00a0Avoluntaria del IESS se reuni\u00f3 tres veces para analizar el caso de Ortu\u00f1o. Y, finalmente, el 8 de septiembre esta instancia emiti\u00f3 la resoluci\u00f3n: \u00abAcoger de manera favorable la solicitud de aplicaci\u00f3n al procedimiento de eutanasia activa voluntaria\u00bb. El caso de Carlos Renato Ortu\u00f1o El 23 de junio de 2023, como todos los d\u00edas, Ortu\u00f1o tom\u00f3 su veh\u00edculo y sali\u00f3 de su casa -en una urbanizaci\u00f3n del Valle de Los Chillos- rumbo a su oficina en el sector de La Mariscal, en el centro norte de Quito. Pero, desde el inicio el trayecto\u00a0fue extra\u00f1o. Apenas sali\u00f3 de su urbanizaci\u00f3n, detr\u00e1s de \u00e9l salieron dos veh\u00edculos. Uno era de uno de sus vecinos y el otro era un autom\u00f3vil gris, que circulaba con una velocidad y una agresividad fuera de lo normal. Ortu\u00f1o se dio cuenta de que, en todo el camino este autom\u00f3vil ven\u00eda atr\u00e1s suyo, a unos cuatro veh\u00edculos de distancia. Eso le caus\u00f3 algo de preocupaci\u00f3n, pero continu\u00f3 por su ruta habitual hasta la calle Jer\u00f3nimo Carri\u00f3n, en d\u00f3nde est\u00e1 el ingreso a su oficina, en el edificio de la Bolsa de Valores de Quito. Cuando se estacion\u00f3 en la puerta del garaje, Ortu\u00f1o deb\u00eda esperar unos segundos hasta que el guardia de seguridad abriera la puerta. Pero en esos instantes el veh\u00edculo gris que lo ven\u00eda siguiendo fren\u00f3 a raya, se bajaron dos personas armadas y lo dispararon varias veces. Los proyectiles causaron en su cabeza, cuello y v\u00e9rtebras le causaron una cuadriplej\u00eda. Es decir, perdi\u00f3 la movilidad en sus extremidades y recibi\u00f3 una diagn\u00f3stico de discapacidad f\u00edsica del 98%. En los dos a\u00f1os posteriores, Ortu\u00f1o -junto a su esposa- intentaron varios tratamientos m\u00e9dicos en M\u00e9xico, Colombia y Ecuador, para intentar la recuperaci\u00f3n de parte de su movilidad. Pero estos no fueron efectivos, mientras que el dolor segu\u00eda empeorando y siendo m\u00e1s constante. Entonces, a inicios de julio de 2025, Carlos Renato Ortu\u00f1o present\u00f3 oficialmente la solicitud de aplicaci\u00f3n de la eutanasia. La eutanasia en Ecuador En Ecuador la eutanasia fue despenalizada el 7 de febrero de 2024, tras una hist\u00f3rica sentencia de la Corte Constitucional\u00a0(CC). Paola Rold\u00e1n, una mujer que padec\u00eda esclerosis lateral amiotr\u00f3fica (ELA), fue quien luch\u00f3 y logr\u00f3 la despenalizaci\u00f3n luego de un largo proceso legal ante la CC. Rold\u00e1n muri\u00f3 la tarde del 11 de marzo de 2024, sin la aplicaci\u00f3n de la eutanasia. Pero tras esa decisi\u00f3n de la Corte, el 8 de mayo de 2025, Ecuador registr\u00f3 el primer caso oficial de eutanasia ejecutada en su territorio. El procedimiento, pedido voluntariamente por la paciente, se realiz\u00f3 en Guayaquil, en el domicilio de una mujer que padec\u00eda de c\u00e1ncer en estado avanzado.\u00a0 Fuente: Primicias<\/p>\n","protected":false},"author":1,"featured_media":26163,"comment_status":"closed","ping_status":"closed","sticky":false,"template":"","format":"standard","meta":{"footnotes":""},"categories":[268],"tags":[],"class_list":["post-26162","post","type-post","status-publish","format-standard","has-post-thumbnail","hentry","category-nacionales"],"_links":{"self":[{"href":"https:\/\/www.elamazonico.com\/portal\/wp-json\/wp\/v2\/posts\/26162","targetHints":{"allow":["GET"]}}],"collection":[{"href":"https:\/\/www.elamazonico.com\/portal\/wp-json\/wp\/v2\/posts"}],"about":[{"href":"https:\/\/www.elamazonico.com\/portal\/wp-json\/wp\/v2\/types\/post"}],"author":[{"embeddable":true,"href":"https:\/\/www.elamazonico.com\/portal\/wp-json\/wp\/v2\/users\/1"}],"replies":[{"embeddable":true,"href":"https:\/\/www.elamazonico.com\/portal\/wp-json\/wp\/v2\/comments?post=26162"}],"version-history":[{"count":1,"href":"https:\/\/www.elamazonico.com\/portal\/wp-json\/wp\/v2\/posts\/26162\/revisions"}],"predecessor-version":[{"id":26164,"href":"https:\/\/www.elamazonico.com\/portal\/wp-json\/wp\/v2\/posts\/26162\/revisions\/26164"}],"wp:featuredmedia":[{"embeddable":true,"href":"https:\/\/www.elamazonico.com\/portal\/wp-json\/wp\/v2\/media\/26163"}],"wp:attachment":[{"href":"https:\/\/www.elamazonico.com\/portal\/wp-json\/wp\/v2\/media?parent=26162"}],"wp:term":[{"taxonomy":"category","embeddable":true,"href":"https:\/\/www.elamazonico.com\/portal\/wp-json\/wp\/v2\/categories?post=26162"},{"taxonomy":"post_tag","embeddable":true,"href":"https:\/\/www.elamazonico.com\/portal\/wp-json\/wp\/v2\/tags?post=26162"}],"curies":[{"name":"wp","href":"https:\/\/api.w.org\/{rel}","templated":true}]}}