{"id":26156,"date":"2025-09-08T15:30:32","date_gmt":"2025-09-08T20:30:32","guid":{"rendered":"https:\/\/www.elamazonico.com\/portal\/?p=26156"},"modified":"2025-09-08T15:30:32","modified_gmt":"2025-09-08T20:30:32","slug":"marcha-de-daniel-noboa-este-es-el-itinerario-de-la-movilizacion-ciudadana-en-guayaquil","status":"publish","type":"post","link":"https:\/\/www.elamazonico.com\/portal\/marcha-de-daniel-noboa-este-es-el-itinerario-de-la-movilizacion-ciudadana-en-guayaquil\/","title":{"rendered":"Marcha de Daniel Noboa: este es el itinerario de la movilizaci\u00f3n ciudadana en Guayaquil"},"content":{"rendered":"<p class=\"p_0\">El presidente de la Rep\u00fablica,\u00a0<b><a href=\"https:\/\/www.vistazo.com\/cronologia\/-\/meta\/daniel-noboa\" target=\"_blank\" rel=\"noopener noreferrer\">Daniel Noboa<\/a><\/b>, ya tiene definida la hora y el punto de encuentro de la\u00a0<b>marcha\u00a0<\/b>\u2018por la seguridad y la paz\u2019, convocada para este jueves 11 de septiembre. Ser\u00e1 la segunda movilizaci\u00f3n que encabeza; la primera se realiz\u00f3 hace un mes en\u00a0<b>Quito\u00a0<\/b>y ahora tendr\u00e1 lugar en\u00a0<b>Guayaquil<\/b>.<\/p>\n<p class=\"p_1\"><b>Consulta popular 2025:\u00a0<a href=\"https:\/\/www.vistazo.com\/politica\/nacional\/2025-09-08-consulta-popular-gobierno-enviara-nuevas-preguntas-corte-constitucional-KG10073889\" target=\"_blank\" rel=\"noopener noreferrer\">Gobierno enviar\u00e1 nuevas preguntas a la Corte Constitucional<\/a><\/b><\/p>\n<p class=\"p_2\">Noboa ha convocado a la\u00a0<b>ciudadan\u00eda\u00a0<\/b>a una movilizaci\u00f3n para expresar, \u00abde manera firme y pac\u00edfica, el compromiso de Ecuador con la paz, la justicia, valores fundamentales para la convivencia democr\u00e1tica y el fortalecimiento del Estado de derecho\u00bb.<\/p>\n<p class=\"p_3\">Este lunes 8 de septiembre, la vocera de Carondelet,\u00a0<b>Carolina Jaramillo<\/b>, ratific\u00f3 que el objetivo de la manifestaci\u00f3n es promover \u00abla paz, la justicia y la seguridad\u00bb, y se\u00f1al\u00f3 que no distingue \u00abninguna bandera pol\u00edtica ni ninguna ideolog\u00eda\u00bb.<\/p>\n<div class=\"Center2Display\">\n<div id=\"Center2\">La marcha comenzar\u00e1 a las 09:00 en la calle Olmedo, avanzar\u00e1 por la <b>avenida 9 de Octubr<\/b>e y finalizar\u00e1 en el\u00a0<b>Malec\u00f3n<\/b>, en pleno centro de Guayaquil.<\/div>\n<\/div>\n<p class=\"p_6\">En agosto pasado, Noboa lider\u00f3 otra marcha en rechazo a la decisi\u00f3n de la\u00a0<b>Corte Constitucional<\/b>\u00a0(CC) de suspender parcialmente las leyes econ\u00f3micas urgentes de Inteligencia, Solidaridad e Integridad P\u00fablica.<\/p>\n<p class=\"p_7\">Precisamente, el Alto Comisionado de las Naciones Unidas para los Derechos Humanos, Volker T\u00fcrk, lanz\u00f3 este lunes una dura cr\u00edtica al Gobierno de Noboa por los recientes se\u00f1alamientos contra la CC y expres\u00f3 su preocupaci\u00f3n frente a las leyes econ\u00f3micas urgentes aprobadas en las \u00faltimas semanas.<\/p>\n<p class=\"p_8\">En su intervenci\u00f3n en el 60\u00ba per\u00edodo de sesiones del Consejo de Derechos Humanos, T\u00fcrk incluy\u00f3 a Ecuador entre las situaciones que generan mayor preocupaci\u00f3n a nivel mundial.<\/p>\n<p class=\"p_9\">El funcionario de la ONU alert\u00f3 que las reformas recientes podr\u00edan \u201creducir la rendici\u00f3n de cuentas de las fuerzas del orden, ampliar las facultades de los servicios de inteligencia y disminuir el espacio c\u00edvico\u201d.\u00a0<u>\u201cEl ataque a la Corte Constitucional es inaceptable<\/u>\u201d, concluy\u00f3 T\u00fcrk en su intervenci\u00f3n. <strong>Fuente: Vistazo<\/strong><\/p>\n","protected":false},"excerpt":{"rendered":"<p>El presidente de la Rep\u00fablica,\u00a0Daniel Noboa, ya tiene definida la hora y el punto de encuentro de la\u00a0marcha\u00a0\u2018por la seguridad y la paz\u2019, convocada para este jueves 11 de septiembre. Ser\u00e1 la segunda movilizaci\u00f3n que encabeza; la primera se realiz\u00f3 hace un mes en\u00a0Quito\u00a0y ahora tendr\u00e1 lugar en\u00a0Guayaquil. Consulta popular 2025:\u00a0Gobierno enviar\u00e1 nuevas preguntas a la Corte Constitucional Noboa ha convocado a la\u00a0ciudadan\u00eda\u00a0a una movilizaci\u00f3n para expresar, \u00abde manera firme y pac\u00edfica, el compromiso de Ecuador con la paz, la justicia, valores fundamentales para la convivencia democr\u00e1tica y el fortalecimiento del Estado de derecho\u00bb. Este lunes 8 de septiembre, la vocera de Carondelet,\u00a0Carolina Jaramillo, ratific\u00f3 que el objetivo de la manifestaci\u00f3n es promover \u00abla paz, la justicia y la seguridad\u00bb, y se\u00f1al\u00f3 que no distingue \u00abninguna bandera pol\u00edtica ni ninguna ideolog\u00eda\u00bb. La marcha comenzar\u00e1 a las 09:00 en la calle Olmedo, avanzar\u00e1 por la avenida 9 de Octubre y finalizar\u00e1 en el\u00a0Malec\u00f3n, en pleno centro de Guayaquil. En agosto pasado, Noboa lider\u00f3 otra marcha en rechazo a la decisi\u00f3n de la\u00a0Corte Constitucional\u00a0(CC) de suspender parcialmente las leyes econ\u00f3micas urgentes de Inteligencia, Solidaridad e Integridad P\u00fablica. Precisamente, el Alto Comisionado de las Naciones Unidas para los Derechos Humanos, Volker T\u00fcrk, lanz\u00f3 este lunes una dura cr\u00edtica al Gobierno de Noboa por los recientes se\u00f1alamientos contra la CC y expres\u00f3 su preocupaci\u00f3n frente a las leyes econ\u00f3micas urgentes aprobadas en las \u00faltimas semanas. En su intervenci\u00f3n en el 60\u00ba per\u00edodo de sesiones del Consejo de Derechos Humanos, T\u00fcrk incluy\u00f3 a Ecuador entre las situaciones que generan mayor preocupaci\u00f3n a nivel mundial. El funcionario de la ONU alert\u00f3 que las reformas recientes podr\u00edan \u201creducir la rendici\u00f3n de cuentas de las fuerzas del orden, ampliar las facultades de los servicios de inteligencia y disminuir el espacio c\u00edvico\u201d.\u00a0\u201cEl ataque a la Corte Constitucional es inaceptable\u201d, concluy\u00f3 T\u00fcrk en su intervenci\u00f3n. Fuente: Vistazo<\/p>\n","protected":false},"author":1,"featured_media":26157,"comment_status":"closed","ping_status":"closed","sticky":false,"template":"","format":"standard","meta":{"footnotes":""},"categories":[268],"tags":[],"class_list":["post-26156","post","type-post","status-publish","format-standard","has-post-thumbnail","hentry","category-nacionales"],"_links":{"self":[{"href":"https:\/\/www.elamazonico.com\/portal\/wp-json\/wp\/v2\/posts\/26156","targetHints":{"allow":["GET"]}}],"collection":[{"href":"https:\/\/www.elamazonico.com\/portal\/wp-json\/wp\/v2\/posts"}],"about":[{"href":"https:\/\/www.elamazonico.com\/portal\/wp-json\/wp\/v2\/types\/post"}],"author":[{"embeddable":true,"href":"https:\/\/www.elamazonico.com\/portal\/wp-json\/wp\/v2\/users\/1"}],"replies":[{"embeddable":true,"href":"https:\/\/www.elamazonico.com\/portal\/wp-json\/wp\/v2\/comments?post=26156"}],"version-history":[{"count":1,"href":"https:\/\/www.elamazonico.com\/portal\/wp-json\/wp\/v2\/posts\/26156\/revisions"}],"predecessor-version":[{"id":26158,"href":"https:\/\/www.elamazonico.com\/portal\/wp-json\/wp\/v2\/posts\/26156\/revisions\/26158"}],"wp:featuredmedia":[{"embeddable":true,"href":"https:\/\/www.elamazonico.com\/portal\/wp-json\/wp\/v2\/media\/26157"}],"wp:attachment":[{"href":"https:\/\/www.elamazonico.com\/portal\/wp-json\/wp\/v2\/media?parent=26156"}],"wp:term":[{"taxonomy":"category","embeddable":true,"href":"https:\/\/www.elamazonico.com\/portal\/wp-json\/wp\/v2\/categories?post=26156"},{"taxonomy":"post_tag","embeddable":true,"href":"https:\/\/www.elamazonico.com\/portal\/wp-json\/wp\/v2\/tags?post=26156"}],"curies":[{"name":"wp","href":"https:\/\/api.w.org\/{rel}","templated":true}]}}