{"id":26145,"date":"2025-09-08T12:06:12","date_gmt":"2025-09-08T17:06:12","guid":{"rendered":"https:\/\/www.elamazonico.com\/portal\/?p=26145"},"modified":"2025-09-08T12:06:12","modified_gmt":"2025-09-08T17:06:12","slug":"gobierno-replanteara-y-enviara-nuevas-preguntas-para-la-consulta-popular","status":"publish","type":"post","link":"https:\/\/www.elamazonico.com\/portal\/gobierno-replanteara-y-enviara-nuevas-preguntas-para-la-consulta-popular\/","title":{"rendered":"Gobierno replantear\u00e1 y enviar\u00e1 nuevas preguntas para la Consulta Popular"},"content":{"rendered":"<p>En el marco de la Consulta Popular impulsada por el Gobierno,\u00a0<strong>Carondelet confirm\u00f3 que enviar\u00e1 nuevas preguntas y replantear\u00e1 algunas<\/strong>\u00a0de las ya remitidas a la\u00a0<a href=\"https:\/\/www.eltelegrafo.com.ec\/noticias\/nacionales\/210\/gobierno-enviara-nuevas-preguntas-consulta-popular\">Corte Constitucional.<\/a><\/p>\n<p>El anuncio lo hizo este lunes 8 de septiembre de 2025 la vocera de la Presidencia,\u00a0<strong>Carolina Jaramillo, durante una rueda de prensa.<\/strong>\u00a0Seg\u00fan explic\u00f3, la decisi\u00f3n busca fortalecer la\u00a0<strong>propuesta y garantizar<\/strong>\u00a0que el proceso avance dentro de los par\u00e1metros legales establecidos.<\/p>\n<p>Ante la negaci\u00f3n de la Corte Constitucional\u00a0<strong>a varias preguntas enviadas, Jaramillo dio a conocer el sentir de Carondelet:<\/strong>\u00a0\u201cTenemos una Corte\u00a0<a href=\"https:\/\/www.eltelegrafo.com.ec\/noticias\/nacionales\/210\/gobierno-enviara-nuevas-preguntas-consulta-popular\">desconectada de las necesidades y preocupaci\u00f3n de la gente\u201d,<\/a>\u00a0se\u00f1al\u00f3 la vocera.<\/p>\n<p>Adem\u00e1s dijo\u00a0<strong>que trabajan en planteamientos para que la Corte Constitucional<\/strong>\u00a0acepte las preguntas.<\/p>\n<h2><strong>Otros anuncios\u00a0<\/strong><\/h2>\n<h2><strong>Inversi\u00f3n en vialidad<\/strong><\/h2>\n<p>El Gobierno\u00a0<strong>lanz\u00f3 la licitaci\u00f3n para la construcci\u00f3n de un cuarto eje vial.<\/strong>\u00a0Este contempla el tramo\u00a0<a href=\"https:\/\/www.eltelegrafo.com.ec\/noticias\/nacionales\/210\/gobierno-enviara-nuevas-preguntas-consulta-popular\">Bellavista-Zumba-La Balsa.\u00a0<\/a>Esta arteria permitir\u00e1 unir a Ecuador con Per\u00fa.<\/p>\n<p>El Ministerio de Infraestructura y Transporte realizar\u00e1 la construcci\u00f3n de esta\u00a0<strong>arteria vial con un pr\u00e9stamo de USD 150 millones<\/strong>\u00a0gestinados por un pr\u00e9stamo desde el Banco Interamericano de Desarrollo (BID).<\/p>\n<p>La inversi\u00f3n contempla el dise\u00f1o y la construcci\u00f3n de\u00a0<strong>54.7 kil\u00f3metros de v\u00eda y beneficiar\u00e1 a 10.8000 cant\u00f3n Zamora y 114.000 ciudadanos<\/strong>\u00a0de Zamora Chinchipe.<\/p>\n<p>La licitaci\u00f3n est\u00e1 abierta en la p\u00e1gina del Ministerio de Infraestructura y Transporte.<\/p>\n<h2><strong>Cr\u00e9ditos BanEcuador\u00a0<\/strong><\/h2>\n<p>El segundo anunci\u00f3 hace relaci\u00f3n a la entrega de\u00a0<strong>USD 166.3 millones para cr\u00e9ditos PYME<\/strong>\u00a0destinado a peque\u00f1as y medianas empresas<\/p>\n<p>Este beneficio<a href=\"https:\/\/www.eltelegrafo.com.ec\/noticias\/nacionales\/210\/gobierno-enviara-nuevas-preguntas-consulta-popular\">\u00a0es entregado a trav\u00e9s de BanEcuador<\/a>\u00a0para que estos negocios tengan oportunidades de crecimiento, generaci\u00f3n de empleo y de esa forma puedan ayudar a dinamizar la econom\u00eda.<\/p>\n<p>En lo que va del 2025, se han entregado\u00a0<strong>USD 76.3 millones en cr\u00e9ditos.<\/strong><\/p>\n<h2><strong>Reporte de denuncias al IESS<\/strong><\/h2>\n<p>El Instituto Ecuatoriano de Seguridad Social (IESS) habilit\u00f3\u00a0<strong>dos canales para receptar denuncias.<\/strong>\u00a0All\u00ed, los usuarios podr\u00e1n presentar sus quejas y contar\u00e1n con atenci\u00f3n automatizada.<\/p>\n<p>Estos canales funcionar\u00e1n 24 horas del d\u00eda y son:<\/p>\n<ul>\n<li>P\u00e1gina Web\u00a0<a href=\"http:\/\/denuncias.iess.gob.ec\/\">denuncias.iess.gob.ec<\/a><\/li>\n<li>Whatsapp: 0962532338<\/li>\n<\/ul>\n<p>El lanzamiento se har\u00e1 oficial este\u00a0<a href=\"https:\/\/www.eltelegrafo.com.ec\/noticias\/nacionales\/210\/gobierno-enviara-nuevas-preguntas-consulta-popular\">lunes 8 de septiembre.<\/a><\/p>\n","protected":false},"excerpt":{"rendered":"<p>En el marco de la Consulta Popular impulsada por el Gobierno,\u00a0Carondelet confirm\u00f3 que enviar\u00e1 nuevas preguntas y replantear\u00e1 algunas\u00a0de las ya remitidas a la\u00a0Corte Constitucional. El anuncio lo hizo este lunes 8 de septiembre de 2025 la vocera de la Presidencia,\u00a0Carolina Jaramillo, durante una rueda de prensa.\u00a0Seg\u00fan explic\u00f3, la decisi\u00f3n busca fortalecer la\u00a0propuesta y garantizar\u00a0que el proceso avance dentro de los par\u00e1metros legales establecidos. Ante la negaci\u00f3n de la Corte Constitucional\u00a0a varias preguntas enviadas, Jaramillo dio a conocer el sentir de Carondelet:\u00a0\u201cTenemos una Corte\u00a0desconectada de las necesidades y preocupaci\u00f3n de la gente\u201d,\u00a0se\u00f1al\u00f3 la vocera. Adem\u00e1s dijo\u00a0que trabajan en planteamientos para que la Corte Constitucional\u00a0acepte las preguntas. Otros anuncios\u00a0 Inversi\u00f3n en vialidad El Gobierno\u00a0lanz\u00f3 la licitaci\u00f3n para la construcci\u00f3n de un cuarto eje vial.\u00a0Este contempla el tramo\u00a0Bellavista-Zumba-La Balsa.\u00a0Esta arteria permitir\u00e1 unir a Ecuador con Per\u00fa. El Ministerio de Infraestructura y Transporte realizar\u00e1 la construcci\u00f3n de esta\u00a0arteria vial con un pr\u00e9stamo de USD 150 millones\u00a0gestinados por un pr\u00e9stamo desde el Banco Interamericano de Desarrollo (BID). La inversi\u00f3n contempla el dise\u00f1o y la construcci\u00f3n de\u00a054.7 kil\u00f3metros de v\u00eda y beneficiar\u00e1 a 10.8000 cant\u00f3n Zamora y 114.000 ciudadanos\u00a0de Zamora Chinchipe. La licitaci\u00f3n est\u00e1 abierta en la p\u00e1gina del Ministerio de Infraestructura y Transporte. Cr\u00e9ditos BanEcuador\u00a0 El segundo anunci\u00f3 hace relaci\u00f3n a la entrega de\u00a0USD 166.3 millones para cr\u00e9ditos PYME\u00a0destinado a peque\u00f1as y medianas empresas Este beneficio\u00a0es entregado a trav\u00e9s de BanEcuador\u00a0para que estos negocios tengan oportunidades de crecimiento, generaci\u00f3n de empleo y de esa forma puedan ayudar a dinamizar la econom\u00eda. En lo que va del 2025, se han entregado\u00a0USD 76.3 millones en cr\u00e9ditos. Reporte de denuncias al IESS El Instituto Ecuatoriano de Seguridad Social (IESS) habilit\u00f3\u00a0dos canales para receptar denuncias.\u00a0All\u00ed, los usuarios podr\u00e1n presentar sus quejas y contar\u00e1n con atenci\u00f3n automatizada. Estos canales funcionar\u00e1n 24 horas del d\u00eda y son: P\u00e1gina Web\u00a0denuncias.iess.gob.ec Whatsapp: 0962532338 El lanzamiento se har\u00e1 oficial este\u00a0lunes 8 de septiembre.<\/p>\n","protected":false},"author":1,"featured_media":26146,"comment_status":"closed","ping_status":"closed","sticky":false,"template":"","format":"standard","meta":{"footnotes":""},"categories":[268],"tags":[],"class_list":["post-26145","post","type-post","status-publish","format-standard","has-post-thumbnail","hentry","category-nacionales"],"_links":{"self":[{"href":"https:\/\/www.elamazonico.com\/portal\/wp-json\/wp\/v2\/posts\/26145","targetHints":{"allow":["GET"]}}],"collection":[{"href":"https:\/\/www.elamazonico.com\/portal\/wp-json\/wp\/v2\/posts"}],"about":[{"href":"https:\/\/www.elamazonico.com\/portal\/wp-json\/wp\/v2\/types\/post"}],"author":[{"embeddable":true,"href":"https:\/\/www.elamazonico.com\/portal\/wp-json\/wp\/v2\/users\/1"}],"replies":[{"embeddable":true,"href":"https:\/\/www.elamazonico.com\/portal\/wp-json\/wp\/v2\/comments?post=26145"}],"version-history":[{"count":1,"href":"https:\/\/www.elamazonico.com\/portal\/wp-json\/wp\/v2\/posts\/26145\/revisions"}],"predecessor-version":[{"id":26147,"href":"https:\/\/www.elamazonico.com\/portal\/wp-json\/wp\/v2\/posts\/26145\/revisions\/26147"}],"wp:featuredmedia":[{"embeddable":true,"href":"https:\/\/www.elamazonico.com\/portal\/wp-json\/wp\/v2\/media\/26146"}],"wp:attachment":[{"href":"https:\/\/www.elamazonico.com\/portal\/wp-json\/wp\/v2\/media?parent=26145"}],"wp:term":[{"taxonomy":"category","embeddable":true,"href":"https:\/\/www.elamazonico.com\/portal\/wp-json\/wp\/v2\/categories?post=26145"},{"taxonomy":"post_tag","embeddable":true,"href":"https:\/\/www.elamazonico.com\/portal\/wp-json\/wp\/v2\/tags?post=26145"}],"curies":[{"name":"wp","href":"https:\/\/api.w.org\/{rel}","templated":true}]}}