{"id":26142,"date":"2025-09-08T11:54:41","date_gmt":"2025-09-08T16:54:41","guid":{"rendered":"https:\/\/www.elamazonico.com\/portal\/?p=26142"},"modified":"2025-09-08T11:54:41","modified_gmt":"2025-09-08T16:54:41","slug":"avanza-la-construccion-de-la-primera-etapa-del-malecon-cayamatza-en-el-pangui","status":"publish","type":"post","link":"https:\/\/www.elamazonico.com\/portal\/avanza-la-construccion-de-la-primera-etapa-del-malecon-cayamatza-en-el-pangui\/","title":{"rendered":"Avanza la construcci\u00f3n de la primera etapa del \u2018\u2018Malec\u00f3n Cayamatza\u2019\u2019 en El Pangui"},"content":{"rendered":"<p>Con el objetivo de beneficiar y contribuir en la mejora de la calidad de vida de los habitantes del cant\u00f3n El Pangui, el GADM, avanza con la ejecuci\u00f3n de la primera etapa de construcci\u00f3n del \u2018\u2018Malec\u00f3n Cayamatza\u2019\u2019, un proyecto clave para el desarrollo tur\u00edstico, comunitario y econ\u00f3mico del sector. La obra presenta un 30% de avance.<\/p>\n<p>La obra, \u2018considerada la puerta de ingreso a la provincia\u2019 cuenta con un monto de inversi\u00f3n de casi medio mill\u00f3n de d\u00f3lares, un plazo de ejecuci\u00f3n de 180 d\u00edas y un avance de construcci\u00f3n del 30%, perfilando a este proyecto como uno de los m\u00e1s importantes, con una entrega prevista para inicios del a\u00f1o 2026. Infraestructura ejecutada con recursos propios del ayuntamiento.<\/p>\n<p>Esta importante obra, contempla la implementaci\u00f3n de una serie de espacios modernos y recreativos para familias y visitantes, tales como:<\/p>\n<ul>\n<li>Paso elevado peatonal sobre el puente en la quebrada Cayamatza,<\/li>\n<li>Adecuaciones de servicios b\u00e1sicos y sanitario,<\/li>\n<li>Construcci\u00f3n de muros de protecci\u00f3n,<\/li>\n<li>\u00c1reas verdes,<\/li>\n<li>Juegos infantiles,<\/li>\n<li>Zonas de cafeter\u00eda,<\/li>\n<li>Estacionamiento,<\/li>\n<li>Iluminaci\u00f3n ornamenta y p\u00fablica.<\/li>\n<\/ul>\n<p>En este sentido, Carlos Tirado, fiscalizador de la obra, destac\u00f3 la gran importancia de este nuevo proyecto y el firme compromiso de la municipalidad para garantizar su correcto desarrollo, haciendo \u00e9nfasis en que su labor se centra en la supervisi\u00f3n del cumplimiento de los plazos establecidos, asegurar que se respeten las especificaciones t\u00e9cnicas y, sobre todo, entregar una obra de calidad que beneficie a todos los ciudadanos del cant\u00f3n.<\/p>\n<p>Se espera que esta infraestructura, se convierta en un espacio capaz de dinamizar la econom\u00eda local, y consolidar a la \u2018\u2018Orqu\u00eddea de la Amazon\u00eda\u2019\u2019 como un referente tur\u00edstico regional y nacional.<\/p>\n<p>&nbsp;<\/p>\n","protected":false},"excerpt":{"rendered":"<p>Con el objetivo de beneficiar y contribuir en la mejora de la calidad de vida de los habitantes del cant\u00f3n El Pangui, el GADM, avanza con la ejecuci\u00f3n de la primera etapa de construcci\u00f3n del \u2018\u2018Malec\u00f3n Cayamatza\u2019\u2019, un proyecto clave para el desarrollo tur\u00edstico, comunitario y econ\u00f3mico del sector. La obra presenta un 30% de avance. La obra, \u2018considerada la puerta de ingreso a la provincia\u2019 cuenta con un monto de inversi\u00f3n de casi medio mill\u00f3n de d\u00f3lares, un plazo de ejecuci\u00f3n de 180 d\u00edas y un avance de construcci\u00f3n del 30%, perfilando a este proyecto como uno de los m\u00e1s importantes, con una entrega prevista para inicios del a\u00f1o 2026. Infraestructura ejecutada con recursos propios del ayuntamiento. Esta importante obra, contempla la implementaci\u00f3n de una serie de espacios modernos y recreativos para familias y visitantes, tales como: Paso elevado peatonal sobre el puente en la quebrada Cayamatza, Adecuaciones de servicios b\u00e1sicos y sanitario, Construcci\u00f3n de muros de protecci\u00f3n, \u00c1reas verdes, Juegos infantiles, Zonas de cafeter\u00eda, Estacionamiento, Iluminaci\u00f3n ornamenta y p\u00fablica. En este sentido, Carlos Tirado, fiscalizador de la obra, destac\u00f3 la gran importancia de este nuevo proyecto y el firme compromiso de la municipalidad para garantizar su correcto desarrollo, haciendo \u00e9nfasis en que su labor se centra en la supervisi\u00f3n del cumplimiento de los plazos establecidos, asegurar que se respeten las especificaciones t\u00e9cnicas y, sobre todo, entregar una obra de calidad que beneficie a todos los ciudadanos del cant\u00f3n. Se espera que esta infraestructura, se convierta en un espacio capaz de dinamizar la econom\u00eda local, y consolidar a la \u2018\u2018Orqu\u00eddea de la Amazon\u00eda\u2019\u2019 como un referente tur\u00edstico regional y nacional. &nbsp;<\/p>\n","protected":false},"author":1,"featured_media":26143,"comment_status":"closed","ping_status":"closed","sticky":false,"template":"","format":"standard","meta":{"footnotes":""},"categories":[243],"tags":[],"class_list":["post-26142","post","type-post","status-publish","format-standard","has-post-thumbnail","hentry","category-noticias-zamora"],"_links":{"self":[{"href":"https:\/\/www.elamazonico.com\/portal\/wp-json\/wp\/v2\/posts\/26142","targetHints":{"allow":["GET"]}}],"collection":[{"href":"https:\/\/www.elamazonico.com\/portal\/wp-json\/wp\/v2\/posts"}],"about":[{"href":"https:\/\/www.elamazonico.com\/portal\/wp-json\/wp\/v2\/types\/post"}],"author":[{"embeddable":true,"href":"https:\/\/www.elamazonico.com\/portal\/wp-json\/wp\/v2\/users\/1"}],"replies":[{"embeddable":true,"href":"https:\/\/www.elamazonico.com\/portal\/wp-json\/wp\/v2\/comments?post=26142"}],"version-history":[{"count":1,"href":"https:\/\/www.elamazonico.com\/portal\/wp-json\/wp\/v2\/posts\/26142\/revisions"}],"predecessor-version":[{"id":26144,"href":"https:\/\/www.elamazonico.com\/portal\/wp-json\/wp\/v2\/posts\/26142\/revisions\/26144"}],"wp:featuredmedia":[{"embeddable":true,"href":"https:\/\/www.elamazonico.com\/portal\/wp-json\/wp\/v2\/media\/26143"}],"wp:attachment":[{"href":"https:\/\/www.elamazonico.com\/portal\/wp-json\/wp\/v2\/media?parent=26142"}],"wp:term":[{"taxonomy":"category","embeddable":true,"href":"https:\/\/www.elamazonico.com\/portal\/wp-json\/wp\/v2\/categories?post=26142"},{"taxonomy":"post_tag","embeddable":true,"href":"https:\/\/www.elamazonico.com\/portal\/wp-json\/wp\/v2\/tags?post=26142"}],"curies":[{"name":"wp","href":"https:\/\/api.w.org\/{rel}","templated":true}]}}