{"id":26139,"date":"2025-09-08T11:34:18","date_gmt":"2025-09-08T16:34:18","guid":{"rendered":"https:\/\/www.elamazonico.com\/portal\/?p=26139"},"modified":"2025-09-08T11:34:18","modified_gmt":"2025-09-08T16:34:18","slug":"estadio-de-namirez-fortalece-el-deporte-parroquial","status":"publish","type":"post","link":"https:\/\/www.elamazonico.com\/portal\/estadio-de-namirez-fortalece-el-deporte-parroquial\/","title":{"rendered":"Estadio de Namirez fortalece el deporte parroquial"},"content":{"rendered":"<p>El pasado s\u00e1bado 6 de septiembre, se desarroll\u00f3 la igualaci\u00f3n del campeonato de la Copa Champions League 2025 en el barrio Namirez, parroquia Cumbaratza, evento que coincidi\u00f3 con la inauguraci\u00f3n oficial de la nueva infraestructura deportiva construida con una inversi\u00f3n de $489,754.66, destinada a beneficiar a m\u00e1s de 2.600 habitantes de la zona.<\/p>\n<p>Durante el acto, Marco Le\u00f3n, principal organizador, destac\u00f3 la importancia de este espacio deportivo para la ni\u00f1ez, juventud y adultos del sector. Asimismo, solicit\u00f3 a las autoridades municipales garantizar el libre acceso a la ciudadan\u00eda y designar personal de custodia para la preservaci\u00f3n del estadio, a fin de evitar hechos vand\u00e1licos como los ocurridos en otros escenarios deportivos de la parroquia.<\/p>\n<p>Por su parte, el alcalde del cant\u00f3n Zamora, Manuel Gonz\u00e1lez, enfatiz\u00f3 que el acceso al estadio ser\u00e1 gratuito, ya que se trata de una obra financiada con recursos p\u00fablicos. \u201cNo van a pagar un solo d\u00f3lar. Este estadio se construy\u00f3 con la inversi\u00f3n de los zamoranos y debe estar al servicio de toda la ciudadan\u00eda\u201d, puntualiz\u00f3. El burgomaestre a\u00f1adi\u00f3 que, tras los seis meses de garant\u00eda legal, la infraestructura pasar\u00e1 a ser propiedad total del GAD Municipal, asegurando su administraci\u00f3n y mantenimiento.<\/p>\n<p>De igual manera, Diego Fernando Cevallos, gerente zonal del Banco de Desarrollo del Ecuador, resalt\u00f3 la trascendencia de este proyecto como motor de dinamizaci\u00f3n econ\u00f3mica y cohesi\u00f3n social. Se\u00f1al\u00f3 que, junto al GAD Municipal de Zamora, se han invertido m\u00e1s de un mill\u00f3n de d\u00f3lares en infraestructura deportiva en Cumbaratza y Guadalupe. \u201cEste espacio se convierte en un punto de encuentro comunitario que fomenta la disciplina, el compa\u00f1erismo y la convivencia pac\u00edfica\u201d, subray\u00f3.<\/p>\n<p>La inauguraci\u00f3n del estadio de Namirez Bajo no solo representa un hito en el fortalecimiento del deporte parroquial y cantonal, sino tambi\u00e9n un compromiso institucional para el cuidado de los bienes p\u00fablicos y la promoci\u00f3n de actividades que refuercen la identidad y el desarrollo social de la provincia.<\/p>\n","protected":false},"excerpt":{"rendered":"<p>El pasado s\u00e1bado 6 de septiembre, se desarroll\u00f3 la igualaci\u00f3n del campeonato de la Copa Champions League 2025 en el barrio Namirez, parroquia Cumbaratza, evento que coincidi\u00f3 con la inauguraci\u00f3n oficial de la nueva infraestructura deportiva construida con una inversi\u00f3n de $489,754.66, destinada a beneficiar a m\u00e1s de 2.600 habitantes de la zona. Durante el acto, Marco Le\u00f3n, principal organizador, destac\u00f3 la importancia de este espacio deportivo para la ni\u00f1ez, juventud y adultos del sector. Asimismo, solicit\u00f3 a las autoridades municipales garantizar el libre acceso a la ciudadan\u00eda y designar personal de custodia para la preservaci\u00f3n del estadio, a fin de evitar hechos vand\u00e1licos como los ocurridos en otros escenarios deportivos de la parroquia. Por su parte, el alcalde del cant\u00f3n Zamora, Manuel Gonz\u00e1lez, enfatiz\u00f3 que el acceso al estadio ser\u00e1 gratuito, ya que se trata de una obra financiada con recursos p\u00fablicos. \u201cNo van a pagar un solo d\u00f3lar. Este estadio se construy\u00f3 con la inversi\u00f3n de los zamoranos y debe estar al servicio de toda la ciudadan\u00eda\u201d, puntualiz\u00f3. El burgomaestre a\u00f1adi\u00f3 que, tras los seis meses de garant\u00eda legal, la infraestructura pasar\u00e1 a ser propiedad total del GAD Municipal, asegurando su administraci\u00f3n y mantenimiento. De igual manera, Diego Fernando Cevallos, gerente zonal del Banco de Desarrollo del Ecuador, resalt\u00f3 la trascendencia de este proyecto como motor de dinamizaci\u00f3n econ\u00f3mica y cohesi\u00f3n social. Se\u00f1al\u00f3 que, junto al GAD Municipal de Zamora, se han invertido m\u00e1s de un mill\u00f3n de d\u00f3lares en infraestructura deportiva en Cumbaratza y Guadalupe. \u201cEste espacio se convierte en un punto de encuentro comunitario que fomenta la disciplina, el compa\u00f1erismo y la convivencia pac\u00edfica\u201d, subray\u00f3. La inauguraci\u00f3n del estadio de Namirez Bajo no solo representa un hito en el fortalecimiento del deporte parroquial y cantonal, sino tambi\u00e9n un compromiso institucional para el cuidado de los bienes p\u00fablicos y la promoci\u00f3n de actividades que refuercen la identidad y el desarrollo social de la provincia.<\/p>\n","protected":false},"author":1,"featured_media":26140,"comment_status":"closed","ping_status":"closed","sticky":false,"template":"","format":"standard","meta":{"footnotes":""},"categories":[243],"tags":[],"class_list":["post-26139","post","type-post","status-publish","format-standard","has-post-thumbnail","hentry","category-noticias-zamora"],"_links":{"self":[{"href":"https:\/\/www.elamazonico.com\/portal\/wp-json\/wp\/v2\/posts\/26139","targetHints":{"allow":["GET"]}}],"collection":[{"href":"https:\/\/www.elamazonico.com\/portal\/wp-json\/wp\/v2\/posts"}],"about":[{"href":"https:\/\/www.elamazonico.com\/portal\/wp-json\/wp\/v2\/types\/post"}],"author":[{"embeddable":true,"href":"https:\/\/www.elamazonico.com\/portal\/wp-json\/wp\/v2\/users\/1"}],"replies":[{"embeddable":true,"href":"https:\/\/www.elamazonico.com\/portal\/wp-json\/wp\/v2\/comments?post=26139"}],"version-history":[{"count":1,"href":"https:\/\/www.elamazonico.com\/portal\/wp-json\/wp\/v2\/posts\/26139\/revisions"}],"predecessor-version":[{"id":26141,"href":"https:\/\/www.elamazonico.com\/portal\/wp-json\/wp\/v2\/posts\/26139\/revisions\/26141"}],"wp:featuredmedia":[{"embeddable":true,"href":"https:\/\/www.elamazonico.com\/portal\/wp-json\/wp\/v2\/media\/26140"}],"wp:attachment":[{"href":"https:\/\/www.elamazonico.com\/portal\/wp-json\/wp\/v2\/media?parent=26139"}],"wp:term":[{"taxonomy":"category","embeddable":true,"href":"https:\/\/www.elamazonico.com\/portal\/wp-json\/wp\/v2\/categories?post=26139"},{"taxonomy":"post_tag","embeddable":true,"href":"https:\/\/www.elamazonico.com\/portal\/wp-json\/wp\/v2\/tags?post=26139"}],"curies":[{"name":"wp","href":"https:\/\/api.w.org\/{rel}","templated":true}]}}