{"id":26135,"date":"2025-09-08T06:37:31","date_gmt":"2025-09-08T11:37:31","guid":{"rendered":"https:\/\/www.elamazonico.com\/portal\/?p=26135"},"modified":"2025-09-08T06:37:31","modified_gmt":"2025-09-08T11:37:31","slug":"y-si-ecuador-pierde-con-argentina-que-pasara-con-beccacece-y-la-tricolor","status":"publish","type":"post","link":"https:\/\/www.elamazonico.com\/portal\/y-si-ecuador-pierde-con-argentina-que-pasara-con-beccacece-y-la-tricolor\/","title":{"rendered":"\u00bfY si Ecuador pierde con Argentina, qu\u00e9 pasar\u00e1 con Beccacece y la Tricolor?"},"content":{"rendered":"<p>El desconcierto es palpable.\u00a0El entrenador de la Selecci\u00f3n de Ecuador, Sebasti\u00e1n Beccacece, no puede creer el mal ambiente que existe pese a la clasificaci\u00f3n al Mundial. No le cabe en la cabeza que los hitos concretos que ha logrado en el camino hacia el Mundial del 2026 sean menos importantes que asuntos subjetivos y absolutamente intrascendentes, como el nombre del cuarto arquero. \u00a1El cuarto, por San Carlo Acutis que ya est\u00e1 en los altares!<\/p>\n<p>Incluso, ha tenido que responder en la rueda de prensa del domingo a una pregunta sobre el comentario de un exseleccionado de segundo orden como Jefferson Montero, quien, porque se le ocurre y sin tener la menor autoridad, pidi\u00f3 a Jos\u00e9 Mourinho para la Tricolor en el Mundial.<\/p>\n<p>Lo peor: los medios, que tienen la responsabilidad de curar las noticias y separar la paja del trigo, le han dado espacio a este vergonzoso desprop\u00f3sito, que debi\u00f3 morir en un tuit y ya. Todo por los likes, los clics y, en algunos casos, por seguir el juego a los desestabilizadores que andan calentando motores para llegar a la Ecuaf\u00fatbol.<\/p>\n<p>Ante ese panorama, me pregunto qu\u00e9 puede pasar si Argentina derrota a Ecuador el martes en Guayaquil. Como el campe\u00f3n mundial llegar\u00e1 sin Messi y otras figuras, una ca\u00edda en el Monumental de Barcelona ser\u00e1 demoledor para la imagen del entrenador Beccacece. Le sacar\u00e1n en cara los cinco partidos consecutivos sin ganar y las cr\u00edticas ser\u00e1n despiadadas.<\/p>\n<p>\u00bfPor qu\u00e9 Ecuador juega tan feo? \u00bfO acaso Beccacece es un artista incomprendido, el Bad Bunny del f\u00fatbol?<br \/>\nY, otra vez, circular\u00e1n los clich\u00e9s, \u00aba Beccacece no le importa lo que piense la gente\u00bb, \u00abestamos en el Mundial por la defensa que juega sola\u00bb, \u00abhasta yo con semejantes cracks paro mejor un equipo\u00bb y rasgaduras de vestudiras de ese calibre, pese a que, en t\u00e9rminos estrictamente pr\u00e1cticos, se trata de un amistoso de preparaci\u00f3n, porque el boleto al Mundial ya est\u00e1 conseguido.<\/p>\n<p>Lo peor, sin embargo, ser\u00eda que el p\u00fablico que asista al partido se la tomara contra el cuerpo t\u00e9cnico y los jugadores. Ojal\u00e1 que no aparezca un mamacallos que lleve letreros (Rescalvo se los merece, BKCC no). Ojal\u00e1 que, si existe una derrota, de todos modos se aliente a los futbolistas y se guarde el decoro.<\/p>\n<p>Y ojal\u00e1 que, luego del partido, se imponga la sensatez. Que se hagan los balances que deban hacerse y que Ecuador entre de lleno en la fiesta mundialista, que es lo importante. Hay tours que contratar. Hay visas que sacar (y agentes de la Migra que esquivar). Aunque ya veo a algunos incorregibles haciendo encuestas en sus coloridos podcast: \u00bfA qui\u00e9n prefieres en la Tri, a Mourinho o a Almada? San Carlo Acutis, ll\u00e9vatelos contigo ipso facto. <strong>Fuente: Primicias<\/strong><\/p>\n","protected":false},"excerpt":{"rendered":"<p>El desconcierto es palpable.\u00a0El entrenador de la Selecci\u00f3n de Ecuador, Sebasti\u00e1n Beccacece, no puede creer el mal ambiente que existe pese a la clasificaci\u00f3n al Mundial. No le cabe en la cabeza que los hitos concretos que ha logrado en el camino hacia el Mundial del 2026 sean menos importantes que asuntos subjetivos y absolutamente intrascendentes, como el nombre del cuarto arquero. \u00a1El cuarto, por San Carlo Acutis que ya est\u00e1 en los altares! Incluso, ha tenido que responder en la rueda de prensa del domingo a una pregunta sobre el comentario de un exseleccionado de segundo orden como Jefferson Montero, quien, porque se le ocurre y sin tener la menor autoridad, pidi\u00f3 a Jos\u00e9 Mourinho para la Tricolor en el Mundial. Lo peor: los medios, que tienen la responsabilidad de curar las noticias y separar la paja del trigo, le han dado espacio a este vergonzoso desprop\u00f3sito, que debi\u00f3 morir en un tuit y ya. Todo por los likes, los clics y, en algunos casos, por seguir el juego a los desestabilizadores que andan calentando motores para llegar a la Ecuaf\u00fatbol. Ante ese panorama, me pregunto qu\u00e9 puede pasar si Argentina derrota a Ecuador el martes en Guayaquil. Como el campe\u00f3n mundial llegar\u00e1 sin Messi y otras figuras, una ca\u00edda en el Monumental de Barcelona ser\u00e1 demoledor para la imagen del entrenador Beccacece. Le sacar\u00e1n en cara los cinco partidos consecutivos sin ganar y las cr\u00edticas ser\u00e1n despiadadas. \u00bfPor qu\u00e9 Ecuador juega tan feo? \u00bfO acaso Beccacece es un artista incomprendido, el Bad Bunny del f\u00fatbol? Y, otra vez, circular\u00e1n los clich\u00e9s, \u00aba Beccacece no le importa lo que piense la gente\u00bb, \u00abestamos en el Mundial por la defensa que juega sola\u00bb, \u00abhasta yo con semejantes cracks paro mejor un equipo\u00bb y rasgaduras de vestudiras de ese calibre, pese a que, en t\u00e9rminos estrictamente pr\u00e1cticos, se trata de un amistoso de preparaci\u00f3n, porque el boleto al Mundial ya est\u00e1 conseguido. Lo peor, sin embargo, ser\u00eda que el p\u00fablico que asista al partido se la tomara contra el cuerpo t\u00e9cnico y los jugadores. Ojal\u00e1 que no aparezca un mamacallos que lleve letreros (Rescalvo se los merece, BKCC no). Ojal\u00e1 que, si existe una derrota, de todos modos se aliente a los futbolistas y se guarde el decoro. Y ojal\u00e1 que, luego del partido, se imponga la sensatez. Que se hagan los balances que deban hacerse y que Ecuador entre de lleno en la fiesta mundialista, que es lo importante. Hay tours que contratar. Hay visas que sacar (y agentes de la Migra que esquivar). Aunque ya veo a algunos incorregibles haciendo encuestas en sus coloridos podcast: \u00bfA qui\u00e9n prefieres en la Tri, a Mourinho o a Almada? San Carlo Acutis, ll\u00e9vatelos contigo ipso facto. Fuente: Primicias<\/p>\n","protected":false},"author":1,"featured_media":26136,"comment_status":"closed","ping_status":"closed","sticky":false,"template":"","format":"standard","meta":{"footnotes":""},"categories":[6,268],"tags":[],"class_list":["post-26135","post","type-post","status-publish","format-standard","has-post-thumbnail","hentry","category-deportes","category-nacionales"],"_links":{"self":[{"href":"https:\/\/www.elamazonico.com\/portal\/wp-json\/wp\/v2\/posts\/26135","targetHints":{"allow":["GET"]}}],"collection":[{"href":"https:\/\/www.elamazonico.com\/portal\/wp-json\/wp\/v2\/posts"}],"about":[{"href":"https:\/\/www.elamazonico.com\/portal\/wp-json\/wp\/v2\/types\/post"}],"author":[{"embeddable":true,"href":"https:\/\/www.elamazonico.com\/portal\/wp-json\/wp\/v2\/users\/1"}],"replies":[{"embeddable":true,"href":"https:\/\/www.elamazonico.com\/portal\/wp-json\/wp\/v2\/comments?post=26135"}],"version-history":[{"count":1,"href":"https:\/\/www.elamazonico.com\/portal\/wp-json\/wp\/v2\/posts\/26135\/revisions"}],"predecessor-version":[{"id":26137,"href":"https:\/\/www.elamazonico.com\/portal\/wp-json\/wp\/v2\/posts\/26135\/revisions\/26137"}],"wp:featuredmedia":[{"embeddable":true,"href":"https:\/\/www.elamazonico.com\/portal\/wp-json\/wp\/v2\/media\/26136"}],"wp:attachment":[{"href":"https:\/\/www.elamazonico.com\/portal\/wp-json\/wp\/v2\/media?parent=26135"}],"wp:term":[{"taxonomy":"category","embeddable":true,"href":"https:\/\/www.elamazonico.com\/portal\/wp-json\/wp\/v2\/categories?post=26135"},{"taxonomy":"post_tag","embeddable":true,"href":"https:\/\/www.elamazonico.com\/portal\/wp-json\/wp\/v2\/tags?post=26135"}],"curies":[{"name":"wp","href":"https:\/\/api.w.org\/{rel}","templated":true}]}}