{"id":26129,"date":"2025-09-08T06:06:27","date_gmt":"2025-09-08T11:06:27","guid":{"rendered":"https:\/\/www.elamazonico.com\/portal\/?p=26129"},"modified":"2025-09-08T06:06:27","modified_gmt":"2025-09-08T11:06:27","slug":"milei-sufre-una-aplastante-derrota-en-buenos-aires-y-cristina-fernandez-festeja-desde-su-balcon","status":"publish","type":"post","link":"https:\/\/www.elamazonico.com\/portal\/milei-sufre-una-aplastante-derrota-en-buenos-aires-y-cristina-fernandez-festeja-desde-su-balcon\/","title":{"rendered":"Milei sufre una aplastante derrota en Buenos Aires y Cristina Fern\u00e1ndez festeja desde su balc\u00f3n"},"content":{"rendered":"<p>Fuerza Patria, alianza de distintos sectores de la oposici\u00f3n peronista al Gobierno de Javier Milei, aplast\u00f3 el domingo 7 de septiembre al partido del presidente, La Libertad Avanza, en los comicios legislativos en la provincia de Buenos Aires, mayor distrito electoral del pa\u00eds y clave de cara a las elecciones nacionales del pr\u00f3ximo octubre.<\/p>\n<p>Con m\u00e1s del 80 % de los votos escrutados, Fuerza Patria obtuvo casi un 47 % mientras que La Libertad Avanza se ubic\u00f3 en casi 34 %.<\/p>\n<p>La expresidenta de Argentina, Cristina Fern\u00e1ndez, sali\u00f3 a su balc\u00f3n para saludar a los cientos de seguidores que se congregaron este domingo a las puertas de su casa, donde cumple prisi\u00f3n domiciliaria, para celebrar el gran triunfo peronista.<\/p>\n<p>\u00ab\u00bfViste Milei?\u00bb, escribi\u00f3 minutos antes de salir al balc\u00f3n Fern\u00e1ndez en su perfil de X, para luego recriminar, una a una, varias pol\u00edticas y acciones del presidente Javier Milei durante su Gobierno.<\/p>\n<p>Los resultados indicaron adem\u00e1s que el peronismo gan\u00f3 en seis de las ocho secciones electorales que componen la provincia, incluidos triunfos categ\u00f3ricos en los dos distritos m\u00e1s poblados.<\/p>\n<p>La participaci\u00f3n se ubic\u00f3 levemente por encima del 63 %, una cifra menor a la registrada en comicios legislativos anteriores (71 % en 2021 y 77 % en 2017), pero no tan baja como se esperaba, considerando que en esta ocasi\u00f3n las elecciones no se celebraron en conjunto con las nacionales y se vaticinaba una mayor abstenci\u00f3n.<\/p>\n<p>De confirmarse estos resultados, Fuerza Patria, que gobierna la provincia desde 2019, se quedar\u00eda con 13 de las 23 bancas en el Senado que se pon\u00edan en juego en esta elecci\u00f3n y 21 de los 46 esca\u00f1os de disputados.<\/p>\n<p>La Libertad Avanza, por su parte, se quedar\u00eda con ocho bancas en el Senado provincial -que cuenta con 46- y 18 esca\u00f1os en la C\u00e1mara Baja, que cuenta con un total de 92 sillas.<\/p>\n<p>Tanto el Gobierno de Milei como el peronismo -la principal fuerza opositora en Argentina- eligieron como estrategia pol\u00edtica plantear la elecci\u00f3n provincial como una batalla clave para posicionarse con solidez para los comicios nacionales del 26 de octubre, en los que se renovar\u00e1 parcialmente la composici\u00f3n del Parlamento argentino.<\/p>\n<p>La provincia de Buenos Aires tiene un importante peso electoral, puesto que concentra al 38,6 % de la poblaci\u00f3n de Argentina.<\/p>\n<p>Milei acepta la derrota<br \/>\nEl presidente Javier Milei reconoci\u00f3 que su partido ha sufrido \u00abuna clara derrota\u00bb que \u00abhay que aceptar\u00bb, y prometi\u00f3 hacer lo posible para revertir estos resultados,<\/p>\n<p>\u00abHoy hemos tenido una clara derrota y, si alguien quiere empezar a reconstruir y salir adelante, lo primero que hay que aceptar son los resultados. Y hoy los resultados no han sido positivos y hemos tenido un rev\u00e9s electoral y hay que aceptarlo\u00bb, afirm\u00f3. <strong>Fuente: Primicias<\/strong><\/p>\n","protected":false},"excerpt":{"rendered":"<p>Fuerza Patria, alianza de distintos sectores de la oposici\u00f3n peronista al Gobierno de Javier Milei, aplast\u00f3 el domingo 7 de septiembre al partido del presidente, La Libertad Avanza, en los comicios legislativos en la provincia de Buenos Aires, mayor distrito electoral del pa\u00eds y clave de cara a las elecciones nacionales del pr\u00f3ximo octubre. Con m\u00e1s del 80 % de los votos escrutados, Fuerza Patria obtuvo casi un 47 % mientras que La Libertad Avanza se ubic\u00f3 en casi 34 %. La expresidenta de Argentina, Cristina Fern\u00e1ndez, sali\u00f3 a su balc\u00f3n para saludar a los cientos de seguidores que se congregaron este domingo a las puertas de su casa, donde cumple prisi\u00f3n domiciliaria, para celebrar el gran triunfo peronista. \u00ab\u00bfViste Milei?\u00bb, escribi\u00f3 minutos antes de salir al balc\u00f3n Fern\u00e1ndez en su perfil de X, para luego recriminar, una a una, varias pol\u00edticas y acciones del presidente Javier Milei durante su Gobierno. Los resultados indicaron adem\u00e1s que el peronismo gan\u00f3 en seis de las ocho secciones electorales que componen la provincia, incluidos triunfos categ\u00f3ricos en los dos distritos m\u00e1s poblados. La participaci\u00f3n se ubic\u00f3 levemente por encima del 63 %, una cifra menor a la registrada en comicios legislativos anteriores (71 % en 2021 y 77 % en 2017), pero no tan baja como se esperaba, considerando que en esta ocasi\u00f3n las elecciones no se celebraron en conjunto con las nacionales y se vaticinaba una mayor abstenci\u00f3n. De confirmarse estos resultados, Fuerza Patria, que gobierna la provincia desde 2019, se quedar\u00eda con 13 de las 23 bancas en el Senado que se pon\u00edan en juego en esta elecci\u00f3n y 21 de los 46 esca\u00f1os de disputados. La Libertad Avanza, por su parte, se quedar\u00eda con ocho bancas en el Senado provincial -que cuenta con 46- y 18 esca\u00f1os en la C\u00e1mara Baja, que cuenta con un total de 92 sillas. Tanto el Gobierno de Milei como el peronismo -la principal fuerza opositora en Argentina- eligieron como estrategia pol\u00edtica plantear la elecci\u00f3n provincial como una batalla clave para posicionarse con solidez para los comicios nacionales del 26 de octubre, en los que se renovar\u00e1 parcialmente la composici\u00f3n del Parlamento argentino. La provincia de Buenos Aires tiene un importante peso electoral, puesto que concentra al 38,6 % de la poblaci\u00f3n de Argentina. Milei acepta la derrota El presidente Javier Milei reconoci\u00f3 que su partido ha sufrido \u00abuna clara derrota\u00bb que \u00abhay que aceptar\u00bb, y prometi\u00f3 hacer lo posible para revertir estos resultados, \u00abHoy hemos tenido una clara derrota y, si alguien quiere empezar a reconstruir y salir adelante, lo primero que hay que aceptar son los resultados. Y hoy los resultados no han sido positivos y hemos tenido un rev\u00e9s electoral y hay que aceptarlo\u00bb, afirm\u00f3. Fuente: Primicias<\/p>\n","protected":false},"author":1,"featured_media":26130,"comment_status":"closed","ping_status":"closed","sticky":false,"template":"","format":"standard","meta":{"footnotes":""},"categories":[5],"tags":[],"class_list":["post-26129","post","type-post","status-publish","format-standard","has-post-thumbnail","hentry","category-internacionales"],"_links":{"self":[{"href":"https:\/\/www.elamazonico.com\/portal\/wp-json\/wp\/v2\/posts\/26129","targetHints":{"allow":["GET"]}}],"collection":[{"href":"https:\/\/www.elamazonico.com\/portal\/wp-json\/wp\/v2\/posts"}],"about":[{"href":"https:\/\/www.elamazonico.com\/portal\/wp-json\/wp\/v2\/types\/post"}],"author":[{"embeddable":true,"href":"https:\/\/www.elamazonico.com\/portal\/wp-json\/wp\/v2\/users\/1"}],"replies":[{"embeddable":true,"href":"https:\/\/www.elamazonico.com\/portal\/wp-json\/wp\/v2\/comments?post=26129"}],"version-history":[{"count":1,"href":"https:\/\/www.elamazonico.com\/portal\/wp-json\/wp\/v2\/posts\/26129\/revisions"}],"predecessor-version":[{"id":26131,"href":"https:\/\/www.elamazonico.com\/portal\/wp-json\/wp\/v2\/posts\/26129\/revisions\/26131"}],"wp:featuredmedia":[{"embeddable":true,"href":"https:\/\/www.elamazonico.com\/portal\/wp-json\/wp\/v2\/media\/26130"}],"wp:attachment":[{"href":"https:\/\/www.elamazonico.com\/portal\/wp-json\/wp\/v2\/media?parent=26129"}],"wp:term":[{"taxonomy":"category","embeddable":true,"href":"https:\/\/www.elamazonico.com\/portal\/wp-json\/wp\/v2\/categories?post=26129"},{"taxonomy":"post_tag","embeddable":true,"href":"https:\/\/www.elamazonico.com\/portal\/wp-json\/wp\/v2\/tags?post=26129"}],"curies":[{"name":"wp","href":"https:\/\/api.w.org\/{rel}","templated":true}]}}