{"id":26126,"date":"2025-09-08T05:59:33","date_gmt":"2025-09-08T10:59:33","guid":{"rendered":"https:\/\/www.elamazonico.com\/portal\/?p=26126"},"modified":"2025-09-08T05:59:33","modified_gmt":"2025-09-08T10:59:33","slug":"enner-valencia-el-goleador-historico-de-la-tri-jugara-su-ultimo-partido-de-eliminatorias","status":"publish","type":"post","link":"https:\/\/www.elamazonico.com\/portal\/enner-valencia-el-goleador-historico-de-la-tri-jugara-su-ultimo-partido-de-eliminatorias\/","title":{"rendered":"Enner Valencia, el goleador hist\u00f3rico de la Tri, jugar\u00e1 su \u00faltimo partido de eliminatorias"},"content":{"rendered":"<p class=\"p_0\">El delantero<a href=\"https:\/\/www.vistazo.com\/cronologia\/-\/meta\/enner-valencia\" target=\"_blank\" rel=\"noopener noreferrer\">\u00a0Enner Valencia<\/a>\u00a0dijo que ante\u00a0<a href=\"https:\/\/www.vistazo.com\/cronologia\/-\/meta\/argentina\" target=\"_blank\" rel=\"noopener noreferrer\">Argentina<\/a>, el martes, disputar\u00e1 su \u00faltimo partido de\u00a0<a href=\"https:\/\/www.vistazo.com\/cronologia\/-\/meta\/eliminatorias\" target=\"_blank\" rel=\"noopener noreferrer\">eliminatorias sudamericanas<\/a>, en el cierre del clasificatorio para el\u00a0<a href=\"https:\/\/www.vistazo.com\/cronologia\/-\/meta\/mundial-2026\" target=\"_blank\" rel=\"noopener noreferrer\">Mundial de 2026<\/a>.<\/p>\n<p class=\"p_1\">&#8216;<a href=\"https:\/\/www.vistazo.com\/cronologia\/-\/meta\/superman\" target=\"_blank\" rel=\"noopener noreferrer\">Superman<\/a>&#8216; Valencia, que cumplir\u00e1 35 a\u00f1os en noviembre, anticip\u00f3 que su participaci\u00f3n en el futuro en la\u00a0<a href=\"https:\/\/www.vistazo.com\/cronologia\/-\/meta\/tri\" target=\"_blank\" rel=\"noopener noreferrer\">Tricolor\u00a0<\/a>podr\u00eda definirse \u00abpartido a partido\u00bb.<\/p>\n<p class=\"p_2\">\u00abSolo Dios sabr\u00e1 cu\u00e1ndo tendr\u00e9 que que dejar a la selecci\u00f3n. Esperemos que que sea despu\u00e9s del Mundial y que sea con un gran Mundial\u00bb, declar\u00f3 a la prensa tras un entrenamiento en\u00a0<a href=\"https:\/\/www.vistazo.com\/cronologia\/-\/meta\/guayaquil\" target=\"_blank\" rel=\"noopener noreferrer\">Guayaquil<\/a>, donde Ecuador enfrentar\u00e1 a la campeona del mundo sin<a href=\"https:\/\/www.vistazo.com\/cronologia\/-\/meta\/lionel-messi\" target=\"_blank\" rel=\"noopener noreferrer\">\u00a0Lionel Messi<\/a>.<\/p>\n<p class=\"p_4\">Valencia es el m\u00e1ximo goleador de Ecuador con 46 tantos y est\u00e1 a punto de jugar su partido 100 con la camiseta nacional.<\/p>\n<p class=\"p_5\">\u00abEn otras selecciones tambi\u00e9n se est\u00e1n retirando figuras que han dado mucho por su pa\u00eds. En nuestro caso tambi\u00e9n nos hemos dedicado m\u00e1s de una d\u00e9cada defendiendo los colores de nuestro pa\u00eds con mucha responsabilidad y esperemos que que este partido contra Argentina sea una una linda despedida y que sea con una victoria\u00bb, afirm\u00f3 el Valencia.<\/p>\n<p class=\"p_6\">El jueves \u00faltimo Messi jug\u00f3 en Argentina su \u00faltimo partido por eliminatorias sudamericanas y anot\u00f3 dos de los tres goles con los que la Albiceleste gole\u00f3 3-0 a\u00a0<a href=\"https:\/\/www.vistazo.com\/cronologia\/-\/meta\/venezuela\" target=\"_blank\" rel=\"noopener noreferrer\">Venezuela<\/a>. El capit\u00e1n argentino, campe\u00f3n del mundo en Catar 2022, no estar\u00e1 el martes en Guayaquil.<\/p>\n<p class=\"p_7\">Valencia, capit\u00e1n de la Tricolor, asegur\u00f3 que el choque ante Argentina ser\u00e1 \u00abuna linda prueba para tratar de de anotar goles que que por ah\u00ed los nos puedan dejar un poco m\u00e1s tranquilos\u00bb.<\/p>\n<p class=\"p_8\">La ofensiva es una de las debilidades de Ecuador, que igual\u00f3 0-0 con\u00a0<a href=\"https:\/\/www.vistazo.com\/cronologia\/-\/meta\/paraguay\" target=\"_blank\" rel=\"noopener noreferrer\">Paraguay\u00a0<\/a>y acumul\u00f3 cuatro empates consecutivos sin anotar.<\/p>\n<p class=\"p_9\">La selecci\u00f3n ecuatoriana, clasificada al Mundial desde la doble fecha pasada, en junio, marcha cuarta en el premundial con 26 puntos, mientras que Argentina tiene 38 y ya se asegur\u00f3 el primer lugar. <strong>Fuente: Vistazo<\/strong><\/p>\n","protected":false},"excerpt":{"rendered":"<p>El delantero\u00a0Enner Valencia\u00a0dijo que ante\u00a0Argentina, el martes, disputar\u00e1 su \u00faltimo partido de\u00a0eliminatorias sudamericanas, en el cierre del clasificatorio para el\u00a0Mundial de 2026. &#8216;Superman&#8216; Valencia, que cumplir\u00e1 35 a\u00f1os en noviembre, anticip\u00f3 que su participaci\u00f3n en el futuro en la\u00a0Tricolor\u00a0podr\u00eda definirse \u00abpartido a partido\u00bb. \u00abSolo Dios sabr\u00e1 cu\u00e1ndo tendr\u00e9 que que dejar a la selecci\u00f3n. Esperemos que que sea despu\u00e9s del Mundial y que sea con un gran Mundial\u00bb, declar\u00f3 a la prensa tras un entrenamiento en\u00a0Guayaquil, donde Ecuador enfrentar\u00e1 a la campeona del mundo sin\u00a0Lionel Messi. Valencia es el m\u00e1ximo goleador de Ecuador con 46 tantos y est\u00e1 a punto de jugar su partido 100 con la camiseta nacional. \u00abEn otras selecciones tambi\u00e9n se est\u00e1n retirando figuras que han dado mucho por su pa\u00eds. En nuestro caso tambi\u00e9n nos hemos dedicado m\u00e1s de una d\u00e9cada defendiendo los colores de nuestro pa\u00eds con mucha responsabilidad y esperemos que que este partido contra Argentina sea una una linda despedida y que sea con una victoria\u00bb, afirm\u00f3 el Valencia. El jueves \u00faltimo Messi jug\u00f3 en Argentina su \u00faltimo partido por eliminatorias sudamericanas y anot\u00f3 dos de los tres goles con los que la Albiceleste gole\u00f3 3-0 a\u00a0Venezuela. El capit\u00e1n argentino, campe\u00f3n del mundo en Catar 2022, no estar\u00e1 el martes en Guayaquil. Valencia, capit\u00e1n de la Tricolor, asegur\u00f3 que el choque ante Argentina ser\u00e1 \u00abuna linda prueba para tratar de de anotar goles que que por ah\u00ed los nos puedan dejar un poco m\u00e1s tranquilos\u00bb. La ofensiva es una de las debilidades de Ecuador, que igual\u00f3 0-0 con\u00a0Paraguay\u00a0y acumul\u00f3 cuatro empates consecutivos sin anotar. La selecci\u00f3n ecuatoriana, clasificada al Mundial desde la doble fecha pasada, en junio, marcha cuarta en el premundial con 26 puntos, mientras que Argentina tiene 38 y ya se asegur\u00f3 el primer lugar. Fuente: Vistazo<\/p>\n","protected":false},"author":1,"featured_media":26127,"comment_status":"closed","ping_status":"closed","sticky":false,"template":"","format":"standard","meta":{"footnotes":""},"categories":[268],"tags":[],"class_list":["post-26126","post","type-post","status-publish","format-standard","has-post-thumbnail","hentry","category-nacionales"],"_links":{"self":[{"href":"https:\/\/www.elamazonico.com\/portal\/wp-json\/wp\/v2\/posts\/26126","targetHints":{"allow":["GET"]}}],"collection":[{"href":"https:\/\/www.elamazonico.com\/portal\/wp-json\/wp\/v2\/posts"}],"about":[{"href":"https:\/\/www.elamazonico.com\/portal\/wp-json\/wp\/v2\/types\/post"}],"author":[{"embeddable":true,"href":"https:\/\/www.elamazonico.com\/portal\/wp-json\/wp\/v2\/users\/1"}],"replies":[{"embeddable":true,"href":"https:\/\/www.elamazonico.com\/portal\/wp-json\/wp\/v2\/comments?post=26126"}],"version-history":[{"count":1,"href":"https:\/\/www.elamazonico.com\/portal\/wp-json\/wp\/v2\/posts\/26126\/revisions"}],"predecessor-version":[{"id":26128,"href":"https:\/\/www.elamazonico.com\/portal\/wp-json\/wp\/v2\/posts\/26126\/revisions\/26128"}],"wp:featuredmedia":[{"embeddable":true,"href":"https:\/\/www.elamazonico.com\/portal\/wp-json\/wp\/v2\/media\/26127"}],"wp:attachment":[{"href":"https:\/\/www.elamazonico.com\/portal\/wp-json\/wp\/v2\/media?parent=26126"}],"wp:term":[{"taxonomy":"category","embeddable":true,"href":"https:\/\/www.elamazonico.com\/portal\/wp-json\/wp\/v2\/categories?post=26126"},{"taxonomy":"post_tag","embeddable":true,"href":"https:\/\/www.elamazonico.com\/portal\/wp-json\/wp\/v2\/tags?post=26126"}],"curies":[{"name":"wp","href":"https:\/\/api.w.org\/{rel}","templated":true}]}}