{"id":26113,"date":"2025-09-04T18:25:19","date_gmt":"2025-09-04T23:25:19","guid":{"rendered":"https:\/\/www.elamazonico.com\/portal\/?p=26113"},"modified":"2025-09-04T18:25:19","modified_gmt":"2025-09-04T23:25:19","slug":"paraguay-vs-ecuador-las-formaciones-confirmadas-moises-caicedo-quedo-fuera-de-la-convocatoria","status":"publish","type":"post","link":"https:\/\/www.elamazonico.com\/portal\/paraguay-vs-ecuador-las-formaciones-confirmadas-moises-caicedo-quedo-fuera-de-la-convocatoria\/","title":{"rendered":"Paraguay vs. Ecuador: Las formaciones confirmadas; Mois\u00e9s Caicedo qued\u00f3 fuera de la convocatoria"},"content":{"rendered":"<div class=\"top md:col-span-2\">\n<div class=\"flex flex-wrap\">\n<div class=\"basis-full md:basis-2\/5 z-100 content-center p-1\">\n<div class=\"story-introtext afacad-flux font-light text-base md:text-lg ml-6\">Paraguay y Ecuador se enfrentan en el estadio Defensores del Chaco, por la pen\u00faltima fecha de las Eliminatorias. Beccacece volvi\u00f3 a sorprender<\/div>\n<div class=\"story-publishup afacad-flux font-light uppercase text-sm md:text-base text-[#929497] ml-6\">Paraguay y <a href=\"https:\/\/www.eltelegrafo.com.ec\/noticias\/deportes\/212\/eliminatorias-jugadores-ecuador-perderse-argentina\" target=\"_blank\" rel=\"noopener noreferrer\"><strong>Ecuador<\/strong>\u00a0<\/a>juegan desde las 18:30 de este jueves, 4 de septiembre de 2025, en el estadio\u00a0<strong>Defensores del Chaco<\/strong>, por la pen\u00faltima fecha de las\u00a0<a href=\"https:\/\/www.eltelegrafo.com.ec\/noticias\/deportes\/212\/convocatoria-ecuador-ausencias-nombres-generan-dudas\" target=\"_blank\" rel=\"noopener noreferrer\"><strong>Eliminatorias<\/strong>\u00a0<\/a>al Mundial 2026.<\/div>\n<\/div>\n<\/div>\n<\/div>\n<div class=\"body md:order-3 afacad-flux font-normal text-lg p-2\">\n<p>Los paraguayos necesitan un punto para asegurar su presencia en la siguiente\u00a0<strong>Copa del Mundo<\/strong>. La expectativa en ese pa\u00eds es tal, que las autoridades anunciaron feriado nacional para este viernes, en caso de clasificar.<\/p>\n<p>En este partido no podr\u00e1 jugar el mediocampista\u00a0<strong>Alan Franco<\/strong>\u00a0por suspensi\u00f3n. Adem\u00e1s, est\u00e1n con una tarjeta amarilla\u00a0<a href=\"https:\/\/www.eltelegrafo.com.ec\/noticias\/deportes\/212\/sebastian-beccacece-frena-en-seco-a-moises-caicedo\" target=\"_blank\" rel=\"noopener noreferrer\"><strong>Mois\u00e9s Caicedo<\/strong><\/a>, Kendry P\u00e1ez, Gonzalo Plata, Joel Ord\u00f3\u00f1ez y Jhon Mercado. Si alguno recibe otra amonestaci\u00f3n, quedar\u00e1 suspendido para el partido contra Argentina en el Monumental del Guayaquil.<\/p>\n<p>De todas maneras,\u00a0<strong>Caicedo<\/strong>\u00a0no fue elegido para este partido contra Paraguay. No estar\u00e1 ni en la banca de suplentes. Un\u00a0<strong>problema f\u00edsico<\/strong>\u00a0lo dej\u00f3 fuera del partido. Aunque lo esperaron hasta el \u00faltimo momento y hasta salt\u00f3 al Defensores del Chaco para probar, se determin\u00f3 no arriesgarlo.<\/p>\n<p>El cuerpo m\u00e9dico apunta a recuperarlo para el duelo contra Argentina, en el cierre de las Eliminatorias.\u00a0<strong>Jordy Alc\u00edvar<\/strong>\u00a0fue el elegido para jugar como volante central.<\/p>\n<p><strong>Gonzalo Plata<\/strong>\u00a0tampoco estar\u00e1 en el once. \u00c9l tambi\u00e9n tiene un problema f\u00edsico. Aunque \u00e9l s\u00ed estar\u00e1 en el banco de suplentes.<\/p>\n<p>Los dos entrenadores presentaron las formaciones para el duelo eliminatorio.<\/p>\n<\/div>\n","protected":false},"excerpt":{"rendered":"<p>Paraguay y Ecuador se enfrentan en el estadio Defensores del Chaco, por la pen\u00faltima fecha de las Eliminatorias. Beccacece volvi\u00f3 a sorprender Paraguay y Ecuador\u00a0juegan desde las 18:30 de este jueves, 4 de septiembre de 2025, en el estadio\u00a0Defensores del Chaco, por la pen\u00faltima fecha de las\u00a0Eliminatorias\u00a0al Mundial 2026. Los paraguayos necesitan un punto para asegurar su presencia en la siguiente\u00a0Copa del Mundo. La expectativa en ese pa\u00eds es tal, que las autoridades anunciaron feriado nacional para este viernes, en caso de clasificar. En este partido no podr\u00e1 jugar el mediocampista\u00a0Alan Franco\u00a0por suspensi\u00f3n. Adem\u00e1s, est\u00e1n con una tarjeta amarilla\u00a0Mois\u00e9s Caicedo, Kendry P\u00e1ez, Gonzalo Plata, Joel Ord\u00f3\u00f1ez y Jhon Mercado. Si alguno recibe otra amonestaci\u00f3n, quedar\u00e1 suspendido para el partido contra Argentina en el Monumental del Guayaquil. De todas maneras,\u00a0Caicedo\u00a0no fue elegido para este partido contra Paraguay. No estar\u00e1 ni en la banca de suplentes. Un\u00a0problema f\u00edsico\u00a0lo dej\u00f3 fuera del partido. Aunque lo esperaron hasta el \u00faltimo momento y hasta salt\u00f3 al Defensores del Chaco para probar, se determin\u00f3 no arriesgarlo. El cuerpo m\u00e9dico apunta a recuperarlo para el duelo contra Argentina, en el cierre de las Eliminatorias.\u00a0Jordy Alc\u00edvar\u00a0fue el elegido para jugar como volante central. Gonzalo Plata\u00a0tampoco estar\u00e1 en el once. \u00c9l tambi\u00e9n tiene un problema f\u00edsico. Aunque \u00e9l s\u00ed estar\u00e1 en el banco de suplentes. Los dos entrenadores presentaron las formaciones para el duelo eliminatorio.<\/p>\n","protected":false},"author":1,"featured_media":26114,"comment_status":"closed","ping_status":"closed","sticky":false,"template":"","format":"standard","meta":{"footnotes":""},"categories":[6,268],"tags":[],"class_list":["post-26113","post","type-post","status-publish","format-standard","has-post-thumbnail","hentry","category-deportes","category-nacionales"],"_links":{"self":[{"href":"https:\/\/www.elamazonico.com\/portal\/wp-json\/wp\/v2\/posts\/26113","targetHints":{"allow":["GET"]}}],"collection":[{"href":"https:\/\/www.elamazonico.com\/portal\/wp-json\/wp\/v2\/posts"}],"about":[{"href":"https:\/\/www.elamazonico.com\/portal\/wp-json\/wp\/v2\/types\/post"}],"author":[{"embeddable":true,"href":"https:\/\/www.elamazonico.com\/portal\/wp-json\/wp\/v2\/users\/1"}],"replies":[{"embeddable":true,"href":"https:\/\/www.elamazonico.com\/portal\/wp-json\/wp\/v2\/comments?post=26113"}],"version-history":[{"count":1,"href":"https:\/\/www.elamazonico.com\/portal\/wp-json\/wp\/v2\/posts\/26113\/revisions"}],"predecessor-version":[{"id":26115,"href":"https:\/\/www.elamazonico.com\/portal\/wp-json\/wp\/v2\/posts\/26113\/revisions\/26115"}],"wp:featuredmedia":[{"embeddable":true,"href":"https:\/\/www.elamazonico.com\/portal\/wp-json\/wp\/v2\/media\/26114"}],"wp:attachment":[{"href":"https:\/\/www.elamazonico.com\/portal\/wp-json\/wp\/v2\/media?parent=26113"}],"wp:term":[{"taxonomy":"category","embeddable":true,"href":"https:\/\/www.elamazonico.com\/portal\/wp-json\/wp\/v2\/categories?post=26113"},{"taxonomy":"post_tag","embeddable":true,"href":"https:\/\/www.elamazonico.com\/portal\/wp-json\/wp\/v2\/tags?post=26113"}],"curies":[{"name":"wp","href":"https:\/\/api.w.org\/{rel}","templated":true}]}}