{"id":26106,"date":"2025-09-05T04:07:26","date_gmt":"2025-09-05T09:07:26","guid":{"rendered":"https:\/\/www.elamazonico.com\/portal\/?p=26106"},"modified":"2025-09-04T18:12:37","modified_gmt":"2025-09-04T23:12:37","slug":"inicia-la-construccion-del-estadio-con-cesped-sintetico-en-la-u-e-luis-felipe-borja-del-alcazar","status":"publish","type":"post","link":"https:\/\/www.elamazonico.com\/portal\/inicia-la-construccion-del-estadio-con-cesped-sintetico-en-la-u-e-luis-felipe-borja-del-alcazar\/","title":{"rendered":"Inicia la construcci\u00f3n del estadio con c\u00e9sped sint\u00e9tico en la U.E. Luis Felipe Borja del Alc\u00e1zar"},"content":{"rendered":"<p>Con el objetivo de fortalecer el desarrollo educativo, deportivo y social del cant\u00f3n Zamora, este jueves 4 de septiembre, se llev\u00f3 a cabo la colocaci\u00f3n de la primera piedra para la construcci\u00f3n del nuevo estadio con c\u00e9sped sint\u00e9tico en la Unidad Educativa Luis Felipe Borja del Alc\u00e1zar. La obra constituye una se\u00f1al en la modernizaci\u00f3n de la infraestructura deportiva de la provincia, con una inversi\u00f3n referencial de 444.000 d\u00f3lares, financiada por el Gobierno Municipal de Zamora.<\/p>\n<p>El proyecto contempla: instalaci\u00f3n de superficie sint\u00e9tica, construcci\u00f3n de cerramiento perimetral, drenajes y redes de aguas lluvias, grader\u00edos nuevos y rehabilitaci\u00f3n de los existentes, bater\u00edas sanitarias, cubierta en el grader\u00edo sur, as\u00ed como la implementaci\u00f3n de un sistema de iluminaci\u00f3n. El plazo de ejecuci\u00f3n es de 180 d\u00edas calendario.<\/p>\n<p>Durante la ceremonia, el rector de la instituci\u00f3n, Jorge Jim\u00e9nez, expres\u00f3 su satisfacci\u00f3n por el inicio de esta obra emblem\u00e1tica:<br \/>\n\u201cHoy damos un paso firme hacia la modernidad y el desarrollo, convencidos de que el deporte es un pilar fundamental en la formaci\u00f3n integral de nuestros estudiantes. Este estadio ser\u00e1 un espacio digno que fortalecer\u00e1 no s\u00f3lo las capacidades f\u00edsicas, sino tambi\u00e9n los valores humanos como la disciplina, el respeto y la solidaridad\u201d.<\/p>\n<p>Por su parte, el director distrital de Educaci\u00f3n Yacuambi\u2013Zamora, Medardo Ortega, destac\u00f3 el impacto positivo que tendr\u00e1 la obra:<br \/>\n\u201cEste estadio ser\u00e1 uno de los m\u00e1s emblem\u00e1ticos de Zamora y un referente para toda la provincia. Representa el esfuerzo conjunto de autoridades, docentes, padres de familia y estudiantes en beneficio de la educaci\u00f3n integral y el bienestar de la juventud\u201d.<\/p>\n<p>El alcalde del cant\u00f3n Zamora, V\u00edctor Manuel Gonz\u00e1lez, reafirm\u00f3 el compromiso de su administraci\u00f3n con la inversi\u00f3n en el deporte y el fortalecimiento de la ni\u00f1ez y juventud zamoranas:<br \/>\n\u201cLa construcci\u00f3n de este estadio es una inversi\u00f3n hist\u00f3rica que asciende a m\u00e1s de 444.000 d\u00f3lares, y se suma a los programas de apoyo al deporte y a la educaci\u00f3n que impulsa el municipio, incluyendo transporte escolar para estudiantes del sector rural y proyectos de infraestructura en diferentes parroquias del cant\u00f3n\u201d.<\/p>\n<p>La colocaci\u00f3n de la primera piedra simboliza el inicio de un sue\u00f1o colectivo que busca consolidar una Zamora moderna, inclusiva y comprometida con la formaci\u00f3n integral de las nuevas generaciones.<\/p>\n","protected":false},"excerpt":{"rendered":"<p>Con el objetivo de fortalecer el desarrollo educativo, deportivo y social del cant\u00f3n Zamora, este jueves 4 de septiembre, se llev\u00f3 a cabo la colocaci\u00f3n de la primera piedra para la construcci\u00f3n del nuevo estadio con c\u00e9sped sint\u00e9tico en la Unidad Educativa Luis Felipe Borja del Alc\u00e1zar. La obra constituye una se\u00f1al en la modernizaci\u00f3n de la infraestructura deportiva de la provincia, con una inversi\u00f3n referencial de 444.000 d\u00f3lares, financiada por el Gobierno Municipal de Zamora. El proyecto contempla: instalaci\u00f3n de superficie sint\u00e9tica, construcci\u00f3n de cerramiento perimetral, drenajes y redes de aguas lluvias, grader\u00edos nuevos y rehabilitaci\u00f3n de los existentes, bater\u00edas sanitarias, cubierta en el grader\u00edo sur, as\u00ed como la implementaci\u00f3n de un sistema de iluminaci\u00f3n. El plazo de ejecuci\u00f3n es de 180 d\u00edas calendario. Durante la ceremonia, el rector de la instituci\u00f3n, Jorge Jim\u00e9nez, expres\u00f3 su satisfacci\u00f3n por el inicio de esta obra emblem\u00e1tica: \u201cHoy damos un paso firme hacia la modernidad y el desarrollo, convencidos de que el deporte es un pilar fundamental en la formaci\u00f3n integral de nuestros estudiantes. Este estadio ser\u00e1 un espacio digno que fortalecer\u00e1 no s\u00f3lo las capacidades f\u00edsicas, sino tambi\u00e9n los valores humanos como la disciplina, el respeto y la solidaridad\u201d. Por su parte, el director distrital de Educaci\u00f3n Yacuambi\u2013Zamora, Medardo Ortega, destac\u00f3 el impacto positivo que tendr\u00e1 la obra: \u201cEste estadio ser\u00e1 uno de los m\u00e1s emblem\u00e1ticos de Zamora y un referente para toda la provincia. Representa el esfuerzo conjunto de autoridades, docentes, padres de familia y estudiantes en beneficio de la educaci\u00f3n integral y el bienestar de la juventud\u201d. El alcalde del cant\u00f3n Zamora, V\u00edctor Manuel Gonz\u00e1lez, reafirm\u00f3 el compromiso de su administraci\u00f3n con la inversi\u00f3n en el deporte y el fortalecimiento de la ni\u00f1ez y juventud zamoranas: \u201cLa construcci\u00f3n de este estadio es una inversi\u00f3n hist\u00f3rica que asciende a m\u00e1s de 444.000 d\u00f3lares, y se suma a los programas de apoyo al deporte y a la educaci\u00f3n que impulsa el municipio, incluyendo transporte escolar para estudiantes del sector rural y proyectos de infraestructura en diferentes parroquias del cant\u00f3n\u201d. La colocaci\u00f3n de la primera piedra simboliza el inicio de un sue\u00f1o colectivo que busca consolidar una Zamora moderna, inclusiva y comprometida con la formaci\u00f3n integral de las nuevas generaciones.<\/p>\n","protected":false},"author":1,"featured_media":26107,"comment_status":"closed","ping_status":"closed","sticky":false,"template":"","format":"standard","meta":{"footnotes":""},"categories":[243],"tags":[],"class_list":["post-26106","post","type-post","status-publish","format-standard","has-post-thumbnail","hentry","category-noticias-zamora"],"_links":{"self":[{"href":"https:\/\/www.elamazonico.com\/portal\/wp-json\/wp\/v2\/posts\/26106","targetHints":{"allow":["GET"]}}],"collection":[{"href":"https:\/\/www.elamazonico.com\/portal\/wp-json\/wp\/v2\/posts"}],"about":[{"href":"https:\/\/www.elamazonico.com\/portal\/wp-json\/wp\/v2\/types\/post"}],"author":[{"embeddable":true,"href":"https:\/\/www.elamazonico.com\/portal\/wp-json\/wp\/v2\/users\/1"}],"replies":[{"embeddable":true,"href":"https:\/\/www.elamazonico.com\/portal\/wp-json\/wp\/v2\/comments?post=26106"}],"version-history":[{"count":1,"href":"https:\/\/www.elamazonico.com\/portal\/wp-json\/wp\/v2\/posts\/26106\/revisions"}],"predecessor-version":[{"id":26108,"href":"https:\/\/www.elamazonico.com\/portal\/wp-json\/wp\/v2\/posts\/26106\/revisions\/26108"}],"wp:featuredmedia":[{"embeddable":true,"href":"https:\/\/www.elamazonico.com\/portal\/wp-json\/wp\/v2\/media\/26107"}],"wp:attachment":[{"href":"https:\/\/www.elamazonico.com\/portal\/wp-json\/wp\/v2\/media?parent=26106"}],"wp:term":[{"taxonomy":"category","embeddable":true,"href":"https:\/\/www.elamazonico.com\/portal\/wp-json\/wp\/v2\/categories?post=26106"},{"taxonomy":"post_tag","embeddable":true,"href":"https:\/\/www.elamazonico.com\/portal\/wp-json\/wp\/v2\/tags?post=26106"}],"curies":[{"name":"wp","href":"https:\/\/api.w.org\/{rel}","templated":true}]}}