{"id":26100,"date":"2025-09-05T04:04:09","date_gmt":"2025-09-05T09:04:09","guid":{"rendered":"https:\/\/www.elamazonico.com\/portal\/?p=26100"},"modified":"2025-09-04T16:42:32","modified_gmt":"2025-09-04T21:42:32","slug":"colectivo-por-los-derechos-de-zamora-chinchipe-anuncia-acciones-frente-a-la-falta-de-respuesta-del-gobierno-nacional","status":"publish","type":"post","link":"https:\/\/www.elamazonico.com\/portal\/colectivo-por-los-derechos-de-zamora-chinchipe-anuncia-acciones-frente-a-la-falta-de-respuesta-del-gobierno-nacional\/","title":{"rendered":"Colectivo por los Derechos de Zamora Chinchipe anuncia acciones frente a la falta de respuesta del Gobierno Nacional"},"content":{"rendered":"<p>Ayer jueves 4 de septiembre de 2025, en rueda de prensa, el Colectivo por los Derechos de la Provincia de Zamora Chinchipe dio a conocer las acciones que emprender\u00e1 ante la ausencia de respuesta por parte del Gobierno Nacional frente a los requerimientos sociales, productivos y ambientales planteados en la Asamblea Provincial realizada en agosto en la parroquia Panguintza.<\/p>\n<p>Luis Zaruma, representante del Colectivo Zamora Chinchipe por sus Derechos, manifest\u00f3 que en aquella asamblea se identificaron los principales problemas que afectan a la provincia y, tras varias reuniones con los diferentes sectores, se consolid\u00f3 un documento que fue entregado a la Gobernaci\u00f3n y al Gobierno Central. \u201cHasta el d\u00eda de hoy no hemos recibido ninguna respuesta. Es lamentable que las autoridades centrales mantengan o\u00eddos sordos a nuestras demandas\u201d, se\u00f1al\u00f3, a la vez que exhort\u00f3 a la gobernadora provincial a pronunciarse sobre los avances de las gestiones y a canalizar soluciones en temas como salud, vialidad, producci\u00f3n, ambiente y miner\u00eda.<\/p>\n<p>En representaci\u00f3n del Colectivo por el Hospital de Zamora, Smilcar Rodr\u00edguez expres\u00f3 la profunda preocupaci\u00f3n de las organizaciones sociales ante la crisis sanitaria provincial. Denunci\u00f3 el deterioro del hospital, la falta de profesionales m\u00e9dicos, medicamentos y ambulancias, as\u00ed como el debilitamiento de la gesti\u00f3n de salud. \u201cEs necesario que el Gobierno Nacional atienda con seriedad la construcci\u00f3n del nuevo hospital y el fortalecimiento de los centros y subcentros de salud en los nueve cantones de la provincia\u201d, recalc\u00f3.<\/p>\n<p>Por su parte, Pa\u00fal Pineda, presidente de la C\u00e1mara de Miner\u00eda de Zamora, ratific\u00f3 el respaldo del sector minero a la convocatoria ciudadana: \u201cNos sumamos a la marcha del 11 de septiembre para exigir atenci\u00f3n a los problemas estructurales de la provincia y rechazar el abandono estatal en educaci\u00f3n, salud y producci\u00f3n\u201d.<\/p>\n<p>Ra\u00fal Romero, vocero del cant\u00f3n Zamora, enfatiz\u00f3 que la provincia no puede seguir siendo tratada como \u201cel patio trasero del Ecuador\u201d y exhort\u00f3 a las autoridades locales y provinciales, alcaldes, juntas parroquiales, concejales, prefectura y asamble\u00edstas, a unirse al pueblo en la movilizaci\u00f3n del 11 de septiembre. Adem\u00e1s, hizo un llamado directo a la gobernadora Ivonne Panchin para que reciba a la delegaci\u00f3n ciudadana en la Gobernaci\u00f3n.<\/p>\n<p>Finalmente, Alexandra Salinas, presidenta del Comit\u00e9 \u00abRiveras R\u00edo Zamora\u00bb, Zumbi, denunci\u00f3 los impactos de la miner\u00eda mal regulada en los cultivos, propiedades y salud de las familias que habitan en las riberas del r\u00edo Zamora. \u201cEstamos perdiendo tierras, alimentos y obras p\u00fablicas. Es hora de hablar y de no quedarnos callados frente a esta amenaza a nuestra vida y territorio\u201d, afirm\u00f3.<\/p>\n<p>El Colectivo por los Derechos de Zamora Chinchipe anunci\u00f3 que el pr\u00f3ximo jueves 11 de septiembre de 2025 se realizar\u00e1 una gran marcha provincial en Zamora, con la participaci\u00f3n de organizaciones sociales, productivas y ciudadanas, para exigir al Gobierno Nacional la atenci\u00f3n urgente e integral de las demandas hist\u00f3ricas de la provincia.<\/p>\n","protected":false},"excerpt":{"rendered":"<p>Ayer jueves 4 de septiembre de 2025, en rueda de prensa, el Colectivo por los Derechos de la Provincia de Zamora Chinchipe dio a conocer las acciones que emprender\u00e1 ante la ausencia de respuesta por parte del Gobierno Nacional frente a los requerimientos sociales, productivos y ambientales planteados en la Asamblea Provincial realizada en agosto en la parroquia Panguintza. Luis Zaruma, representante del Colectivo Zamora Chinchipe por sus Derechos, manifest\u00f3 que en aquella asamblea se identificaron los principales problemas que afectan a la provincia y, tras varias reuniones con los diferentes sectores, se consolid\u00f3 un documento que fue entregado a la Gobernaci\u00f3n y al Gobierno Central. \u201cHasta el d\u00eda de hoy no hemos recibido ninguna respuesta. Es lamentable que las autoridades centrales mantengan o\u00eddos sordos a nuestras demandas\u201d, se\u00f1al\u00f3, a la vez que exhort\u00f3 a la gobernadora provincial a pronunciarse sobre los avances de las gestiones y a canalizar soluciones en temas como salud, vialidad, producci\u00f3n, ambiente y miner\u00eda. En representaci\u00f3n del Colectivo por el Hospital de Zamora, Smilcar Rodr\u00edguez expres\u00f3 la profunda preocupaci\u00f3n de las organizaciones sociales ante la crisis sanitaria provincial. Denunci\u00f3 el deterioro del hospital, la falta de profesionales m\u00e9dicos, medicamentos y ambulancias, as\u00ed como el debilitamiento de la gesti\u00f3n de salud. \u201cEs necesario que el Gobierno Nacional atienda con seriedad la construcci\u00f3n del nuevo hospital y el fortalecimiento de los centros y subcentros de salud en los nueve cantones de la provincia\u201d, recalc\u00f3. Por su parte, Pa\u00fal Pineda, presidente de la C\u00e1mara de Miner\u00eda de Zamora, ratific\u00f3 el respaldo del sector minero a la convocatoria ciudadana: \u201cNos sumamos a la marcha del 11 de septiembre para exigir atenci\u00f3n a los problemas estructurales de la provincia y rechazar el abandono estatal en educaci\u00f3n, salud y producci\u00f3n\u201d. Ra\u00fal Romero, vocero del cant\u00f3n Zamora, enfatiz\u00f3 que la provincia no puede seguir siendo tratada como \u201cel patio trasero del Ecuador\u201d y exhort\u00f3 a las autoridades locales y provinciales, alcaldes, juntas parroquiales, concejales, prefectura y asamble\u00edstas, a unirse al pueblo en la movilizaci\u00f3n del 11 de septiembre. Adem\u00e1s, hizo un llamado directo a la gobernadora Ivonne Panchin para que reciba a la delegaci\u00f3n ciudadana en la Gobernaci\u00f3n. Finalmente, Alexandra Salinas, presidenta del Comit\u00e9 \u00abRiveras R\u00edo Zamora\u00bb, Zumbi, denunci\u00f3 los impactos de la miner\u00eda mal regulada en los cultivos, propiedades y salud de las familias que habitan en las riberas del r\u00edo Zamora. \u201cEstamos perdiendo tierras, alimentos y obras p\u00fablicas. Es hora de hablar y de no quedarnos callados frente a esta amenaza a nuestra vida y territorio\u201d, afirm\u00f3. El Colectivo por los Derechos de Zamora Chinchipe anunci\u00f3 que el pr\u00f3ximo jueves 11 de septiembre de 2025 se realizar\u00e1 una gran marcha provincial en Zamora, con la participaci\u00f3n de organizaciones sociales, productivas y ciudadanas, para exigir al Gobierno Nacional la atenci\u00f3n urgente e integral de las demandas hist\u00f3ricas de la provincia.<\/p>\n","protected":false},"author":1,"featured_media":26101,"comment_status":"closed","ping_status":"closed","sticky":false,"template":"","format":"standard","meta":{"footnotes":""},"categories":[243],"tags":[],"class_list":["post-26100","post","type-post","status-publish","format-standard","has-post-thumbnail","hentry","category-noticias-zamora"],"_links":{"self":[{"href":"https:\/\/www.elamazonico.com\/portal\/wp-json\/wp\/v2\/posts\/26100","targetHints":{"allow":["GET"]}}],"collection":[{"href":"https:\/\/www.elamazonico.com\/portal\/wp-json\/wp\/v2\/posts"}],"about":[{"href":"https:\/\/www.elamazonico.com\/portal\/wp-json\/wp\/v2\/types\/post"}],"author":[{"embeddable":true,"href":"https:\/\/www.elamazonico.com\/portal\/wp-json\/wp\/v2\/users\/1"}],"replies":[{"embeddable":true,"href":"https:\/\/www.elamazonico.com\/portal\/wp-json\/wp\/v2\/comments?post=26100"}],"version-history":[{"count":1,"href":"https:\/\/www.elamazonico.com\/portal\/wp-json\/wp\/v2\/posts\/26100\/revisions"}],"predecessor-version":[{"id":26102,"href":"https:\/\/www.elamazonico.com\/portal\/wp-json\/wp\/v2\/posts\/26100\/revisions\/26102"}],"wp:featuredmedia":[{"embeddable":true,"href":"https:\/\/www.elamazonico.com\/portal\/wp-json\/wp\/v2\/media\/26101"}],"wp:attachment":[{"href":"https:\/\/www.elamazonico.com\/portal\/wp-json\/wp\/v2\/media?parent=26100"}],"wp:term":[{"taxonomy":"category","embeddable":true,"href":"https:\/\/www.elamazonico.com\/portal\/wp-json\/wp\/v2\/categories?post=26100"},{"taxonomy":"post_tag","embeddable":true,"href":"https:\/\/www.elamazonico.com\/portal\/wp-json\/wp\/v2\/tags?post=26100"}],"curies":[{"name":"wp","href":"https:\/\/api.w.org\/{rel}","templated":true}]}}