{"id":26097,"date":"2025-09-04T16:18:16","date_gmt":"2025-09-04T21:18:16","guid":{"rendered":"https:\/\/www.elamazonico.com\/portal\/?p=26097"},"modified":"2025-09-04T16:18:16","modified_gmt":"2025-09-04T21:18:16","slug":"jose-serrano-esta-muy-mal-hasta-lloro-dice-su-abogado-en-estados-unidos","status":"publish","type":"post","link":"https:\/\/www.elamazonico.com\/portal\/jose-serrano-esta-muy-mal-hasta-lloro-dice-su-abogado-en-estados-unidos\/","title":{"rendered":"Jos\u00e9 Serrano \u00abest\u00e1 muy mal, hasta llor\u00f3\u00bb, dice su abogado en Estados Unidos"},"content":{"rendered":"<p>Jos\u00e9 Serrano es parte de los cuatro procesados por la Fiscal\u00eda de Ecuador en el caso Magnicidio FV, en el que se investiga el asesinado del periodista y excandidato presidencial Fernando Villavicencio.<\/p>\n<p>Adem\u00e1s de Serrano, exministro del gobierno de Rafael Correa, hay otro exfuncionario del corre\u00edsmo acusado en esta causa, Ronny Aleaga. Ambos est\u00e1n fuera del pa\u00eds y fueron se\u00f1alados como presuntos autores intelectuales del magnicidio de Villavicencio.<\/p>\n<p>\u00bfQu\u00e9 se sabe sobre Serrano? Un d\u00eda despu\u00e9s de la formulaci\u00f3n en cargos, el abogado de Serrano, Robert Sheldon, se\u00f1al\u00f3 a la cadena Telemundo 51 de Estados Unidos que su defendido \u00abest\u00e1 muy mal, hasta llor\u00f3 cuando estuve all\u00ed, se siente frustrado\u00bb.<\/p>\n<p>Serrano se encuentra bajo custodia de ICE desde el 7 de agosto de 2025 en Miami, y seg\u00fan explic\u00f3 Sheldon, el exfuncionario corre\u00edsta hab\u00eda aplicado para un asilo en Estados Unidos.<\/p>\n<p>\u00abHizo todo bien, no tiene ning\u00fan crimen, y sin embargo lo arrestaron y lo tienen en Krome como a un criminal\u00bb, a\u00f1adi\u00f3 Sheldon.<\/p>\n<p>De acuerdo con el abogado, el caso de Serrano es complicado, \u00e9l fue detenido por ICE afuera de su casa en Miami por supuestamente excederse en la permanencia en Estados Unidos, hasta donde lleg\u00f3 con visa de turismo.<\/p>\n<p>\u00abTodo esto se ve muy mal, se ve que lo van a devolver a Ecuador. Es parte de un arreglo, quien sabe, entre Estados Unidos y Ecuador\u00bb, indic\u00f3 Sheldon al canal estadounidense, quien no descart\u00f3 que Serrano sea extraditado a territorio ecuatoriano.<\/p>\n<p>El caso de Serrano en Ecuador<br \/>\nEn la audiencia de formulaci\u00f3n de cargos en Quito, la jueza dict\u00f3 prisi\u00f3n preventiva para Serrano, pero como se encuentra en Estados Unidos, orden\u00f3 que se presente de forma peri\u00f3dica ante el consulado ecuatoriano en Miami.<\/p>\n<p>Esta misma medida fue dispuesta para Xavier Jord\u00e1n, quien vive en Estados Unidos y fue procesado por este caso. En tanto que para Aleaga, que viaj\u00f3 a Venezuela, se pidi\u00f3 prisi\u00f3n preventiva.<\/p>\n<p>La Fiscal\u00eda adem\u00e1s acusa de c\u00f3mplice del magnicidio a Daniel Salcedo, quien cumple condenas por corrupci\u00f3n en hospitales de Ecuador.<\/p>\n<p>Mientras que el autor de los disparos contra Villavicencio fue abatido por guardaespaldas del pol\u00edtico y cinco implicados m\u00e1s fueron condenados en 2024 a penas de hasta 34 a\u00f1os de c\u00e1rcel. Seis colombianos presuntamente vinculados al magnicidio fueron asesinados en la prisi\u00f3n.<\/p>\n<p>En Ecuador el delito de asesinato es sancionado hasta con 26 a\u00f1os de prisi\u00f3n. <strong>Fuente: Primicias<\/strong><\/p>\n","protected":false},"excerpt":{"rendered":"<p>Jos\u00e9 Serrano es parte de los cuatro procesados por la Fiscal\u00eda de Ecuador en el caso Magnicidio FV, en el que se investiga el asesinado del periodista y excandidato presidencial Fernando Villavicencio. Adem\u00e1s de Serrano, exministro del gobierno de Rafael Correa, hay otro exfuncionario del corre\u00edsmo acusado en esta causa, Ronny Aleaga. Ambos est\u00e1n fuera del pa\u00eds y fueron se\u00f1alados como presuntos autores intelectuales del magnicidio de Villavicencio. \u00bfQu\u00e9 se sabe sobre Serrano? Un d\u00eda despu\u00e9s de la formulaci\u00f3n en cargos, el abogado de Serrano, Robert Sheldon, se\u00f1al\u00f3 a la cadena Telemundo 51 de Estados Unidos que su defendido \u00abest\u00e1 muy mal, hasta llor\u00f3 cuando estuve all\u00ed, se siente frustrado\u00bb. Serrano se encuentra bajo custodia de ICE desde el 7 de agosto de 2025 en Miami, y seg\u00fan explic\u00f3 Sheldon, el exfuncionario corre\u00edsta hab\u00eda aplicado para un asilo en Estados Unidos. \u00abHizo todo bien, no tiene ning\u00fan crimen, y sin embargo lo arrestaron y lo tienen en Krome como a un criminal\u00bb, a\u00f1adi\u00f3 Sheldon. De acuerdo con el abogado, el caso de Serrano es complicado, \u00e9l fue detenido por ICE afuera de su casa en Miami por supuestamente excederse en la permanencia en Estados Unidos, hasta donde lleg\u00f3 con visa de turismo. \u00abTodo esto se ve muy mal, se ve que lo van a devolver a Ecuador. Es parte de un arreglo, quien sabe, entre Estados Unidos y Ecuador\u00bb, indic\u00f3 Sheldon al canal estadounidense, quien no descart\u00f3 que Serrano sea extraditado a territorio ecuatoriano. El caso de Serrano en Ecuador En la audiencia de formulaci\u00f3n de cargos en Quito, la jueza dict\u00f3 prisi\u00f3n preventiva para Serrano, pero como se encuentra en Estados Unidos, orden\u00f3 que se presente de forma peri\u00f3dica ante el consulado ecuatoriano en Miami. Esta misma medida fue dispuesta para Xavier Jord\u00e1n, quien vive en Estados Unidos y fue procesado por este caso. En tanto que para Aleaga, que viaj\u00f3 a Venezuela, se pidi\u00f3 prisi\u00f3n preventiva. La Fiscal\u00eda adem\u00e1s acusa de c\u00f3mplice del magnicidio a Daniel Salcedo, quien cumple condenas por corrupci\u00f3n en hospitales de Ecuador. Mientras que el autor de los disparos contra Villavicencio fue abatido por guardaespaldas del pol\u00edtico y cinco implicados m\u00e1s fueron condenados en 2024 a penas de hasta 34 a\u00f1os de c\u00e1rcel. Seis colombianos presuntamente vinculados al magnicidio fueron asesinados en la prisi\u00f3n. En Ecuador el delito de asesinato es sancionado hasta con 26 a\u00f1os de prisi\u00f3n. Fuente: Primicias<\/p>\n","protected":false},"author":1,"featured_media":26098,"comment_status":"closed","ping_status":"closed","sticky":false,"template":"","format":"standard","meta":{"footnotes":""},"categories":[268],"tags":[],"class_list":["post-26097","post","type-post","status-publish","format-standard","has-post-thumbnail","hentry","category-nacionales"],"_links":{"self":[{"href":"https:\/\/www.elamazonico.com\/portal\/wp-json\/wp\/v2\/posts\/26097","targetHints":{"allow":["GET"]}}],"collection":[{"href":"https:\/\/www.elamazonico.com\/portal\/wp-json\/wp\/v2\/posts"}],"about":[{"href":"https:\/\/www.elamazonico.com\/portal\/wp-json\/wp\/v2\/types\/post"}],"author":[{"embeddable":true,"href":"https:\/\/www.elamazonico.com\/portal\/wp-json\/wp\/v2\/users\/1"}],"replies":[{"embeddable":true,"href":"https:\/\/www.elamazonico.com\/portal\/wp-json\/wp\/v2\/comments?post=26097"}],"version-history":[{"count":1,"href":"https:\/\/www.elamazonico.com\/portal\/wp-json\/wp\/v2\/posts\/26097\/revisions"}],"predecessor-version":[{"id":26099,"href":"https:\/\/www.elamazonico.com\/portal\/wp-json\/wp\/v2\/posts\/26097\/revisions\/26099"}],"wp:featuredmedia":[{"embeddable":true,"href":"https:\/\/www.elamazonico.com\/portal\/wp-json\/wp\/v2\/media\/26098"}],"wp:attachment":[{"href":"https:\/\/www.elamazonico.com\/portal\/wp-json\/wp\/v2\/media?parent=26097"}],"wp:term":[{"taxonomy":"category","embeddable":true,"href":"https:\/\/www.elamazonico.com\/portal\/wp-json\/wp\/v2\/categories?post=26097"},{"taxonomy":"post_tag","embeddable":true,"href":"https:\/\/www.elamazonico.com\/portal\/wp-json\/wp\/v2\/tags?post=26097"}],"curies":[{"name":"wp","href":"https:\/\/api.w.org\/{rel}","templated":true}]}}