{"id":26093,"date":"2025-09-04T16:09:19","date_gmt":"2025-09-04T21:09:19","guid":{"rendered":"https:\/\/www.elamazonico.com\/portal\/?p=26093"},"modified":"2025-09-04T16:16:11","modified_gmt":"2025-09-04T21:16:11","slug":"gobierno-y-bid-presentan-el-proyecto-vial-bellavista-zumba-la-balsa-a-mas-de-70-empresas","status":"publish","type":"post","link":"https:\/\/www.elamazonico.com\/portal\/gobierno-y-bid-presentan-el-proyecto-vial-bellavista-zumba-la-balsa-a-mas-de-70-empresas\/","title":{"rendered":"Gobierno y BID presentan el proyecto vial Bellavista \u2013 Zumba \u2013 La Balsa a m\u00e1s de 70 empresas"},"content":{"rendered":"<div class=\"top md:col-span-2\">\n<div class=\"flex flex-wrap\">\n<div class=\"basis-full md:basis-2\/5 z-100 content-center p-1\">\n<div class=\"story-introtext afacad-flux font-light text-base md:text-lg ml-6\">El proyecto del IV Eje Vial, tramo Bellavista \u2013 Zumba \u2013 La Balsa, en Zamora Chinchipe, fue presentado a 70 empresas interesadas de invertir<\/div>\n<div class=\"story-publishup afacad-flux font-light uppercase text-sm md:text-base text-[#929497] ml-6\">04 de Septiembre de 2025<\/div>\n<\/div>\n<\/div>\n<\/div>\n<div class=\"body md:order-3 afacad-flux font-normal text-lg p-2\">\n<p>El\u00a0<a href=\"https:\/\/www.eltelegrafo.com.ec\/noticias\/nacionales\/210\/ecuador-presenta-estrategia-clima\" target=\"_blank\" rel=\"noopener noreferrer\"><strong>Gobierno Nacional<\/strong><\/a>\u00a0y el Banco Interamericano de Desarrollo presentaron el proyecto del IV Eje Vial, tramo<strong>\u00a0Bellavista \u2013 Zumba \u2013 La Balsa de 54 km<\/strong>, en Zamora Chinchipe, a 70 empresas de varios pa\u00edses, este jueves 4 de septiembre de 2025.<\/p>\n<p>La ronda de presentaciones estuvo dirigido a\u00a0<strong>consultores<\/strong>\u00a0y constructores nacionales e internacionales interesados en participar en la licitaci\u00f3n del dise\u00f1o, construcci\u00f3n, mantenimiento, as\u00ed como la supervisi\u00f3n de esta importante obra que conecta Ecuador con\u00a0<a href=\"https:\/\/www.eltelegrafo.com.ec\/noticias\/internacionales\/211\/peru-cartel-soles-organizacion-terrorista\" target=\"_blank\" rel=\"noopener noreferrer\"><strong>Per\u00fa<\/strong><\/a>.<\/p>\n<p>Mediante un comunicado, el Ministerio de Infraestructura y Transporte inform\u00f3 que m\u00e1s de 70 empresas de Ecuador, Brasil, Argentina, Per\u00fa, M\u00e9xico, Espa\u00f1a, China, Corea del Sur y\u00a0<a href=\"https:\/\/www.eltelegrafo.com.ec\/noticias\/internacionales\/211\/estados-unidos-considera-base-militar\" target=\"_blank\" rel=\"noopener noreferrer\"><strong>Estados Unidos<\/strong><\/a>\u00a0participaron en este evento, mediante el cual se expone informaci\u00f3n t\u00e9cnica, financiera, ambiental, social y los mecanismos de contrataci\u00f3n con est\u00e1ndares internacionales basados en las pol\u00edticas de adquisici\u00f3n del BID, entre otros criterios para hacer realidad este proyecto que transformar\u00e1 la vialidad en el sur del\u00a0<strong>Ecuador<\/strong>.<\/p>\n<p>En el texto se\u00f1ala que la obra se ejecutar\u00e1 con una inversi\u00f3n de\u00a0<strong>USD 150 millones,<\/strong>\u00a0para mejorar la calidad de vida de m\u00e1s de 10.800 habitantes del cant\u00f3n Chinchipe y m\u00e1s de 114.000 ciudadanos de toda la provincia amaz\u00f3nica.<\/p>\n<p>El ministro de Infraestructura y Transporte,\u00a0<strong>Roberto Luque<\/strong>, se\u00f1al\u00f3 que esta es una obra binacional que el Gobierno del Nuevo Ecuador, liderado por el presidente Daniel Noboa, lleva adelante para tener un futuro m\u00e1s integrado, sostenible y pr\u00f3spero. \u201cEste proyecto, hoy, es mucho m\u00e1s que una obra de ingenier\u00eda: es la materializaci\u00f3n de un anhelo esperado por a\u00f1os, un paso firme hacia la integraci\u00f3n, la seguridad vial y la mejora en la calidad de vida de miles de familias. \u201cCon este proyecto, Zamora Chinchipe y todo el pa\u00eds avanzan hacia un nuevo horizonte de progreso con igualdad de oportunidades\u201d.<\/p>\n<p>Por su parte,\u00a0<strong>Ignez Tristao<\/strong>, representante del Banco Interamericano de Desarrollo (BID) en Ecuador, se\u00f1al\u00f3 que la ronda de presentaciones refleja el compromiso conjunto de construir un Ecuador m\u00e1s conectado, m\u00e1s competitivo y m\u00e1s sostenible. \u201cEs un proyecto emblem\u00e1tico para el Ecuador, no solo porque avanza en la integraci\u00f3n regional fronteriza, sino que mejora la conectividad con el\u00a0<strong>Per\u00fa<\/strong>, y adem\u00e1s atrae desarrollo econ\u00f3mico para las comunidades fronterizas, y es por eso que cuenta con todo el respaldo del Banco Interamericano de Desarrollo\u201d.<\/p>\n<p>El proyecto contempla la pavimentaci\u00f3n del corredor principal y accesos, estabilizaci\u00f3n de taludes, implementaci\u00f3n de obras de arte mayor y menor, drenajes y medidas de mitigaci\u00f3n ambiental. El\u00a0<strong>mantenimiento<\/strong> se realizar\u00e1 bajo un contrato por niveles de servicio que asegura la durabilidad de la infraestructura. Adem\u00e1s contar\u00e1 con un sistema de alerta temprana por deslizamientos utilizando tecnolog\u00eda de vanguardia. <strong>Fuente: El Tel\u00e9grafo<\/strong><\/p>\n<\/div>\n","protected":false},"excerpt":{"rendered":"<p>El proyecto del IV Eje Vial, tramo Bellavista \u2013 Zumba \u2013 La Balsa, en Zamora Chinchipe, fue presentado a 70 empresas interesadas de invertir 04 de Septiembre de 2025 El\u00a0Gobierno Nacional\u00a0y el Banco Interamericano de Desarrollo presentaron el proyecto del IV Eje Vial, tramo\u00a0Bellavista \u2013 Zumba \u2013 La Balsa de 54 km, en Zamora Chinchipe, a 70 empresas de varios pa\u00edses, este jueves 4 de septiembre de 2025. La ronda de presentaciones estuvo dirigido a\u00a0consultores\u00a0y constructores nacionales e internacionales interesados en participar en la licitaci\u00f3n del dise\u00f1o, construcci\u00f3n, mantenimiento, as\u00ed como la supervisi\u00f3n de esta importante obra que conecta Ecuador con\u00a0Per\u00fa. Mediante un comunicado, el Ministerio de Infraestructura y Transporte inform\u00f3 que m\u00e1s de 70 empresas de Ecuador, Brasil, Argentina, Per\u00fa, M\u00e9xico, Espa\u00f1a, China, Corea del Sur y\u00a0Estados Unidos\u00a0participaron en este evento, mediante el cual se expone informaci\u00f3n t\u00e9cnica, financiera, ambiental, social y los mecanismos de contrataci\u00f3n con est\u00e1ndares internacionales basados en las pol\u00edticas de adquisici\u00f3n del BID, entre otros criterios para hacer realidad este proyecto que transformar\u00e1 la vialidad en el sur del\u00a0Ecuador. En el texto se\u00f1ala que la obra se ejecutar\u00e1 con una inversi\u00f3n de\u00a0USD 150 millones,\u00a0para mejorar la calidad de vida de m\u00e1s de 10.800 habitantes del cant\u00f3n Chinchipe y m\u00e1s de 114.000 ciudadanos de toda la provincia amaz\u00f3nica. El ministro de Infraestructura y Transporte,\u00a0Roberto Luque, se\u00f1al\u00f3 que esta es una obra binacional que el Gobierno del Nuevo Ecuador, liderado por el presidente Daniel Noboa, lleva adelante para tener un futuro m\u00e1s integrado, sostenible y pr\u00f3spero. \u201cEste proyecto, hoy, es mucho m\u00e1s que una obra de ingenier\u00eda: es la materializaci\u00f3n de un anhelo esperado por a\u00f1os, un paso firme hacia la integraci\u00f3n, la seguridad vial y la mejora en la calidad de vida de miles de familias. \u201cCon este proyecto, Zamora Chinchipe y todo el pa\u00eds avanzan hacia un nuevo horizonte de progreso con igualdad de oportunidades\u201d. Por su parte,\u00a0Ignez Tristao, representante del Banco Interamericano de Desarrollo (BID) en Ecuador, se\u00f1al\u00f3 que la ronda de presentaciones refleja el compromiso conjunto de construir un Ecuador m\u00e1s conectado, m\u00e1s competitivo y m\u00e1s sostenible. \u201cEs un proyecto emblem\u00e1tico para el Ecuador, no solo porque avanza en la integraci\u00f3n regional fronteriza, sino que mejora la conectividad con el\u00a0Per\u00fa, y adem\u00e1s atrae desarrollo econ\u00f3mico para las comunidades fronterizas, y es por eso que cuenta con todo el respaldo del Banco Interamericano de Desarrollo\u201d. El proyecto contempla la pavimentaci\u00f3n del corredor principal y accesos, estabilizaci\u00f3n de taludes, implementaci\u00f3n de obras de arte mayor y menor, drenajes y medidas de mitigaci\u00f3n ambiental. El\u00a0mantenimiento se realizar\u00e1 bajo un contrato por niveles de servicio que asegura la durabilidad de la infraestructura. Adem\u00e1s contar\u00e1 con un sistema de alerta temprana por deslizamientos utilizando tecnolog\u00eda de vanguardia. Fuente: El Tel\u00e9grafo<\/p>\n","protected":false},"author":1,"featured_media":26094,"comment_status":"closed","ping_status":"closed","sticky":false,"template":"","format":"standard","meta":{"footnotes":""},"categories":[268],"tags":[],"class_list":["post-26093","post","type-post","status-publish","format-standard","has-post-thumbnail","hentry","category-nacionales"],"_links":{"self":[{"href":"https:\/\/www.elamazonico.com\/portal\/wp-json\/wp\/v2\/posts\/26093","targetHints":{"allow":["GET"]}}],"collection":[{"href":"https:\/\/www.elamazonico.com\/portal\/wp-json\/wp\/v2\/posts"}],"about":[{"href":"https:\/\/www.elamazonico.com\/portal\/wp-json\/wp\/v2\/types\/post"}],"author":[{"embeddable":true,"href":"https:\/\/www.elamazonico.com\/portal\/wp-json\/wp\/v2\/users\/1"}],"replies":[{"embeddable":true,"href":"https:\/\/www.elamazonico.com\/portal\/wp-json\/wp\/v2\/comments?post=26093"}],"version-history":[{"count":2,"href":"https:\/\/www.elamazonico.com\/portal\/wp-json\/wp\/v2\/posts\/26093\/revisions"}],"predecessor-version":[{"id":26096,"href":"https:\/\/www.elamazonico.com\/portal\/wp-json\/wp\/v2\/posts\/26093\/revisions\/26096"}],"wp:featuredmedia":[{"embeddable":true,"href":"https:\/\/www.elamazonico.com\/portal\/wp-json\/wp\/v2\/media\/26094"}],"wp:attachment":[{"href":"https:\/\/www.elamazonico.com\/portal\/wp-json\/wp\/v2\/media?parent=26093"}],"wp:term":[{"taxonomy":"category","embeddable":true,"href":"https:\/\/www.elamazonico.com\/portal\/wp-json\/wp\/v2\/categories?post=26093"},{"taxonomy":"post_tag","embeddable":true,"href":"https:\/\/www.elamazonico.com\/portal\/wp-json\/wp\/v2\/tags?post=26093"}],"curies":[{"name":"wp","href":"https:\/\/api.w.org\/{rel}","templated":true}]}}