{"id":26090,"date":"2025-09-04T15:30:15","date_gmt":"2025-09-04T20:30:15","guid":{"rendered":"https:\/\/www.elamazonico.com\/portal\/?p=26090"},"modified":"2025-09-04T15:30:15","modified_gmt":"2025-09-04T20:30:15","slug":"marco-rubio-anuncio-ayuda-financiera-y-medidas-para-enfrentar-al-narco-en-ecuador","status":"publish","type":"post","link":"https:\/\/www.elamazonico.com\/portal\/marco-rubio-anuncio-ayuda-financiera-y-medidas-para-enfrentar-al-narco-en-ecuador\/","title":{"rendered":"Marco Rubio anunci\u00f3 ayuda financiera y medidas para enfrentar al narco en Ecuador"},"content":{"rendered":"<div class=\"paragraph texto\">\n<p class=\"p_0\"><b><a href=\"https:\/\/www.vistazo.com\/politica\/internacional\/2025-09-02-quien-marco-rubio-que-busca-visita-ecuador-estos-temas-trataria-daniel-noboa-BC10037152\">Marco Rubio<\/a><\/b>, el secretario de Estado de Estados Unidos, habl\u00f3 este jueves en Quito sobre el<u><b>\u00a0fortalecimiento de la cooperaci\u00f3n en seguridad y migraci\u00f3n en un Ecuador\u00a0<\/b><\/u>sumido en la violencia del narcotr\u00e1fico, mientras promueve en la regi\u00f3n una ofensiva implacable contra los grupos criminales.<\/p>\n<p class=\"p_1\">El funcionario estadounidense lleg\u00f3 a\u00a0<u><b>Carondelet<\/b><\/u>\u00a0pasadas las 09:00 de este jueves en medio de un\u00a0<b>fuerte operativo de seguridad<\/b>, que incluy\u00f3 vallas alrededor del palacio presidencial.<\/p>\n<\/div>\n<div class=\"Citavistazo\">\u201cValoramos su esfuerzo y tambi\u00e9n su inter\u00e9s en nuestro pa\u00eds y en todo lo que estamos haciendo aqu\u00ed para eliminar cualquier amenaza terrorista\u201d, dijo Noboa a Rubio en ingl\u00e9s durante su encuentro, seg\u00fan la agencia AFP.<\/div>\n<div class=\"paragraph texto\">\n<p class=\"p_3\">Los esfuerzos ayudar\u00e1n a avanzar\u00a0<u><b>\u201cen la protecci\u00f3n de Estados Unidos y nuestro estilo de vida\u201d<\/b><\/u>, a\u00f1adi\u00f3 el presidente ecuatoriano.<\/p>\n<div class=\"Center2Display\">\n<div id=\"Center2\">Posteriormente, Rubio brind\u00f3 una rueda de prensa junto a la canciller ecuatoriana, <b>Gabriela Sommerfeld<\/b>, quien inform\u00f3 que hubo avances en temas de apoyo al\u00a0<u><b>combate del lavado de activos, equipamiento tecnol\u00f3gico y trabajo en las fronteras<\/b><\/u>.<\/div>\n<\/div>\n<p class=\"p_5\">Adem\u00e1s, detall\u00f3 que\u00a0<u><b>se modernizar\u00e1 el acuerdo de extradici\u00f3n entre ambas naciones<\/b><\/u>, puesto que el documento fue hecho hace 150 a\u00f1os y no responde a las realidades actuales.<\/p>\n<p class=\"p_6\">Sommerfeld tambi\u00e9n coment\u00f3 que hablaron de\u00a0<u>\u201csuperar r\u00e1pidamente a la brevedad posible algunas barreras para fortalecer el comercio bilateral\u201d<\/u>.<\/p>\n<p class=\"p_7\">La funcionaria confirm\u00f3 que\u00a0<u><b>\u201cEcuador va a apoyar a Estados Unidos\u201d<\/b><\/u>\u00a0en temas migratorios con la apertura a refugiados deportados del pa\u00eds norteamericano.<\/p>\n<\/div>\n<div class=\"Citavistazo\">\u201cLo haremos de una forma coordinada protegiendo los intereses del Ecuador y con veto a personas que no sean de nuestro inter\u00e9s\u201d, acot\u00f3 Sommerfeld.<\/div>\n<div class=\"multimediaMacroWrapper img lateral\">\n<figure class=\"contentMedia art-img\">\n<div><img fetchpriority=\"high\" decoding=\"async\" class=\" lazyloaded\" title=\"Marco Rubio junto a la canciller Gabriela Sommerfeld.\" src=\"https:\/\/www.vistazo.com\/placeholder\/svg\/viewbox\/768x512\" sizes=\"100vw\" srcset=\"\/\/www.vistazo.com\/binrepository\/768x512\/0c0\/0d0\/none\/12727\/WRIJ\/g0bizfyxkaawynx_2399003_20250904132109.jpg 768w,\/\/www.vistazo.com\/binrepository\/640x427\/0c0\/0d0\/none\/12727\/WRLS\/g0bizfyxkaawynx_2399003_20250904132109.jpg 640w,\/\/www.vistazo.com\/binrepository\/512x341\/0c0\/0d0\/none\/12727\/WRJV\/g0bizfyxkaawynx_2399003_20250904132109.jpg 512w,\/\/www.vistazo.com\/binrepository\/384x256\/0c0\/0d0\/none\/12727\/WRMO\/g0bizfyxkaawynx_2399003_20250904132109.jpg 384w,\/\/www.vistazo.com\/binrepository\/300x200\/0c0\/0d0\/none\/12727\/WRKV\/g0bizfyxkaawynx_2399003_20250904132109.jpg 300w\" alt=\"$!Marco Rubio junto a la canciller Gabriela Sommerfeld.\" width=\"768\" height=\"512\" data-srcset=\"\/\/www.vistazo.com\/binrepository\/768x512\/0c0\/0d0\/none\/12727\/WRIJ\/g0bizfyxkaawynx_2399003_20250904132109.jpg 768w,\/\/www.vistazo.com\/binrepository\/640x427\/0c0\/0d0\/none\/12727\/WRLS\/g0bizfyxkaawynx_2399003_20250904132109.jpg 640w,\/\/www.vistazo.com\/binrepository\/512x341\/0c0\/0d0\/none\/12727\/WRJV\/g0bizfyxkaawynx_2399003_20250904132109.jpg 512w,\/\/www.vistazo.com\/binrepository\/384x256\/0c0\/0d0\/none\/12727\/WRMO\/g0bizfyxkaawynx_2399003_20250904132109.jpg 384w,\/\/www.vistazo.com\/binrepository\/300x200\/0c0\/0d0\/none\/12727\/WRKV\/g0bizfyxkaawynx_2399003_20250904132109.jpg 300w\" \/><\/div>\n<div class=\"cutline-byline\"><span class=\"cutline-text\">Marco Rubio junto a la canciller Gabriela Sommerfeld.\u00a0<\/span><span class=\"byline-image\">(Foto: Canciller\u00eda)<\/span><\/div>\n<\/figure>\n<\/div>\n<h2 class=\"h2vistazo\">\u00abQUEREMOS AYUDAR A ECUADOR\u00bb<\/h2>\n<div class=\"paragraph texto\">\n<p class=\"p_8\">Por su parte, Marco Rubio dijo que est\u00e1 dispuesto a seguir cooperando con Ecuador para ayudar en la lucha contra el narcotr\u00e1fico.<\/p>\n<p class=\"p_9\">En ese sentido, anunci\u00f3 que las bandas criminales ecuatorianas,<u><b>\u00a0\u2018Los Lobos\u2019 y \u2018Los Choneros\u2019<\/b><\/u>, fueron declaradas como terroristas por Estados Unidos.\u00a0<u><b>\u201cEso trae una serie de opciones\u201d<\/b><\/u>, detall\u00f3 el secretario de Estado, quien asegur\u00f3 que podr\u00edan incluirse \u201cuna o dos m\u00e1s\u201d organizaciones delictivas.<\/p>\n<p class=\"p_10\">Asimismo, comunic\u00f3 que<u><b>\u00a0la administraci\u00f3n de Donald Trump dar\u00e1 13.5 millones de d\u00f3lares a Ecuador<\/b><\/u>\u00a0para combatir al narcotr\u00e1fico y seis millones m\u00e1s para drones que ayuden a la fuerza naval.<\/p>\n<p class=\"p_11\">En cuanto a la posibilidad de establecer una nueva base militar, Rubio coment\u00f3 que\u00a0<u><b>no hay invitaci\u00f3n formal del Ecuador<\/b><\/u>, pero de existir esa propuesta lo considerar\u00edan.<\/p>\n<\/div>\n<div class=\"Citavistazo\">\u201cLo vamos a considerar porque si se nos pide, viene de un aliado y amigo. Y es un lugar estrat\u00e9gico, muy estrat\u00e9gico. Obviamente, como pa\u00eds soberano nos tiene que invitar y tiene que ser algo formal, pero lo vamos a considerar muy de cerca\u201d, anticip\u00f3 el funcionario.<\/div>\n<div class=\"paragraph texto\">\n<p class=\"p_12\">Agreg\u00f3 que la cooperaci\u00f3n no solo se limita al tema de seguridad, sino tambi\u00e9n en lo econ\u00f3mico. El secretario de Estado coment\u00f3 que\u00a0<u><b>\u201cpronto\u201d habr\u00e1 un anuncio positivo<\/b><\/u> para ampliar las relaciones comerciales. <strong>Fuente: Vistazo<\/strong><\/p>\n<\/div>\n","protected":false},"excerpt":{"rendered":"<p>Marco Rubio, el secretario de Estado de Estados Unidos, habl\u00f3 este jueves en Quito sobre el\u00a0fortalecimiento de la cooperaci\u00f3n en seguridad y migraci\u00f3n en un Ecuador\u00a0sumido en la violencia del narcotr\u00e1fico, mientras promueve en la regi\u00f3n una ofensiva implacable contra los grupos criminales. El funcionario estadounidense lleg\u00f3 a\u00a0Carondelet\u00a0pasadas las 09:00 de este jueves en medio de un\u00a0fuerte operativo de seguridad, que incluy\u00f3 vallas alrededor del palacio presidencial. \u201cValoramos su esfuerzo y tambi\u00e9n su inter\u00e9s en nuestro pa\u00eds y en todo lo que estamos haciendo aqu\u00ed para eliminar cualquier amenaza terrorista\u201d, dijo Noboa a Rubio en ingl\u00e9s durante su encuentro, seg\u00fan la agencia AFP. Los esfuerzos ayudar\u00e1n a avanzar\u00a0\u201cen la protecci\u00f3n de Estados Unidos y nuestro estilo de vida\u201d, a\u00f1adi\u00f3 el presidente ecuatoriano. Posteriormente, Rubio brind\u00f3 una rueda de prensa junto a la canciller ecuatoriana, Gabriela Sommerfeld, quien inform\u00f3 que hubo avances en temas de apoyo al\u00a0combate del lavado de activos, equipamiento tecnol\u00f3gico y trabajo en las fronteras. Adem\u00e1s, detall\u00f3 que\u00a0se modernizar\u00e1 el acuerdo de extradici\u00f3n entre ambas naciones, puesto que el documento fue hecho hace 150 a\u00f1os y no responde a las realidades actuales. Sommerfeld tambi\u00e9n coment\u00f3 que hablaron de\u00a0\u201csuperar r\u00e1pidamente a la brevedad posible algunas barreras para fortalecer el comercio bilateral\u201d. La funcionaria confirm\u00f3 que\u00a0\u201cEcuador va a apoyar a Estados Unidos\u201d\u00a0en temas migratorios con la apertura a refugiados deportados del pa\u00eds norteamericano. \u201cLo haremos de una forma coordinada protegiendo los intereses del Ecuador y con veto a personas que no sean de nuestro inter\u00e9s\u201d, acot\u00f3 Sommerfeld. Marco Rubio junto a la canciller Gabriela Sommerfeld.\u00a0(Foto: Canciller\u00eda) \u00abQUEREMOS AYUDAR A ECUADOR\u00bb Por su parte, Marco Rubio dijo que est\u00e1 dispuesto a seguir cooperando con Ecuador para ayudar en la lucha contra el narcotr\u00e1fico. En ese sentido, anunci\u00f3 que las bandas criminales ecuatorianas,\u00a0\u2018Los Lobos\u2019 y \u2018Los Choneros\u2019, fueron declaradas como terroristas por Estados Unidos.\u00a0\u201cEso trae una serie de opciones\u201d, detall\u00f3 el secretario de Estado, quien asegur\u00f3 que podr\u00edan incluirse \u201cuna o dos m\u00e1s\u201d organizaciones delictivas. Asimismo, comunic\u00f3 que\u00a0la administraci\u00f3n de Donald Trump dar\u00e1 13.5 millones de d\u00f3lares a Ecuador\u00a0para combatir al narcotr\u00e1fico y seis millones m\u00e1s para drones que ayuden a la fuerza naval. En cuanto a la posibilidad de establecer una nueva base militar, Rubio coment\u00f3 que\u00a0no hay invitaci\u00f3n formal del Ecuador, pero de existir esa propuesta lo considerar\u00edan. \u201cLo vamos a considerar porque si se nos pide, viene de un aliado y amigo. Y es un lugar estrat\u00e9gico, muy estrat\u00e9gico. Obviamente, como pa\u00eds soberano nos tiene que invitar y tiene que ser algo formal, pero lo vamos a considerar muy de cerca\u201d, anticip\u00f3 el funcionario. Agreg\u00f3 que la cooperaci\u00f3n no solo se limita al tema de seguridad, sino tambi\u00e9n en lo econ\u00f3mico. El secretario de Estado coment\u00f3 que\u00a0\u201cpronto\u201d habr\u00e1 un anuncio positivo para ampliar las relaciones comerciales. Fuente: Vistazo<\/p>\n","protected":false},"author":1,"featured_media":26091,"comment_status":"closed","ping_status":"closed","sticky":false,"template":"","format":"standard","meta":{"footnotes":""},"categories":[268],"tags":[],"class_list":["post-26090","post","type-post","status-publish","format-standard","has-post-thumbnail","hentry","category-nacionales"],"_links":{"self":[{"href":"https:\/\/www.elamazonico.com\/portal\/wp-json\/wp\/v2\/posts\/26090","targetHints":{"allow":["GET"]}}],"collection":[{"href":"https:\/\/www.elamazonico.com\/portal\/wp-json\/wp\/v2\/posts"}],"about":[{"href":"https:\/\/www.elamazonico.com\/portal\/wp-json\/wp\/v2\/types\/post"}],"author":[{"embeddable":true,"href":"https:\/\/www.elamazonico.com\/portal\/wp-json\/wp\/v2\/users\/1"}],"replies":[{"embeddable":true,"href":"https:\/\/www.elamazonico.com\/portal\/wp-json\/wp\/v2\/comments?post=26090"}],"version-history":[{"count":1,"href":"https:\/\/www.elamazonico.com\/portal\/wp-json\/wp\/v2\/posts\/26090\/revisions"}],"predecessor-version":[{"id":26092,"href":"https:\/\/www.elamazonico.com\/portal\/wp-json\/wp\/v2\/posts\/26090\/revisions\/26092"}],"wp:featuredmedia":[{"embeddable":true,"href":"https:\/\/www.elamazonico.com\/portal\/wp-json\/wp\/v2\/media\/26091"}],"wp:attachment":[{"href":"https:\/\/www.elamazonico.com\/portal\/wp-json\/wp\/v2\/media?parent=26090"}],"wp:term":[{"taxonomy":"category","embeddable":true,"href":"https:\/\/www.elamazonico.com\/portal\/wp-json\/wp\/v2\/categories?post=26090"},{"taxonomy":"post_tag","embeddable":true,"href":"https:\/\/www.elamazonico.com\/portal\/wp-json\/wp\/v2\/tags?post=26090"}],"curies":[{"name":"wp","href":"https:\/\/api.w.org\/{rel}","templated":true}]}}