{"id":26075,"date":"2025-09-04T10:47:41","date_gmt":"2025-09-04T15:47:41","guid":{"rendered":"https:\/\/www.elamazonico.com\/portal\/?p=26075"},"modified":"2025-09-04T10:47:41","modified_gmt":"2025-09-04T15:47:41","slug":"28-detenidos-y-730-paquetes-de-cocaina-en-allanamientos-en-cuatro-ciudades","status":"publish","type":"post","link":"https:\/\/www.elamazonico.com\/portal\/28-detenidos-y-730-paquetes-de-cocaina-en-allanamientos-en-cuatro-ciudades\/","title":{"rendered":"28 detenidos y 730 paquetes de coca\u00edna en allanamientos en cuatro ciudades"},"content":{"rendered":"<p>Con la detenci\u00f3n de 28 personas -entre ellas un\u00a0<b><a href=\"https:\/\/www.ecuavisa.com\/la-noticia-a-fondo\/caso-euro-2024-red-empresarial-serbio-lavar-dinero-ecuador-MA10018040\" target=\"_blank\" rel=\"noopener noreferrer\">ciudadano serbio<\/a><\/b>&#8211; y el decomiso de<b>\u00a0armas<\/b>\u00a0y\u00a0<b>m\u00e1s de 700 paquetes de<\/b>\u00a0<b>coca\u00edna<\/b>\u00a0se sald\u00f3 una operaci\u00f3n policial desplegada en cuatro ciudades de<b>\u00a0Ecuador<\/b>\u00a0este jueves 4 de septiembre. De esta manera, la\u00a0<b>Polic\u00eda Nacional\u00a0<\/b>desarticul\u00f3 una red criminal que enviaba droga a\u00a0<b>Europa<\/b>, seg\u00fan inform\u00f3 el ministro del Interior,\u00a0<b>John Reimberg<\/b>.<\/p>\n<p>En una rueda de prensa en\u00a0<b>Guayaquil<\/b>, el funcionario detall\u00f3 que se trataba de una organizaci\u00f3n que contaminaba embarcaciones que sal\u00edan del pa\u00eds. Aunque no mencion\u00f3 los nombres de compa\u00f1\u00edas involucradas, asegur\u00f3 que altos ejecutivos de corporaciones est\u00e1n implicados. \u00abEra una organizaci\u00f3n totalmente completa\u00bb, enfatiz\u00f3 Reimberg.<\/p>\n<p>El ministro precis\u00f3 que esta estructura enviaba droga a naciones como Grecia, Italia o Pa\u00edses Bajos. La autoridad estima que se ha afectado a esta organizaci\u00f3n con unos 200 millones de d\u00f3lares.<\/p>\n<p>Las intervenciones de este jueves ocurrieron tras 15 meses de investigaciones, en las que tambi\u00e9n particip\u00f3 la Oficina Europea de Polic\u00eda (<b>Europol<\/b>). Hubo allanamientos en Quito, Guayaquil, Dur\u00e1n y Latacunga. En esta \u00faltima ciudad, los uniformados ingresaron a la c\u00e1rcel para detener al ciudadano serbio. A pesar de estar recluido deb\u00eda ser trasladado a una unidad judicial para someterse a un nuevo proceso.<\/p>\n<p>Mientras que, en Guayaquil, uno de los operativos se ejecut\u00f3 en un domicilio en el sector de\u00a0<b>Ceibos<\/b>. Cerca de las 06:00, el Ministerio del Interior hab\u00eda informado que ah\u00ed se encontr\u00f3 730 paquetes de coca\u00edna, junto con armas de fuego, municiones, detectores de metales, m\u00e1scaras antig\u00e1s y radios intercomunicadores<\/p>\n<p>Esos procedimientos fueron encabezados directamente por el ministro Reimberg y el comandante general de la Polic\u00eda Nacional,<b>\u00a0Pablo D\u00e1vila<\/b>.<\/p>\n","protected":false},"excerpt":{"rendered":"<p>Con la detenci\u00f3n de 28 personas -entre ellas un\u00a0ciudadano serbio&#8211; y el decomiso de\u00a0armas\u00a0y\u00a0m\u00e1s de 700 paquetes de\u00a0coca\u00edna\u00a0se sald\u00f3 una operaci\u00f3n policial desplegada en cuatro ciudades de\u00a0Ecuador\u00a0este jueves 4 de septiembre. De esta manera, la\u00a0Polic\u00eda Nacional\u00a0desarticul\u00f3 una red criminal que enviaba droga a\u00a0Europa, seg\u00fan inform\u00f3 el ministro del Interior,\u00a0John Reimberg. En una rueda de prensa en\u00a0Guayaquil, el funcionario detall\u00f3 que se trataba de una organizaci\u00f3n que contaminaba embarcaciones que sal\u00edan del pa\u00eds. Aunque no mencion\u00f3 los nombres de compa\u00f1\u00edas involucradas, asegur\u00f3 que altos ejecutivos de corporaciones est\u00e1n implicados. \u00abEra una organizaci\u00f3n totalmente completa\u00bb, enfatiz\u00f3 Reimberg. El ministro precis\u00f3 que esta estructura enviaba droga a naciones como Grecia, Italia o Pa\u00edses Bajos. La autoridad estima que se ha afectado a esta organizaci\u00f3n con unos 200 millones de d\u00f3lares. Las intervenciones de este jueves ocurrieron tras 15 meses de investigaciones, en las que tambi\u00e9n particip\u00f3 la Oficina Europea de Polic\u00eda (Europol). Hubo allanamientos en Quito, Guayaquil, Dur\u00e1n y Latacunga. En esta \u00faltima ciudad, los uniformados ingresaron a la c\u00e1rcel para detener al ciudadano serbio. A pesar de estar recluido deb\u00eda ser trasladado a una unidad judicial para someterse a un nuevo proceso. Mientras que, en Guayaquil, uno de los operativos se ejecut\u00f3 en un domicilio en el sector de\u00a0Ceibos. Cerca de las 06:00, el Ministerio del Interior hab\u00eda informado que ah\u00ed se encontr\u00f3 730 paquetes de coca\u00edna, junto con armas de fuego, municiones, detectores de metales, m\u00e1scaras antig\u00e1s y radios intercomunicadores Esos procedimientos fueron encabezados directamente por el ministro Reimberg y el comandante general de la Polic\u00eda Nacional,\u00a0Pablo D\u00e1vila.<\/p>\n","protected":false},"author":1,"featured_media":26076,"comment_status":"closed","ping_status":"closed","sticky":false,"template":"","format":"standard","meta":{"footnotes":""},"categories":[268],"tags":[],"class_list":["post-26075","post","type-post","status-publish","format-standard","has-post-thumbnail","hentry","category-nacionales"],"_links":{"self":[{"href":"https:\/\/www.elamazonico.com\/portal\/wp-json\/wp\/v2\/posts\/26075","targetHints":{"allow":["GET"]}}],"collection":[{"href":"https:\/\/www.elamazonico.com\/portal\/wp-json\/wp\/v2\/posts"}],"about":[{"href":"https:\/\/www.elamazonico.com\/portal\/wp-json\/wp\/v2\/types\/post"}],"author":[{"embeddable":true,"href":"https:\/\/www.elamazonico.com\/portal\/wp-json\/wp\/v2\/users\/1"}],"replies":[{"embeddable":true,"href":"https:\/\/www.elamazonico.com\/portal\/wp-json\/wp\/v2\/comments?post=26075"}],"version-history":[{"count":1,"href":"https:\/\/www.elamazonico.com\/portal\/wp-json\/wp\/v2\/posts\/26075\/revisions"}],"predecessor-version":[{"id":26077,"href":"https:\/\/www.elamazonico.com\/portal\/wp-json\/wp\/v2\/posts\/26075\/revisions\/26077"}],"wp:featuredmedia":[{"embeddable":true,"href":"https:\/\/www.elamazonico.com\/portal\/wp-json\/wp\/v2\/media\/26076"}],"wp:attachment":[{"href":"https:\/\/www.elamazonico.com\/portal\/wp-json\/wp\/v2\/media?parent=26075"}],"wp:term":[{"taxonomy":"category","embeddable":true,"href":"https:\/\/www.elamazonico.com\/portal\/wp-json\/wp\/v2\/categories?post=26075"},{"taxonomy":"post_tag","embeddable":true,"href":"https:\/\/www.elamazonico.com\/portal\/wp-json\/wp\/v2\/tags?post=26075"}],"curies":[{"name":"wp","href":"https:\/\/api.w.org\/{rel}","templated":true}]}}