{"id":26071,"date":"2025-09-04T10:30:13","date_gmt":"2025-09-04T15:30:13","guid":{"rendered":"https:\/\/www.elamazonico.com\/portal\/?p=26071"},"modified":"2025-09-04T10:31:34","modified_gmt":"2025-09-04T15:31:34","slug":"el-pangui-inaugura-centro-comunitario-en-san-andres-de-el-guismi","status":"publish","type":"post","link":"https:\/\/www.elamazonico.com\/portal\/el-pangui-inaugura-centro-comunitario-en-san-andres-de-el-guismi\/","title":{"rendered":"El Pangui inaugura Centro Comunitario en San Andr\u00e9s de El Guismi"},"content":{"rendered":"<p>En el barrio San Andr\u00e9s de la parroquia El Guismi, la Alcald\u00eda de El Pangui inaugur\u00f3 un nuevo Centro Comunitario para Grupos Vulnerables, una obra que se concret\u00f3 gracias al trabajo conjunto con el GAD Parroquial. La inversi\u00f3n super\u00f3 los 41 mil d\u00f3lares, recursos que hoy se traducen en un espacio digno y funcional para la comunidad.<\/p>\n<p>El centro cuenta con 170 m\u00b2 de construcci\u00f3n, que incluyen una cocina, ba\u00f1o, bodega y una sala de reuniones, beneficiando directamente a m\u00e1s de 100 habitantes del sector.<\/p>\n<p>Durante el acto inaugural, varios moradores expresaron su satisfacci\u00f3n:<\/p>\n<p>Gladis Sanchim, habitante del sector, resalt\u00f3 que esta obra \u201ces fruto de la cooperaci\u00f3n institucional y representa un sue\u00f1o esperado por m\u00e1s de siete a\u00f1os\u201d. Por su parte, Ricardo Washikiat, morador, enfatiz\u00f3 el compromiso institucional para culminar el proyecto \u201cgracias alcalde y presidenta del gobierno parroquial esto demuestra lo que es ser una verdadera autoridad. Es una huella que nunca se borrar\u00e1\u201d.<\/p>\n<p>En representaci\u00f3n del Concejo Municipal, Mayra Quezada se\u00f1al\u00f3 que \u201ceste centro refleja el compromiso de todos los concejales por apoyar estos proyectos sociales, de manera que cada parroquia y cada barrio sientan el respaldo de sus autoridades\u201d, enfatiz\u00f3 la vicealcaldesa.<\/p>\n<p>Asimismo, Mar\u00eda Barreto, presidenta del GAD Parroquial de El Guismi felicit\u00f3 al alcalde Jairo Herrera por la obra realizada y destac\u00f3 que \u201ces un motivo de alegr\u00eda y un ejemplo de uni\u00f3n de voluntades entre autoridades y comunidad para responder a las necesidades de nuestro pueblo\u201d.<\/p>\n<p>Finalmente, con el corte de la cinta inaugural, el alcalde Jairo Herrera reafirm\u00f3 su visi\u00f3n de gesti\u00f3n \u201cnacimos para construir. Nos correspondi\u00f3 retomar esta obra que hab\u00eda quedado inconclusa a\u00f1os atr\u00e1s. Esta obra es suya, cu\u00eddenla\u201d, al mismo tiempo dijo sentirse orgulloso de ser panguense porque El Pangui se ha convertido en un referente para otros cantones vecinos y esto es posible gracias al trabajo ordenado y planificado, con proyecci\u00f3n a futuro.<\/p>\n<p>Con esta entrega, la Alcald\u00eda de El Pangui ratifica su compromiso de continuar impulsando proyectos que mejoren la calidad de vida de la ciudadan\u00eda y fortalezcan el desarrollo social de todo el cant\u00f3n.<\/p>\n","protected":false},"excerpt":{"rendered":"<p>En el barrio San Andr\u00e9s de la parroquia El Guismi, la Alcald\u00eda de El Pangui inaugur\u00f3 un nuevo Centro Comunitario para Grupos Vulnerables, una obra que se concret\u00f3 gracias al trabajo conjunto con el GAD Parroquial. La inversi\u00f3n super\u00f3 los 41 mil d\u00f3lares, recursos que hoy se traducen en un espacio digno y funcional para la comunidad. El centro cuenta con 170 m\u00b2 de construcci\u00f3n, que incluyen una cocina, ba\u00f1o, bodega y una sala de reuniones, beneficiando directamente a m\u00e1s de 100 habitantes del sector. Durante el acto inaugural, varios moradores expresaron su satisfacci\u00f3n: Gladis Sanchim, habitante del sector, resalt\u00f3 que esta obra \u201ces fruto de la cooperaci\u00f3n institucional y representa un sue\u00f1o esperado por m\u00e1s de siete a\u00f1os\u201d. Por su parte, Ricardo Washikiat, morador, enfatiz\u00f3 el compromiso institucional para culminar el proyecto \u201cgracias alcalde y presidenta del gobierno parroquial esto demuestra lo que es ser una verdadera autoridad. Es una huella que nunca se borrar\u00e1\u201d. En representaci\u00f3n del Concejo Municipal, Mayra Quezada se\u00f1al\u00f3 que \u201ceste centro refleja el compromiso de todos los concejales por apoyar estos proyectos sociales, de manera que cada parroquia y cada barrio sientan el respaldo de sus autoridades\u201d, enfatiz\u00f3 la vicealcaldesa. Asimismo, Mar\u00eda Barreto, presidenta del GAD Parroquial de El Guismi felicit\u00f3 al alcalde Jairo Herrera por la obra realizada y destac\u00f3 que \u201ces un motivo de alegr\u00eda y un ejemplo de uni\u00f3n de voluntades entre autoridades y comunidad para responder a las necesidades de nuestro pueblo\u201d. Finalmente, con el corte de la cinta inaugural, el alcalde Jairo Herrera reafirm\u00f3 su visi\u00f3n de gesti\u00f3n \u201cnacimos para construir. Nos correspondi\u00f3 retomar esta obra que hab\u00eda quedado inconclusa a\u00f1os atr\u00e1s. Esta obra es suya, cu\u00eddenla\u201d, al mismo tiempo dijo sentirse orgulloso de ser panguense porque El Pangui se ha convertido en un referente para otros cantones vecinos y esto es posible gracias al trabajo ordenado y planificado, con proyecci\u00f3n a futuro. Con esta entrega, la Alcald\u00eda de El Pangui ratifica su compromiso de continuar impulsando proyectos que mejoren la calidad de vida de la ciudadan\u00eda y fortalezcan el desarrollo social de todo el cant\u00f3n.<\/p>\n","protected":false},"author":1,"featured_media":26072,"comment_status":"closed","ping_status":"closed","sticky":false,"template":"","format":"standard","meta":{"footnotes":""},"categories":[243],"tags":[],"class_list":["post-26071","post","type-post","status-publish","format-standard","has-post-thumbnail","hentry","category-noticias-zamora"],"_links":{"self":[{"href":"https:\/\/www.elamazonico.com\/portal\/wp-json\/wp\/v2\/posts\/26071","targetHints":{"allow":["GET"]}}],"collection":[{"href":"https:\/\/www.elamazonico.com\/portal\/wp-json\/wp\/v2\/posts"}],"about":[{"href":"https:\/\/www.elamazonico.com\/portal\/wp-json\/wp\/v2\/types\/post"}],"author":[{"embeddable":true,"href":"https:\/\/www.elamazonico.com\/portal\/wp-json\/wp\/v2\/users\/1"}],"replies":[{"embeddable":true,"href":"https:\/\/www.elamazonico.com\/portal\/wp-json\/wp\/v2\/comments?post=26071"}],"version-history":[{"count":2,"href":"https:\/\/www.elamazonico.com\/portal\/wp-json\/wp\/v2\/posts\/26071\/revisions"}],"predecessor-version":[{"id":26074,"href":"https:\/\/www.elamazonico.com\/portal\/wp-json\/wp\/v2\/posts\/26071\/revisions\/26074"}],"wp:featuredmedia":[{"embeddable":true,"href":"https:\/\/www.elamazonico.com\/portal\/wp-json\/wp\/v2\/media\/26072"}],"wp:attachment":[{"href":"https:\/\/www.elamazonico.com\/portal\/wp-json\/wp\/v2\/media?parent=26071"}],"wp:term":[{"taxonomy":"category","embeddable":true,"href":"https:\/\/www.elamazonico.com\/portal\/wp-json\/wp\/v2\/categories?post=26071"},{"taxonomy":"post_tag","embeddable":true,"href":"https:\/\/www.elamazonico.com\/portal\/wp-json\/wp\/v2\/tags?post=26071"}],"curies":[{"name":"wp","href":"https:\/\/api.w.org\/{rel}","templated":true}]}}