{"id":26068,"date":"2025-09-04T09:34:19","date_gmt":"2025-09-04T14:34:19","guid":{"rendered":"https:\/\/www.elamazonico.com\/portal\/?p=26068"},"modified":"2025-09-04T09:34:19","modified_gmt":"2025-09-04T14:34:19","slug":"u-e-reinaldo-marquez-salinas-inicio-el-ano-lectivo-2025-2026-antes-se-llamo-u-e-bracamoros","status":"publish","type":"post","link":"https:\/\/www.elamazonico.com\/portal\/u-e-reinaldo-marquez-salinas-inicio-el-ano-lectivo-2025-2026-antes-se-llamo-u-e-bracamoros\/","title":{"rendered":"U.E. \u201cReinaldo M\u00e1rquez Salinas\u201d: inici\u00f3 el a\u00f1o lectivo 2025-2026, antes se llam\u00f3 U.E. Bracamoros"},"content":{"rendered":"<p>Con un acto solemne en el barrio Tunantza del cant\u00f3n Zamora, se desarroll\u00f3 el inicio oficial del a\u00f1o lectivo 2025-2026 y la presentaci\u00f3n de la nueva identidad institucional de la Unidad Educativa \u201cReinaldo M\u00e1rquez Salinas\u201d, anteriormente conocida como Unidad Educativa Bracamoros.<\/p>\n<p>La ceremonia cont\u00f3 con la presencia de autoridades distritales de educaci\u00f3n, directivos, docentes, estudiantes, padres de familia y representantes de la comunidad, quienes dieron realce a este momento hist\u00f3rico que combina la renovaci\u00f3n acad\u00e9mica con el reconocimiento a un insigne benefactor del cant\u00f3n.<\/p>\n<p>La directora encargada, M\u00f3nica Garc\u00eda Encalada, dio la bienvenida a los asistentes y resalt\u00f3 la importancia del nuevo ciclo escolar como un espacio de esperanza, crecimiento y compromiso con una educaci\u00f3n inclusiva, humanista y de calidad, que forme no solo en lo acad\u00e9mico sino tambi\u00e9n en valores, ciudadan\u00eda y responsabilidad social.<\/p>\n<p><strong>Presentaci\u00f3n de s\u00edmbolos institucionales<\/strong><br \/>\nPolibio Orellana expuso los nuevos s\u00edmbolos institucionales (himno, escudo y bandera), dise\u00f1ados en coherencia con la identidad cultural y natural de la comunidad, destacando el rol de la familia, la escuela y la sociedad en la formaci\u00f3n integral de los estudiantes.<\/p>\n<p><strong>Inauguraci\u00f3n oficial del a\u00f1o lectivo<\/strong><br \/>\nEl director distrital de Educaci\u00f3n Yacuambi-Zamora, Medardo Ortega, declar\u00f3 inaugurado el a\u00f1o escolar 2025-2026, reconociendo la trayectoria y legado de Reinaldo M\u00e1rquez Salinas, personaje cuya vida estuvo marcada por la solidaridad, la donaci\u00f3n de terrenos para la educaci\u00f3n y el progreso de Tunantza, y la promoci\u00f3n de valores comunitarios.<\/p>\n<p>En su intervenci\u00f3n, destac\u00f3 adem\u00e1s el compromiso del Ministerio de Educaci\u00f3n por fortalecer la infraestructura, el deporte, la cultura y los valores patri\u00f3ticos en la juventud, subrayando que \u201cla educaci\u00f3n es el arma m\u00e1s poderosa para cambiar el mundo\u201d.<\/p>\n<p><strong>Lectura de la resoluci\u00f3n de cambio de nominaci\u00f3n<\/strong><br \/>\nPor su parte Nancy Campoverde, jefa de planificaci\u00f3n distrital, dio lectura a la Resoluci\u00f3n No. MINEDUC-CZ719D01-DDP-2025-01R, mediante la cual se oficializ\u00f3 el cambio de denominaci\u00f3n de la Unidad Educativa Bracamoros a Unidad Educativa Reinaldo M\u00e1rquez Salinas, en cumplimiento del Reglamento General a la Ley Org\u00e1nica de Educaci\u00f3n Intercultural y con el aval de la comunidad educativa.<\/p>\n<p><strong>Biograf\u00eda del patrono institucional<\/strong><br \/>\nAida Carri\u00f3n comparti\u00f3 la biograf\u00eda de Manuel Jos\u00e9 Reinaldo M\u00e1rquez Salinas (1916-1999), un hombre de fe, agricultor y ganadero que dedic\u00f3 su vida al desarrollo del cant\u00f3n Zamora. Entre sus aportes m\u00e1s significativos destacan la donaci\u00f3n de terrenos para la construcci\u00f3n de la instituci\u00f3n educativa, la provisi\u00f3n de agua potable al sector y el apoyo a obras comunitarias y religiosas, dejando un legado de servicio, generosidad y compromiso social.<\/p>\n<p><strong>Significado del cambio<\/strong><br \/>\nEl nuevo nombre institucional simboliza la gratitud y memoria colectiva de Zamora hacia quienes contribuyeron al progreso educativo y social del cant\u00f3n.<\/p>\n<p><strong>Conclusi\u00f3n<\/strong><br \/>\nCon este evento, la Unidad Educativa \u201cReinaldo M\u00e1rquez Salinas\u201d inicia un a\u00f1o acad\u00e9mico bajo una nueva identidad que honra la memoria de un l\u00edder comunitario y fortalece la misi\u00f3n educativa de formar ciudadanos \u00edntegros, comprometidos con su entorno y con el futuro del cant\u00f3n.<\/p>\n","protected":false},"excerpt":{"rendered":"<p>Con un acto solemne en el barrio Tunantza del cant\u00f3n Zamora, se desarroll\u00f3 el inicio oficial del a\u00f1o lectivo 2025-2026 y la presentaci\u00f3n de la nueva identidad institucional de la Unidad Educativa \u201cReinaldo M\u00e1rquez Salinas\u201d, anteriormente conocida como Unidad Educativa Bracamoros. La ceremonia cont\u00f3 con la presencia de autoridades distritales de educaci\u00f3n, directivos, docentes, estudiantes, padres de familia y representantes de la comunidad, quienes dieron realce a este momento hist\u00f3rico que combina la renovaci\u00f3n acad\u00e9mica con el reconocimiento a un insigne benefactor del cant\u00f3n. La directora encargada, M\u00f3nica Garc\u00eda Encalada, dio la bienvenida a los asistentes y resalt\u00f3 la importancia del nuevo ciclo escolar como un espacio de esperanza, crecimiento y compromiso con una educaci\u00f3n inclusiva, humanista y de calidad, que forme no solo en lo acad\u00e9mico sino tambi\u00e9n en valores, ciudadan\u00eda y responsabilidad social. Presentaci\u00f3n de s\u00edmbolos institucionales Polibio Orellana expuso los nuevos s\u00edmbolos institucionales (himno, escudo y bandera), dise\u00f1ados en coherencia con la identidad cultural y natural de la comunidad, destacando el rol de la familia, la escuela y la sociedad en la formaci\u00f3n integral de los estudiantes. Inauguraci\u00f3n oficial del a\u00f1o lectivo El director distrital de Educaci\u00f3n Yacuambi-Zamora, Medardo Ortega, declar\u00f3 inaugurado el a\u00f1o escolar 2025-2026, reconociendo la trayectoria y legado de Reinaldo M\u00e1rquez Salinas, personaje cuya vida estuvo marcada por la solidaridad, la donaci\u00f3n de terrenos para la educaci\u00f3n y el progreso de Tunantza, y la promoci\u00f3n de valores comunitarios. En su intervenci\u00f3n, destac\u00f3 adem\u00e1s el compromiso del Ministerio de Educaci\u00f3n por fortalecer la infraestructura, el deporte, la cultura y los valores patri\u00f3ticos en la juventud, subrayando que \u201cla educaci\u00f3n es el arma m\u00e1s poderosa para cambiar el mundo\u201d. Lectura de la resoluci\u00f3n de cambio de nominaci\u00f3n Por su parte Nancy Campoverde, jefa de planificaci\u00f3n distrital, dio lectura a la Resoluci\u00f3n No. MINEDUC-CZ719D01-DDP-2025-01R, mediante la cual se oficializ\u00f3 el cambio de denominaci\u00f3n de la Unidad Educativa Bracamoros a Unidad Educativa Reinaldo M\u00e1rquez Salinas, en cumplimiento del Reglamento General a la Ley Org\u00e1nica de Educaci\u00f3n Intercultural y con el aval de la comunidad educativa. Biograf\u00eda del patrono institucional Aida Carri\u00f3n comparti\u00f3 la biograf\u00eda de Manuel Jos\u00e9 Reinaldo M\u00e1rquez Salinas (1916-1999), un hombre de fe, agricultor y ganadero que dedic\u00f3 su vida al desarrollo del cant\u00f3n Zamora. Entre sus aportes m\u00e1s significativos destacan la donaci\u00f3n de terrenos para la construcci\u00f3n de la instituci\u00f3n educativa, la provisi\u00f3n de agua potable al sector y el apoyo a obras comunitarias y religiosas, dejando un legado de servicio, generosidad y compromiso social. Significado del cambio El nuevo nombre institucional simboliza la gratitud y memoria colectiva de Zamora hacia quienes contribuyeron al progreso educativo y social del cant\u00f3n. Conclusi\u00f3n Con este evento, la Unidad Educativa \u201cReinaldo M\u00e1rquez Salinas\u201d inicia un a\u00f1o acad\u00e9mico bajo una nueva identidad que honra la memoria de un l\u00edder comunitario y fortalece la misi\u00f3n educativa de formar ciudadanos \u00edntegros, comprometidos con su entorno y con el futuro del cant\u00f3n.<\/p>\n","protected":false},"author":1,"featured_media":26069,"comment_status":"closed","ping_status":"closed","sticky":false,"template":"","format":"standard","meta":{"footnotes":""},"categories":[243],"tags":[],"class_list":["post-26068","post","type-post","status-publish","format-standard","has-post-thumbnail","hentry","category-noticias-zamora"],"_links":{"self":[{"href":"https:\/\/www.elamazonico.com\/portal\/wp-json\/wp\/v2\/posts\/26068","targetHints":{"allow":["GET"]}}],"collection":[{"href":"https:\/\/www.elamazonico.com\/portal\/wp-json\/wp\/v2\/posts"}],"about":[{"href":"https:\/\/www.elamazonico.com\/portal\/wp-json\/wp\/v2\/types\/post"}],"author":[{"embeddable":true,"href":"https:\/\/www.elamazonico.com\/portal\/wp-json\/wp\/v2\/users\/1"}],"replies":[{"embeddable":true,"href":"https:\/\/www.elamazonico.com\/portal\/wp-json\/wp\/v2\/comments?post=26068"}],"version-history":[{"count":1,"href":"https:\/\/www.elamazonico.com\/portal\/wp-json\/wp\/v2\/posts\/26068\/revisions"}],"predecessor-version":[{"id":26070,"href":"https:\/\/www.elamazonico.com\/portal\/wp-json\/wp\/v2\/posts\/26068\/revisions\/26070"}],"wp:featuredmedia":[{"embeddable":true,"href":"https:\/\/www.elamazonico.com\/portal\/wp-json\/wp\/v2\/media\/26069"}],"wp:attachment":[{"href":"https:\/\/www.elamazonico.com\/portal\/wp-json\/wp\/v2\/media?parent=26068"}],"wp:term":[{"taxonomy":"category","embeddable":true,"href":"https:\/\/www.elamazonico.com\/portal\/wp-json\/wp\/v2\/categories?post=26068"},{"taxonomy":"post_tag","embeddable":true,"href":"https:\/\/www.elamazonico.com\/portal\/wp-json\/wp\/v2\/tags?post=26068"}],"curies":[{"name":"wp","href":"https:\/\/api.w.org\/{rel}","templated":true}]}}