{"id":26064,"date":"2025-09-04T06:16:22","date_gmt":"2025-09-04T11:16:22","guid":{"rendered":"https:\/\/www.elamazonico.com\/portal\/?p=26064"},"modified":"2025-09-04T06:16:22","modified_gmt":"2025-09-04T11:16:22","slug":"unidad-educativa-fiscomisional-ecuador-amazonico-de-el-pangui-inicia-el-periodo-lectivo-2025-2026-con-mas-de-800-estudiantes","status":"publish","type":"post","link":"https:\/\/www.elamazonico.com\/portal\/unidad-educativa-fiscomisional-ecuador-amazonico-de-el-pangui-inicia-el-periodo-lectivo-2025-2026-con-mas-de-800-estudiantes\/","title":{"rendered":"Unidad Educativa Fiscomisional \u201cEcuador Amaz\u00f3nico\u201d de El Pangui inicia el periodo lectivo 2025-2026 con m\u00e1s de 800 estudiantes"},"content":{"rendered":"<p>La Unidad Educativa Fiscomisional Ecuador Amaz\u00f3nico del cant\u00f3n El Pangui inaugur\u00f3 oficialmente el periodo lectivo 2025-2026 el pasado lunes 1 de septiembre, con la participaci\u00f3n de alrededor de 800 estudiantes y 43 docentes en las modalidades de educaci\u00f3n b\u00e1sica superior y bachillerato, en sus \u00e1reas de Bachillerato General Unificado (BGU), agropecuaria y contabilidad.<\/p>\n<p>El acto inaugural se desarroll\u00f3 con la celebraci\u00f3n de una eucarist\u00eda, con el objetivo de encomendar el a\u00f1o acad\u00e9mico a Dios, buscando guiar las decisiones de la comunidad docente y administrativa en beneficio de los estudiantes y sus familias.<\/p>\n<p>El rector del plantel, Jorge Ben\u00edtez, inform\u00f3 que, pese a las limitaciones en infraestructura y apoyo institucional, la comunidad educativa ha trabajado activamente durante el periodo vacacional para garantizar espacios adecuados y dignos. \u201cGracias al compromiso de los padres de familia y la colaboraci\u00f3n del Municipio de El Pangui, hemos logrado pintar todas las aulas, rehabilitar pupitres y mejorar los ambientes escolares. Tambi\u00e9n recibimos apoyo en mano de obra y materiales, lo que nos ha permitido iniciar las clases con instalaciones en condiciones \u00f3ptimas\u201d, se\u00f1al\u00f3.<\/p>\n<p>Respecto al \u00e1mbito tecnol\u00f3gico, la instituci\u00f3n cuenta con dos laboratorios, un sal\u00f3n de uso m\u00faltiple y equipos de proyecci\u00f3n en algunas aulas. Si bien no se dispone de tecnolog\u00eda de punta, el rector enfatiz\u00f3 la importancia de fomentar la creatividad docente y fortalecer el pensamiento cr\u00edtico de los estudiantes, evitando una dependencia excesiva de los recursos digitales.<\/p>\n<p>En relaci\u00f3n a la sostenibilidad financiera, el rector explic\u00f3 que la instituci\u00f3n no cobra matr\u00edcula, pero los padres de familia aportan con una cuota inicial de 50 d\u00f3lares, administrada por el comit\u00e9 central, destinada a cubrir gastos de mantenimiento, insumos agr\u00edcolas, materiales de oficina y aseo. Asimismo, destac\u00f3 el apoyo constante de la empresa minera ECSA, que ha contribuido con implementos agr\u00edcolas, deportivos y de infraestructura, consolidando la autogesti\u00f3n como pilar del funcionamiento institucional.<\/p>\n<p>Ben\u00edtez resalt\u00f3 que la formaci\u00f3n en valores es un eje fundamental del proyecto educativo. \u201cUn profesional puede obtener muchos t\u00edtulos, pero sin valores como la honestidad, el respeto o la responsabilidad, no podr\u00e1 alcanzar el verdadero \u00e9xito. Nuestro trabajo est\u00e1 orientado a la formaci\u00f3n integral de los j\u00f3venes, tanto en conocimientos como en principios humanos\u201d, afirm\u00f3.<\/p>\n<p>En el periodo 2024-2025 la instituci\u00f3n gradu\u00f3 a 125 estudiantes, reafirmando su compromiso con la calidad educativa y la formaci\u00f3n integral. Adem\u00e1s, el rector destac\u00f3 la importancia de la granja institucional de 25 hect\u00e1reas, que constituye un laboratorio pr\u00e1ctico para los estudiantes de la especialidad agropecuaria, brind\u00e1ndoles experiencias reales en producci\u00f3n y emprendimiento.<\/p>\n<p>Finalmente, el rector agradeci\u00f3 a los padres de familia por la confianza depositada en la instituci\u00f3n y reiter\u00f3 la apertura de espacios de di\u00e1logo cada lunes, de 14h00 a 16h00, para fortalecer el trabajo conjunto entre docentes y familias. \u201cCon la bendici\u00f3n de Dios y el esfuerzo de todos, seguiremos posicionando a nuestra instituci\u00f3n entre las primeras del cant\u00f3n\u201d, concluy\u00f3.<\/p>\n","protected":false},"excerpt":{"rendered":"<p>La Unidad Educativa Fiscomisional Ecuador Amaz\u00f3nico del cant\u00f3n El Pangui inaugur\u00f3 oficialmente el periodo lectivo 2025-2026 el pasado lunes 1 de septiembre, con la participaci\u00f3n de alrededor de 800 estudiantes y 43 docentes en las modalidades de educaci\u00f3n b\u00e1sica superior y bachillerato, en sus \u00e1reas de Bachillerato General Unificado (BGU), agropecuaria y contabilidad. El acto inaugural se desarroll\u00f3 con la celebraci\u00f3n de una eucarist\u00eda, con el objetivo de encomendar el a\u00f1o acad\u00e9mico a Dios, buscando guiar las decisiones de la comunidad docente y administrativa en beneficio de los estudiantes y sus familias. El rector del plantel, Jorge Ben\u00edtez, inform\u00f3 que, pese a las limitaciones en infraestructura y apoyo institucional, la comunidad educativa ha trabajado activamente durante el periodo vacacional para garantizar espacios adecuados y dignos. \u201cGracias al compromiso de los padres de familia y la colaboraci\u00f3n del Municipio de El Pangui, hemos logrado pintar todas las aulas, rehabilitar pupitres y mejorar los ambientes escolares. Tambi\u00e9n recibimos apoyo en mano de obra y materiales, lo que nos ha permitido iniciar las clases con instalaciones en condiciones \u00f3ptimas\u201d, se\u00f1al\u00f3. Respecto al \u00e1mbito tecnol\u00f3gico, la instituci\u00f3n cuenta con dos laboratorios, un sal\u00f3n de uso m\u00faltiple y equipos de proyecci\u00f3n en algunas aulas. Si bien no se dispone de tecnolog\u00eda de punta, el rector enfatiz\u00f3 la importancia de fomentar la creatividad docente y fortalecer el pensamiento cr\u00edtico de los estudiantes, evitando una dependencia excesiva de los recursos digitales. En relaci\u00f3n a la sostenibilidad financiera, el rector explic\u00f3 que la instituci\u00f3n no cobra matr\u00edcula, pero los padres de familia aportan con una cuota inicial de 50 d\u00f3lares, administrada por el comit\u00e9 central, destinada a cubrir gastos de mantenimiento, insumos agr\u00edcolas, materiales de oficina y aseo. Asimismo, destac\u00f3 el apoyo constante de la empresa minera ECSA, que ha contribuido con implementos agr\u00edcolas, deportivos y de infraestructura, consolidando la autogesti\u00f3n como pilar del funcionamiento institucional. Ben\u00edtez resalt\u00f3 que la formaci\u00f3n en valores es un eje fundamental del proyecto educativo. \u201cUn profesional puede obtener muchos t\u00edtulos, pero sin valores como la honestidad, el respeto o la responsabilidad, no podr\u00e1 alcanzar el verdadero \u00e9xito. Nuestro trabajo est\u00e1 orientado a la formaci\u00f3n integral de los j\u00f3venes, tanto en conocimientos como en principios humanos\u201d, afirm\u00f3. En el periodo 2024-2025 la instituci\u00f3n gradu\u00f3 a 125 estudiantes, reafirmando su compromiso con la calidad educativa y la formaci\u00f3n integral. Adem\u00e1s, el rector destac\u00f3 la importancia de la granja institucional de 25 hect\u00e1reas, que constituye un laboratorio pr\u00e1ctico para los estudiantes de la especialidad agropecuaria, brind\u00e1ndoles experiencias reales en producci\u00f3n y emprendimiento. Finalmente, el rector agradeci\u00f3 a los padres de familia por la confianza depositada en la instituci\u00f3n y reiter\u00f3 la apertura de espacios de di\u00e1logo cada lunes, de 14h00 a 16h00, para fortalecer el trabajo conjunto entre docentes y familias. \u201cCon la bendici\u00f3n de Dios y el esfuerzo de todos, seguiremos posicionando a nuestra instituci\u00f3n entre las primeras del cant\u00f3n\u201d, concluy\u00f3.<\/p>\n","protected":false},"author":1,"featured_media":26065,"comment_status":"closed","ping_status":"closed","sticky":false,"template":"","format":"standard","meta":{"footnotes":""},"categories":[243],"tags":[],"class_list":["post-26064","post","type-post","status-publish","format-standard","has-post-thumbnail","hentry","category-noticias-zamora"],"_links":{"self":[{"href":"https:\/\/www.elamazonico.com\/portal\/wp-json\/wp\/v2\/posts\/26064","targetHints":{"allow":["GET"]}}],"collection":[{"href":"https:\/\/www.elamazonico.com\/portal\/wp-json\/wp\/v2\/posts"}],"about":[{"href":"https:\/\/www.elamazonico.com\/portal\/wp-json\/wp\/v2\/types\/post"}],"author":[{"embeddable":true,"href":"https:\/\/www.elamazonico.com\/portal\/wp-json\/wp\/v2\/users\/1"}],"replies":[{"embeddable":true,"href":"https:\/\/www.elamazonico.com\/portal\/wp-json\/wp\/v2\/comments?post=26064"}],"version-history":[{"count":1,"href":"https:\/\/www.elamazonico.com\/portal\/wp-json\/wp\/v2\/posts\/26064\/revisions"}],"predecessor-version":[{"id":26066,"href":"https:\/\/www.elamazonico.com\/portal\/wp-json\/wp\/v2\/posts\/26064\/revisions\/26066"}],"wp:featuredmedia":[{"embeddable":true,"href":"https:\/\/www.elamazonico.com\/portal\/wp-json\/wp\/v2\/media\/26065"}],"wp:attachment":[{"href":"https:\/\/www.elamazonico.com\/portal\/wp-json\/wp\/v2\/media?parent=26064"}],"wp:term":[{"taxonomy":"category","embeddable":true,"href":"https:\/\/www.elamazonico.com\/portal\/wp-json\/wp\/v2\/categories?post=26064"},{"taxonomy":"post_tag","embeddable":true,"href":"https:\/\/www.elamazonico.com\/portal\/wp-json\/wp\/v2\/tags?post=26064"}],"curies":[{"name":"wp","href":"https:\/\/api.w.org\/{rel}","templated":true}]}}