{"id":26052,"date":"2025-09-03T18:00:37","date_gmt":"2025-09-03T23:00:37","guid":{"rendered":"https:\/\/www.elamazonico.com\/portal\/?p=26052"},"modified":"2025-09-03T18:04:47","modified_gmt":"2025-09-03T23:04:47","slug":"siete-aprehendidos-en-paquisha-por-presunto-robo-a-concesiones-mineras","status":"publish","type":"post","link":"https:\/\/www.elamazonico.com\/portal\/siete-aprehendidos-en-paquisha-por-presunto-robo-a-concesiones-mineras\/","title":{"rendered":"Siete aprehendidos en Paquisha por presunto robo a concesiones mineras"},"content":{"rendered":"<p>La Polic\u00eda Nacional del Ecuador, a trav\u00e9s de la Direcci\u00f3n General de Inteligencia y la Direcci\u00f3n Nacional de la Polic\u00eda Judicial, ejecut\u00f3 una intervenci\u00f3n estrat\u00e9gica en el cant\u00f3n Paquisha, provincia de Zamora Chinchipe, que permiti\u00f3 la aprehensi\u00f3n de siete ciudadanos, entre ellos presuntos integrantes del grupo de delincuencia organizada (GAO) \u201cLos Lobos\u201d.<\/p>\n<p>De acuerdo con las investigaciones, la estructura estar\u00eda vinculada al presunto delito de robo a concesiones mineras en la provincia. El operativo se enmarca en la estrategia nacional \u201cEstrella Verde\u201d, implementada de manera simult\u00e1nea en varios puntos del pa\u00eds con el objetivo de combatir organizaciones relacionadas con el crimen organizado.<\/p>\n<p><strong>Resultados del operativo<\/strong><br \/>\nTras varios meses de labores de inteligencia, seguimiento e investigaci\u00f3n, se logr\u00f3 identificar a una organizaci\u00f3n dedicada a actividades il\u00edcitas, lo que permiti\u00f3 la captura de los siguientes ciudadanos:<\/p>\n<p>Wilmer M. (23 a\u00f1os) \u2013 Ecuatoriano \u2013 Sin antecedentes.Julio C. (52 a\u00f1os) \u2013 Ecuatoriano \u2013 Presunto miembro de GAO \u201cLos Lobos\u201d. Antecedentes: Tenencia de droga (2013), Asociaci\u00f3n il\u00edcita (2019 y 2025).<br \/>\nRichard M. (40 a\u00f1os) \u2013 Ecuatoriano \u2013 Presunto miembro de GAO \u201cLos Lobos\u201d \u2013 Sin antecedentes registrados.<br \/>\nBernardo A. (49 a\u00f1os) \u2013 Ecuatoriano \u2013 Antecedentes por robo en m\u00faltiples ocasiones (2007, 2010, 2018, 2019).<br \/>\nMilton P. (40 a\u00f1os) \u2013 Ecuatoriano \u2013 Presunto miembro de GAO \u201cLos Lobos\u201d.<br \/>\nAntecedentes: Actividad il\u00edcita de recursos mineros (2017) y robo (2023).<br \/>\nHenry E. (23 a\u00f1os) \u2013 Ecuatoriano \u2013 Sin antecedentes.<br \/>\nRam\u00f3n C. (42 a\u00f1os) \u2013 Ecuatoriano \u2013 Sin antecedentes.<\/p>\n<p><strong>Evidencias encontradas<\/strong><br \/>\nDurante el operativo se incautaron los siguientes indicios asociativos, puestos bajo cadena de custodia:<br \/>\n01 arma de fuego tipo pistola marca Glock<br \/>\n17 cartuchos calibre 9mm<br \/>\n01 alimentadora<br \/>\n07 tel\u00e9fonos m\u00f3viles<br \/>\n01 veh\u00edculo tipo autom\u00f3vil, marca Kia<br \/>\n01 veh\u00edculo tipo camioneta, marca Jac<br \/>\n02 radios de comunicaci\u00f3n (Handy)<br \/>\n01 pasamonta\u00f1as<br \/>\n01 binocular<br \/>\n02 mochilas<\/p>\n<p>Personal de Criminal\u00edstica efectu\u00f3 el levantamiento t\u00e9cnico de las evidencias, las cuales fueron ingresadas mediante los protocolos correspondientes. Los aprehendidos y los objetos incautados fueron puestos a \u00f3rdenes de la autoridad competente para el inicio del proceso judicial respectivo.<\/p>\n<p><strong>Compromiso institucional<\/strong><br \/>\nLa Polic\u00eda Nacional del Ecuador ratifica su lucha frontal contra el crimen organizado, mediante acciones de inteligencia, investigaci\u00f3n y prevenci\u00f3n que permitan desarticular estructuras delictivas, salvaguardando la seguridad y devolviendo la tranquilidad a la ciudadan\u00eda.<\/p>\n","protected":false},"excerpt":{"rendered":"<p>La Polic\u00eda Nacional del Ecuador, a trav\u00e9s de la Direcci\u00f3n General de Inteligencia y la Direcci\u00f3n Nacional de la Polic\u00eda Judicial, ejecut\u00f3 una intervenci\u00f3n estrat\u00e9gica en el cant\u00f3n Paquisha, provincia de Zamora Chinchipe, que permiti\u00f3 la aprehensi\u00f3n de siete ciudadanos, entre ellos presuntos integrantes del grupo de delincuencia organizada (GAO) \u201cLos Lobos\u201d. De acuerdo con las investigaciones, la estructura estar\u00eda vinculada al presunto delito de robo a concesiones mineras en la provincia. El operativo se enmarca en la estrategia nacional \u201cEstrella Verde\u201d, implementada de manera simult\u00e1nea en varios puntos del pa\u00eds con el objetivo de combatir organizaciones relacionadas con el crimen organizado. Resultados del operativo Tras varios meses de labores de inteligencia, seguimiento e investigaci\u00f3n, se logr\u00f3 identificar a una organizaci\u00f3n dedicada a actividades il\u00edcitas, lo que permiti\u00f3 la captura de los siguientes ciudadanos: Wilmer M. (23 a\u00f1os) \u2013 Ecuatoriano \u2013 Sin antecedentes.Julio C. (52 a\u00f1os) \u2013 Ecuatoriano \u2013 Presunto miembro de GAO \u201cLos Lobos\u201d. Antecedentes: Tenencia de droga (2013), Asociaci\u00f3n il\u00edcita (2019 y 2025). Richard M. (40 a\u00f1os) \u2013 Ecuatoriano \u2013 Presunto miembro de GAO \u201cLos Lobos\u201d \u2013 Sin antecedentes registrados. Bernardo A. (49 a\u00f1os) \u2013 Ecuatoriano \u2013 Antecedentes por robo en m\u00faltiples ocasiones (2007, 2010, 2018, 2019). Milton P. (40 a\u00f1os) \u2013 Ecuatoriano \u2013 Presunto miembro de GAO \u201cLos Lobos\u201d. Antecedentes: Actividad il\u00edcita de recursos mineros (2017) y robo (2023). Henry E. (23 a\u00f1os) \u2013 Ecuatoriano \u2013 Sin antecedentes. Ram\u00f3n C. (42 a\u00f1os) \u2013 Ecuatoriano \u2013 Sin antecedentes. Evidencias encontradas Durante el operativo se incautaron los siguientes indicios asociativos, puestos bajo cadena de custodia: 01 arma de fuego tipo pistola marca Glock 17 cartuchos calibre 9mm 01 alimentadora 07 tel\u00e9fonos m\u00f3viles 01 veh\u00edculo tipo autom\u00f3vil, marca Kia 01 veh\u00edculo tipo camioneta, marca Jac 02 radios de comunicaci\u00f3n (Handy) 01 pasamonta\u00f1as 01 binocular 02 mochilas Personal de Criminal\u00edstica efectu\u00f3 el levantamiento t\u00e9cnico de las evidencias, las cuales fueron ingresadas mediante los protocolos correspondientes. Los aprehendidos y los objetos incautados fueron puestos a \u00f3rdenes de la autoridad competente para el inicio del proceso judicial respectivo. Compromiso institucional La Polic\u00eda Nacional del Ecuador ratifica su lucha frontal contra el crimen organizado, mediante acciones de inteligencia, investigaci\u00f3n y prevenci\u00f3n que permitan desarticular estructuras delictivas, salvaguardando la seguridad y devolviendo la tranquilidad a la ciudadan\u00eda.<\/p>\n","protected":false},"author":1,"featured_media":26053,"comment_status":"closed","ping_status":"closed","sticky":false,"template":"","format":"standard","meta":{"footnotes":""},"categories":[243],"tags":[],"class_list":["post-26052","post","type-post","status-publish","format-standard","has-post-thumbnail","hentry","category-noticias-zamora"],"_links":{"self":[{"href":"https:\/\/www.elamazonico.com\/portal\/wp-json\/wp\/v2\/posts\/26052","targetHints":{"allow":["GET"]}}],"collection":[{"href":"https:\/\/www.elamazonico.com\/portal\/wp-json\/wp\/v2\/posts"}],"about":[{"href":"https:\/\/www.elamazonico.com\/portal\/wp-json\/wp\/v2\/types\/post"}],"author":[{"embeddable":true,"href":"https:\/\/www.elamazonico.com\/portal\/wp-json\/wp\/v2\/users\/1"}],"replies":[{"embeddable":true,"href":"https:\/\/www.elamazonico.com\/portal\/wp-json\/wp\/v2\/comments?post=26052"}],"version-history":[{"count":2,"href":"https:\/\/www.elamazonico.com\/portal\/wp-json\/wp\/v2\/posts\/26052\/revisions"}],"predecessor-version":[{"id":26056,"href":"https:\/\/www.elamazonico.com\/portal\/wp-json\/wp\/v2\/posts\/26052\/revisions\/26056"}],"wp:featuredmedia":[{"embeddable":true,"href":"https:\/\/www.elamazonico.com\/portal\/wp-json\/wp\/v2\/media\/26053"}],"wp:attachment":[{"href":"https:\/\/www.elamazonico.com\/portal\/wp-json\/wp\/v2\/media?parent=26052"}],"wp:term":[{"taxonomy":"category","embeddable":true,"href":"https:\/\/www.elamazonico.com\/portal\/wp-json\/wp\/v2\/categories?post=26052"},{"taxonomy":"post_tag","embeddable":true,"href":"https:\/\/www.elamazonico.com\/portal\/wp-json\/wp\/v2\/tags?post=26052"}],"curies":[{"name":"wp","href":"https:\/\/api.w.org\/{rel}","templated":true}]}}