{"id":26045,"date":"2025-09-03T11:09:52","date_gmt":"2025-09-03T16:09:52","guid":{"rendered":"https:\/\/www.elamazonico.com\/portal\/?p=26045"},"modified":"2025-09-03T11:09:52","modified_gmt":"2025-09-03T16:09:52","slug":"16-militares-son-detenidos-por-presunta-filtracion-de-informacion-sobre-operativos-en-la-frontera","status":"publish","type":"post","link":"https:\/\/www.elamazonico.com\/portal\/16-militares-son-detenidos-por-presunta-filtracion-de-informacion-sobre-operativos-en-la-frontera\/","title":{"rendered":"16 militares son detenidos por presunta filtraci\u00f3n de informaci\u00f3n sobre operativos en la frontera"},"content":{"rendered":"<p>Diecis\u00e9is militares y cinco civiles fueron detenidos este mi\u00e9rcoles 3 de septiembre en el marco de una investigaci\u00f3n por posible\u00a0<b>\u00abfiltraci\u00f3n de informaci\u00f3n y operaciones il\u00edcitas\u00bb<\/b>, seg\u00fan inform\u00f3 el\u00a0<b><a href=\"https:\/\/www.ecuavisa.com\/noticias\/seguridad\/cupula-militar-ecuador-escalada-violencia-criminal-JF10043479\" target=\"_blank\" rel=\"noopener noreferrer\">Ej\u00e9rcito Ecuatoriano<\/a><\/b>\u00a0en un comunicado.<\/p>\n<p>De acuerdo al bolet\u00edn, la investigaci\u00f3n inici\u00f3 hace varios meses y se origin\u00f3 a partir de operaciones de inteligencia militar que revelaron filtraciones de informaci\u00f3n sobre acciones en zonas fronterizas.<\/p>\n<p>Seg\u00fan la instituci\u00f3n castrense, las pruebas fueron entregadas de manera urgente a personal de la\u00a0<b>Fiscal\u00eda General del Estado<\/b>\u00a0(FGE) en\u00a0<b>Loja<\/b>.<\/p>\n<p>Los allanamientos de este mi\u00e9rcoles ocurrieron en viviendas y en instalaciones militares. Participaron polic\u00edas y agentes de la FGE, detall\u00f3 el Ej\u00e9rcito. Las intervenciones ocurrieron en las provincias de Orellana, Sucumb\u00edos, Santo Domingo De Los Ts\u00e1chilas, Chimborazo, Manab\u00ed, Los R\u00edos, Zamora Chinchipe, Loja, El Oro, Guayas y Pichincha.<\/p>\n","protected":false},"excerpt":{"rendered":"<p>Diecis\u00e9is militares y cinco civiles fueron detenidos este mi\u00e9rcoles 3 de septiembre en el marco de una investigaci\u00f3n por posible\u00a0\u00abfiltraci\u00f3n de informaci\u00f3n y operaciones il\u00edcitas\u00bb, seg\u00fan inform\u00f3 el\u00a0Ej\u00e9rcito Ecuatoriano\u00a0en un comunicado. De acuerdo al bolet\u00edn, la investigaci\u00f3n inici\u00f3 hace varios meses y se origin\u00f3 a partir de operaciones de inteligencia militar que revelaron filtraciones de informaci\u00f3n sobre acciones en zonas fronterizas. Seg\u00fan la instituci\u00f3n castrense, las pruebas fueron entregadas de manera urgente a personal de la\u00a0Fiscal\u00eda General del Estado\u00a0(FGE) en\u00a0Loja. Los allanamientos de este mi\u00e9rcoles ocurrieron en viviendas y en instalaciones militares. Participaron polic\u00edas y agentes de la FGE, detall\u00f3 el Ej\u00e9rcito. Las intervenciones ocurrieron en las provincias de Orellana, Sucumb\u00edos, Santo Domingo De Los Ts\u00e1chilas, Chimborazo, Manab\u00ed, Los R\u00edos, Zamora Chinchipe, Loja, El Oro, Guayas y Pichincha.<\/p>\n","protected":false},"author":1,"featured_media":26046,"comment_status":"closed","ping_status":"closed","sticky":false,"template":"","format":"standard","meta":{"footnotes":""},"categories":[268],"tags":[],"class_list":["post-26045","post","type-post","status-publish","format-standard","has-post-thumbnail","hentry","category-nacionales"],"_links":{"self":[{"href":"https:\/\/www.elamazonico.com\/portal\/wp-json\/wp\/v2\/posts\/26045","targetHints":{"allow":["GET"]}}],"collection":[{"href":"https:\/\/www.elamazonico.com\/portal\/wp-json\/wp\/v2\/posts"}],"about":[{"href":"https:\/\/www.elamazonico.com\/portal\/wp-json\/wp\/v2\/types\/post"}],"author":[{"embeddable":true,"href":"https:\/\/www.elamazonico.com\/portal\/wp-json\/wp\/v2\/users\/1"}],"replies":[{"embeddable":true,"href":"https:\/\/www.elamazonico.com\/portal\/wp-json\/wp\/v2\/comments?post=26045"}],"version-history":[{"count":1,"href":"https:\/\/www.elamazonico.com\/portal\/wp-json\/wp\/v2\/posts\/26045\/revisions"}],"predecessor-version":[{"id":26047,"href":"https:\/\/www.elamazonico.com\/portal\/wp-json\/wp\/v2\/posts\/26045\/revisions\/26047"}],"wp:featuredmedia":[{"embeddable":true,"href":"https:\/\/www.elamazonico.com\/portal\/wp-json\/wp\/v2\/media\/26046"}],"wp:attachment":[{"href":"https:\/\/www.elamazonico.com\/portal\/wp-json\/wp\/v2\/media?parent=26045"}],"wp:term":[{"taxonomy":"category","embeddable":true,"href":"https:\/\/www.elamazonico.com\/portal\/wp-json\/wp\/v2\/categories?post=26045"},{"taxonomy":"post_tag","embeddable":true,"href":"https:\/\/www.elamazonico.com\/portal\/wp-json\/wp\/v2\/tags?post=26045"}],"curies":[{"name":"wp","href":"https:\/\/api.w.org\/{rel}","templated":true}]}}