{"id":26042,"date":"2025-09-03T10:37:39","date_gmt":"2025-09-03T15:37:39","guid":{"rendered":"https:\/\/www.elamazonico.com\/portal\/?p=26042"},"modified":"2025-09-03T10:37:39","modified_gmt":"2025-09-03T15:37:39","slug":"municipios-reclaman-5669-millones-al-gobierno-y-exigen-reunion-urgente","status":"publish","type":"post","link":"https:\/\/www.elamazonico.com\/portal\/municipios-reclaman-5669-millones-al-gobierno-y-exigen-reunion-urgente\/","title":{"rendered":"Municipios reclaman $566,9 millones al Gobierno y exigen reuni\u00f3n urgente"},"content":{"rendered":"<p>La Asociaci\u00f3n de Municipalidades del Ecuador (AME) emiti\u00f3 este martes 2 de septiembre un en\u00e9rgico comunicado en el que demand\u00f3 al Gobierno Nacional una reuni\u00f3n inmediata con su Comit\u00e9 Ejecutivo, en medio de la crisis por la falta de transferencias econ\u00f3micas.<\/p>\n<p>Patricio Maldonado, presidente de la AME, cuestion\u00f3 que mientras el Ejecutivo convoca a encuentros con algunos alcaldes, la deuda con los municipios sigue creciendo. \u201cEs momento de perder el miedo (\u2026) No aceptaremos m\u00e1s evasivas ni silencios\u201d, advirti\u00f3.<\/p>\n<p>La organizaci\u00f3n, que agrupa a los 221 municipios del pa\u00eds, denunci\u00f3 que los retrasos en las asignaciones del Modelo de Equidad Territorial han alcanzado hasta tres meses, afectando el pago de sueldos, compromisos con proveedores y la ejecuci\u00f3n de obras locales.<\/p>\n<p>Seg\u00fan la AME, hasta julio de 2025 el Gobierno mantiene una deuda de\u00a0<strong>566,9 millones de d\u00f3lares<\/strong>\u00a0con los gobiernos municipales. Hasta el momento, ni el Ministerio de Finanzas ni el Ejecutivo se han pronunciado sobre el pedido.<\/p>\n","protected":false},"excerpt":{"rendered":"<p>La Asociaci\u00f3n de Municipalidades del Ecuador (AME) emiti\u00f3 este martes 2 de septiembre un en\u00e9rgico comunicado en el que demand\u00f3 al Gobierno Nacional una reuni\u00f3n inmediata con su Comit\u00e9 Ejecutivo, en medio de la crisis por la falta de transferencias econ\u00f3micas. Patricio Maldonado, presidente de la AME, cuestion\u00f3 que mientras el Ejecutivo convoca a encuentros con algunos alcaldes, la deuda con los municipios sigue creciendo. \u201cEs momento de perder el miedo (\u2026) No aceptaremos m\u00e1s evasivas ni silencios\u201d, advirti\u00f3. La organizaci\u00f3n, que agrupa a los 221 municipios del pa\u00eds, denunci\u00f3 que los retrasos en las asignaciones del Modelo de Equidad Territorial han alcanzado hasta tres meses, afectando el pago de sueldos, compromisos con proveedores y la ejecuci\u00f3n de obras locales. Seg\u00fan la AME, hasta julio de 2025 el Gobierno mantiene una deuda de\u00a0566,9 millones de d\u00f3lares\u00a0con los gobiernos municipales. Hasta el momento, ni el Ministerio de Finanzas ni el Ejecutivo se han pronunciado sobre el pedido.<\/p>\n","protected":false},"author":1,"featured_media":26043,"comment_status":"closed","ping_status":"closed","sticky":false,"template":"","format":"standard","meta":{"footnotes":""},"categories":[268],"tags":[],"class_list":["post-26042","post","type-post","status-publish","format-standard","has-post-thumbnail","hentry","category-nacionales"],"_links":{"self":[{"href":"https:\/\/www.elamazonico.com\/portal\/wp-json\/wp\/v2\/posts\/26042","targetHints":{"allow":["GET"]}}],"collection":[{"href":"https:\/\/www.elamazonico.com\/portal\/wp-json\/wp\/v2\/posts"}],"about":[{"href":"https:\/\/www.elamazonico.com\/portal\/wp-json\/wp\/v2\/types\/post"}],"author":[{"embeddable":true,"href":"https:\/\/www.elamazonico.com\/portal\/wp-json\/wp\/v2\/users\/1"}],"replies":[{"embeddable":true,"href":"https:\/\/www.elamazonico.com\/portal\/wp-json\/wp\/v2\/comments?post=26042"}],"version-history":[{"count":1,"href":"https:\/\/www.elamazonico.com\/portal\/wp-json\/wp\/v2\/posts\/26042\/revisions"}],"predecessor-version":[{"id":26044,"href":"https:\/\/www.elamazonico.com\/portal\/wp-json\/wp\/v2\/posts\/26042\/revisions\/26044"}],"wp:featuredmedia":[{"embeddable":true,"href":"https:\/\/www.elamazonico.com\/portal\/wp-json\/wp\/v2\/media\/26043"}],"wp:attachment":[{"href":"https:\/\/www.elamazonico.com\/portal\/wp-json\/wp\/v2\/media?parent=26042"}],"wp:term":[{"taxonomy":"category","embeddable":true,"href":"https:\/\/www.elamazonico.com\/portal\/wp-json\/wp\/v2\/categories?post=26042"},{"taxonomy":"post_tag","embeddable":true,"href":"https:\/\/www.elamazonico.com\/portal\/wp-json\/wp\/v2\/tags?post=26042"}],"curies":[{"name":"wp","href":"https:\/\/api.w.org\/{rel}","templated":true}]}}