{"id":26037,"date":"2025-09-02T21:28:28","date_gmt":"2025-09-03T02:28:28","guid":{"rendered":"https:\/\/www.elamazonico.com\/portal\/?p=26037"},"modified":"2025-09-02T21:28:28","modified_gmt":"2025-09-03T02:28:28","slug":"luisa-gonzalez-arremete-contra-aquiles-alvarez-por-su-postura-en-contra-del-cartel-de-los-soles","status":"publish","type":"post","link":"https:\/\/www.elamazonico.com\/portal\/luisa-gonzalez-arremete-contra-aquiles-alvarez-por-su-postura-en-contra-del-cartel-de-los-soles\/","title":{"rendered":"Luisa Gonz\u00e1lez arremete contra Aquiles Alvarez por su postura en contra del Cartel de los Soles"},"content":{"rendered":"<div class=\"paragraph texto\">\n<p class=\"p_0\"><b>La presidenta del movimiento corre\u00edsta Revoluci\u00f3n Ciudadana (RC), Luisa Gonz\u00e1lez, critic\u00f3 duramente al alcalde de Guayaquil,\u00a0<a href=\"https:\/\/www.vistazo.com\/cronologia\/-\/meta\/aquiles-alvarez\">Aquiles Alvarez<\/a>\u00a0\u2014quien fue electo con el respaldo de esa organizaci\u00f3n pol\u00edtica\u2014, luego de que este se pronunciara a favor de la ofensiva impulsada por Estados Unidos contra el denominado Cartel de los Soles, cuya existencia ha sido negada por el l\u00edder del movimiento, el expresidente Rafael Correa.<\/b><\/p>\n<p class=\"p_2\">\u00abCon todo cari\u00f1o, alcalde Aquiles Alvarez, la postura contra la injerencia en Latinoam\u00e9rica con el nuevo\u00a0<b>Plan C\u00f3ndor Siglo XXI\u00a0<\/b>no es de un militante cualquiera pol\u00edtico.\u00a0<b>Es la postura de Rafael Correa<\/b>, presidente vitalicio de la RC; de\u00a0<b>Luisa Gonz\u00e1lez<\/b>, presidenta de la RC; y del\u00a0<b>movimiento de la Revoluci\u00f3n Ciudadana<\/b>\u00ab, asever\u00f3 la otrora candidata presidencial a trav\u00e9s de la red social X, este martes.<\/p>\n<\/div>\n<div class=\"Citavistazo\">\u00abEste Gobierno sostiene que el presidente (de Venezuela), Nicol\u00e1s Maduro, l\u00edder del supuesto Cartel de los Soles, financi\u00f3 la campa\u00f1a de la RC, lo cual es falso, y lo he desafiado a demostrar sus palabras. La frontalidad y determinaci\u00f3n para combatir mafias es la postura de la RC. No con un show, sino con hechos demostrados\u00bb, agreg\u00f3 en su declaraci\u00f3n.<\/div>\n<div class=\"paragraph texto\">\n<p class=\"p_3\">La tarde de este martes,\u00a0<b>\u00c1lvarez se reuni\u00f3 con sus hom\u00f3logos de Quito y Cuenca<\/b>, as\u00ed como con el ministro del Interior,\u00a0<b>John Reimberg<\/b>, y la canciller Gabriela Sommerfeld, en la sede del Ministerio de Relaciones Exteriores.<\/p>\n<div class=\"Center2Display\">\n<div id=\"Center2\"><\/div>\n<\/div>\n<\/div>\n<div class=\"multimediaMacroWrapper img lateral\">\n<figure class=\"contentMedia art-img\">\n<div><img fetchpriority=\"high\" decoding=\"async\" class=\" lazyloaded\" title=\"Fotograf\u00eda de la reuni\u00f3n entre los alcaldes de las tres ciudades m\u00e1s grandes del pa\u00eds y ministros del Gobierno de Daniel Noboa.\" src=\"https:\/\/www.vistazo.com\/placeholder\/svg\/viewbox\/768x512\" sizes=\"100vw\" srcset=\"\/\/www.vistazo.com\/binrepository\/768x512\/0c0\/0d0\/none\/12727\/GVXO\/20250902187223-reunion-alcaldes-canci_2395208_20250902202831.jpg 768w,\/\/www.vistazo.com\/binrepository\/640x427\/0c0\/0d0\/none\/12727\/GVXC\/20250902187223-reunion-alcaldes-canci_2395208_20250902202831.jpg 640w,\/\/www.vistazo.com\/binrepository\/512x341\/0c0\/0d0\/none\/12727\/GVXB\/20250902187223-reunion-alcaldes-canci_2395208_20250902202831.jpg 512w,\/\/www.vistazo.com\/binrepository\/384x256\/0c0\/0d0\/none\/12727\/GVXP\/20250902187223-reunion-alcaldes-canci_2395208_20250902202831.jpg 384w,\/\/www.vistazo.com\/binrepository\/300x200\/0c0\/0d0\/none\/12727\/GVXA\/20250902187223-reunion-alcaldes-canci_2395208_20250902202831.jpg 300w\" alt=\"$!Fotograf\u00eda de la reuni\u00f3n entre los alcaldes de las tres ciudades m\u00e1s grandes del pa\u00eds y ministros del Gobierno de Daniel Noboa.\" width=\"768\" height=\"512\" data-srcset=\"\/\/www.vistazo.com\/binrepository\/768x512\/0c0\/0d0\/none\/12727\/GVXO\/20250902187223-reunion-alcaldes-canci_2395208_20250902202831.jpg 768w,\/\/www.vistazo.com\/binrepository\/640x427\/0c0\/0d0\/none\/12727\/GVXC\/20250902187223-reunion-alcaldes-canci_2395208_20250902202831.jpg 640w,\/\/www.vistazo.com\/binrepository\/512x341\/0c0\/0d0\/none\/12727\/GVXB\/20250902187223-reunion-alcaldes-canci_2395208_20250902202831.jpg 512w,\/\/www.vistazo.com\/binrepository\/384x256\/0c0\/0d0\/none\/12727\/GVXP\/20250902187223-reunion-alcaldes-canci_2395208_20250902202831.jpg 384w,\/\/www.vistazo.com\/binrepository\/300x200\/0c0\/0d0\/none\/12727\/GVXA\/20250902187223-reunion-alcaldes-canci_2395208_20250902202831.jpg 300w\" \/><\/div>\n<div class=\"cutline-byline\"><span class=\"cutline-text\">Fotograf\u00eda de la reuni\u00f3n entre los alcaldes de las tres ciudades m\u00e1s grandes del pa\u00eds y ministros del Gobierno de Daniel Noboa.<\/span>\u00a0<span class=\"byline-image\">(ROLANDO ENRIQUEZ)<\/span><\/div>\n<\/figure>\n<\/div>\n<div class=\"paragraph texto\">\n<p class=\"p_4\">El encuentro tuvo como objetivo tratar\u00a0<b>temas de seguridad interna y cooperaci\u00f3n bilateral con Estados Unidos<\/b>, pa\u00eds que ha desplegado m\u00e1s de ocho buques con misiles en aguas cercanas a Venezuela, como parte de sus esfuerzos para frenar al denominado<b>\u00a0Cartel de los Soles,<\/b>\u00a0que, de acuerdo a la administraci\u00f3n de Donald Trump, estar\u00eda liderado por Maduro y funcionarios de alto rango de Venezuela.<\/p>\n<\/div>\n<div class=\"Citavistazo\">\u201cSi EE.UU. tiene alg\u00fan tema con el presidente de Venezuela es un tema personal. Yo sinceramente no voy a salvar a nadie. Por supuesto que apoyamos cualquier lucha contra cualquier c\u00e1rtel en cualquier parte del mundo, no solo en Venezuela, sino en cualquier pa\u00eds\u00bb, dijo el burgomaestre de Guayaquil en la reuni\u00f3n.<\/div>\n<div class=\"paragraph texto\">\n<p class=\"p_5\">Al t\u00e9rmino de la reuni\u00f3n, el presidente Donald Trump confirm\u00f3 a trav\u00e9s de la red social X que\u00a0<b>la Armada estadounidense destruy\u00f3 en el Caribe una embarcaci\u00f3n cargada con drogas proveniente de Venezuela<\/b>, hecho que fue celebrado por el presidente de Ecuador, Daniel Noboa, quien prev\u00e9 reunirse con el secretario de Estado de la naci\u00f3n norteamericana, Marco Rubio, este mi\u00e9rcoles, en Quito.<\/p>\n<p class=\"p_6\">El expresidente Correa tambi\u00e9n se refiri\u00f3 este martes a la\u00a0<b>ofensiva\u00a0<\/b>que Estados Unidos ha desplegado en contra de la\u00a0<b>organizaci\u00f3n criminal<\/b>, reiterando que esta no existe.<\/p>\n<\/div>\n<div class=\"Citavistazo\">\u00abToda la Revoluci\u00f3n Ciudadana (movimiento pol\u00edtico corre\u00edsta) respalda la lucha contra cualquier cartel y mafioso internacional. Otra cosa es comer cuento, como el Cartel de los Soles&#8230; \u00a1liderado por Nicol\u00e1s Maduro! \u00bfQui\u00e9n puede creer babosadas as\u00ed?\u00bb, declar\u00f3 Correa a trav\u00e9s de X, luego de que EE.UU. confirm\u00f3 el ataque.<\/div>\n<h2 class=\"h2vistazo\">\u00abCada uno tendr\u00e1 sus posturas\u00bb<\/h2>\n<div class=\"paragraph texto\">\n<p class=\"p_7\">\u00abHay que dejar claro que<b>\u00a0las oposiciones son personales y cada uno tendr\u00e1 sus posturas.<\/b>\u00a0En mi caso yo voy a apoyar cualquier lucha contra cualquier actor nacional o internacional (implicado en narcotr\u00e1fico), porque lo \u00fanico que queremos es paz en la regi\u00f3n\u00bb, apunt\u00f3 Alvarez luego de dar su opini\u00f3n, contraria a la de Correa.<\/p>\n<p class=\"p_8\">En su cr\u00edtica al alcalde, la excandidata presidencial le pidi\u00f3 que asistiera a los<b>\u00a0bur\u00f3s de la Revoluci\u00f3n Ciudadana<\/b>\u00a0para que \u00abentendiera mejor lo que significa ser del movimiento y cu\u00e1les son sus principios y su lucha\u00bb.<\/p>\n<p class=\"p_10\"><b>Gonz\u00e1lez no es la \u00fanica figura destacada del corre\u00edsmo con quien Alvarez ha tenido un impasse en las \u00faltimas semanas.<\/b>\u00a0La suspensi\u00f3n de la construcci\u00f3n de un paso elevado en el sector Ceibos, al norte de Guayaquil, llev\u00f3 al alcalde a discutir fuertemente con la<b>\u00a0prefecta del Guayas, Marcela Agui\u00f1aga<\/b>, a quien lleg\u00f3 a acusar de violar la Constituci\u00f3n por haber puesto un alto a las obra, a petici\u00f3n del Gobierno de Daniel Noboa. <strong>Fuente: Vistazo<\/strong><\/p>\n<\/div>\n","protected":false},"excerpt":{"rendered":"<p>La presidenta del movimiento corre\u00edsta Revoluci\u00f3n Ciudadana (RC), Luisa Gonz\u00e1lez, critic\u00f3 duramente al alcalde de Guayaquil,\u00a0Aquiles Alvarez\u00a0\u2014quien fue electo con el respaldo de esa organizaci\u00f3n pol\u00edtica\u2014, luego de que este se pronunciara a favor de la ofensiva impulsada por Estados Unidos contra el denominado Cartel de los Soles, cuya existencia ha sido negada por el l\u00edder del movimiento, el expresidente Rafael Correa. \u00abCon todo cari\u00f1o, alcalde Aquiles Alvarez, la postura contra la injerencia en Latinoam\u00e9rica con el nuevo\u00a0Plan C\u00f3ndor Siglo XXI\u00a0no es de un militante cualquiera pol\u00edtico.\u00a0Es la postura de Rafael Correa, presidente vitalicio de la RC; de\u00a0Luisa Gonz\u00e1lez, presidenta de la RC; y del\u00a0movimiento de la Revoluci\u00f3n Ciudadana\u00ab, asever\u00f3 la otrora candidata presidencial a trav\u00e9s de la red social X, este martes. \u00abEste Gobierno sostiene que el presidente (de Venezuela), Nicol\u00e1s Maduro, l\u00edder del supuesto Cartel de los Soles, financi\u00f3 la campa\u00f1a de la RC, lo cual es falso, y lo he desafiado a demostrar sus palabras. La frontalidad y determinaci\u00f3n para combatir mafias es la postura de la RC. No con un show, sino con hechos demostrados\u00bb, agreg\u00f3 en su declaraci\u00f3n. La tarde de este martes,\u00a0\u00c1lvarez se reuni\u00f3 con sus hom\u00f3logos de Quito y Cuenca, as\u00ed como con el ministro del Interior,\u00a0John Reimberg, y la canciller Gabriela Sommerfeld, en la sede del Ministerio de Relaciones Exteriores. Fotograf\u00eda de la reuni\u00f3n entre los alcaldes de las tres ciudades m\u00e1s grandes del pa\u00eds y ministros del Gobierno de Daniel Noboa.\u00a0(ROLANDO ENRIQUEZ) El encuentro tuvo como objetivo tratar\u00a0temas de seguridad interna y cooperaci\u00f3n bilateral con Estados Unidos, pa\u00eds que ha desplegado m\u00e1s de ocho buques con misiles en aguas cercanas a Venezuela, como parte de sus esfuerzos para frenar al denominado\u00a0Cartel de los Soles,\u00a0que, de acuerdo a la administraci\u00f3n de Donald Trump, estar\u00eda liderado por Maduro y funcionarios de alto rango de Venezuela. \u201cSi EE.UU. tiene alg\u00fan tema con el presidente de Venezuela es un tema personal. Yo sinceramente no voy a salvar a nadie. Por supuesto que apoyamos cualquier lucha contra cualquier c\u00e1rtel en cualquier parte del mundo, no solo en Venezuela, sino en cualquier pa\u00eds\u00bb, dijo el burgomaestre de Guayaquil en la reuni\u00f3n. Al t\u00e9rmino de la reuni\u00f3n, el presidente Donald Trump confirm\u00f3 a trav\u00e9s de la red social X que\u00a0la Armada estadounidense destruy\u00f3 en el Caribe una embarcaci\u00f3n cargada con drogas proveniente de Venezuela, hecho que fue celebrado por el presidente de Ecuador, Daniel Noboa, quien prev\u00e9 reunirse con el secretario de Estado de la naci\u00f3n norteamericana, Marco Rubio, este mi\u00e9rcoles, en Quito. El expresidente Correa tambi\u00e9n se refiri\u00f3 este martes a la\u00a0ofensiva\u00a0que Estados Unidos ha desplegado en contra de la\u00a0organizaci\u00f3n criminal, reiterando que esta no existe. \u00abToda la Revoluci\u00f3n Ciudadana (movimiento pol\u00edtico corre\u00edsta) respalda la lucha contra cualquier cartel y mafioso internacional. Otra cosa es comer cuento, como el Cartel de los Soles&#8230; \u00a1liderado por Nicol\u00e1s Maduro! \u00bfQui\u00e9n puede creer babosadas as\u00ed?\u00bb, declar\u00f3 Correa a trav\u00e9s de X, luego de que EE.UU. confirm\u00f3 el ataque. \u00abCada uno tendr\u00e1 sus posturas\u00bb \u00abHay que dejar claro que\u00a0las oposiciones son personales y cada uno tendr\u00e1 sus posturas.\u00a0En mi caso yo voy a apoyar cualquier lucha contra cualquier actor nacional o internacional (implicado en narcotr\u00e1fico), porque lo \u00fanico que queremos es paz en la regi\u00f3n\u00bb, apunt\u00f3 Alvarez luego de dar su opini\u00f3n, contraria a la de Correa. En su cr\u00edtica al alcalde, la excandidata presidencial le pidi\u00f3 que asistiera a los\u00a0bur\u00f3s de la Revoluci\u00f3n Ciudadana\u00a0para que \u00abentendiera mejor lo que significa ser del movimiento y cu\u00e1les son sus principios y su lucha\u00bb. Gonz\u00e1lez no es la \u00fanica figura destacada del corre\u00edsmo con quien Alvarez ha tenido un impasse en las \u00faltimas semanas.\u00a0La suspensi\u00f3n de la construcci\u00f3n de un paso elevado en el sector Ceibos, al norte de Guayaquil, llev\u00f3 al alcalde a discutir fuertemente con la\u00a0prefecta del Guayas, Marcela Agui\u00f1aga, a quien lleg\u00f3 a acusar de violar la Constituci\u00f3n por haber puesto un alto a las obra, a petici\u00f3n del Gobierno de Daniel Noboa. Fuente: Vistazo<\/p>\n","protected":false},"author":1,"featured_media":26038,"comment_status":"closed","ping_status":"closed","sticky":false,"template":"","format":"standard","meta":{"footnotes":""},"categories":[268],"tags":[],"class_list":["post-26037","post","type-post","status-publish","format-standard","has-post-thumbnail","hentry","category-nacionales"],"_links":{"self":[{"href":"https:\/\/www.elamazonico.com\/portal\/wp-json\/wp\/v2\/posts\/26037","targetHints":{"allow":["GET"]}}],"collection":[{"href":"https:\/\/www.elamazonico.com\/portal\/wp-json\/wp\/v2\/posts"}],"about":[{"href":"https:\/\/www.elamazonico.com\/portal\/wp-json\/wp\/v2\/types\/post"}],"author":[{"embeddable":true,"href":"https:\/\/www.elamazonico.com\/portal\/wp-json\/wp\/v2\/users\/1"}],"replies":[{"embeddable":true,"href":"https:\/\/www.elamazonico.com\/portal\/wp-json\/wp\/v2\/comments?post=26037"}],"version-history":[{"count":1,"href":"https:\/\/www.elamazonico.com\/portal\/wp-json\/wp\/v2\/posts\/26037\/revisions"}],"predecessor-version":[{"id":26039,"href":"https:\/\/www.elamazonico.com\/portal\/wp-json\/wp\/v2\/posts\/26037\/revisions\/26039"}],"wp:featuredmedia":[{"embeddable":true,"href":"https:\/\/www.elamazonico.com\/portal\/wp-json\/wp\/v2\/media\/26038"}],"wp:attachment":[{"href":"https:\/\/www.elamazonico.com\/portal\/wp-json\/wp\/v2\/media?parent=26037"}],"wp:term":[{"taxonomy":"category","embeddable":true,"href":"https:\/\/www.elamazonico.com\/portal\/wp-json\/wp\/v2\/categories?post=26037"},{"taxonomy":"post_tag","embeddable":true,"href":"https:\/\/www.elamazonico.com\/portal\/wp-json\/wp\/v2\/tags?post=26037"}],"curies":[{"name":"wp","href":"https:\/\/api.w.org\/{rel}","templated":true}]}}