{"id":26034,"date":"2025-09-02T21:13:48","date_gmt":"2025-09-03T02:13:48","guid":{"rendered":"https:\/\/www.elamazonico.com\/portal\/?p=26034"},"modified":"2025-09-02T21:13:48","modified_gmt":"2025-09-03T02:13:48","slug":"fiscalia-revelara-los-roles-que-supuestamente-tuvieron-salcedo-jordan-serrano-y-aleaga-en-el-magnicidio-de-fernando-villavicencio","status":"publish","type":"post","link":"https:\/\/www.elamazonico.com\/portal\/fiscalia-revelara-los-roles-que-supuestamente-tuvieron-salcedo-jordan-serrano-y-aleaga-en-el-magnicidio-de-fernando-villavicencio\/","title":{"rendered":"Fiscal\u00eda revelar\u00e1 los roles que, supuestamente, tuvieron Salcedo, Jord\u00e1n, Serrano y Aleaga en el magnicidio de Fernando Villavicencio"},"content":{"rendered":"<p>El 26 de agosto de 2025, cuando debi\u00f3 instalarse la audiencia de formulaci\u00f3n de cargos del caso Magnicidio FV, el abogado Jonathan Esp\u00edn -representante de Ronny Aleaga- no se present\u00f3, ya que d\u00edas antes le hab\u00edan extra\u00eddo una muela.<\/p>\n<p>La jueza Mar\u00eda Daniela Ayala no instal\u00f3 la diligencia y mult\u00f3 al abogado. En ese momento, en una de las salas del Complejo Judicial Quito Norte, consult\u00f3 a los abogados de Daniel Salcedo, Xavier Jord\u00e1n y Jos\u00e9 Serrano, los otros investigados, sobre una\u00a0nueva fecha.<\/p>\n<p>Inicialmente se plante\u00f3 para el lunes 1 de septiembre de 2025, pero uno de los defensores ten\u00eda una audiencia fijada previamente para ese d\u00eda. La segunda opci\u00f3n fue el mi\u00e9rcoles 3 de septiembre, fecha a la que ninguno de los juristas se opuso,\u00a0por lo que -horas despu\u00e9s- la jueza Ayala emiti\u00f3 la convocatoria.<\/p>\n<p>Pese a ese acuerdo, el 1 de septiembre de 2025, Jord\u00e1n present\u00f3 un escrito solicitando un nuevo diferimiento, ya que su abogado -Juan Carlos Salazar- tiene \u00abotra diligencia en una jurisdicci\u00f3n diversa en horas similares\u00bb.<\/p>\n<p>Se trata de un proceso por nulidad de contrato que se sustancia ante la Corte Provincial de Ca\u00f1ar. Salazar es el abogado de una de las demandadas y el 3 de septiembre, a las 08:30, se realizar\u00e1 la audiencia para tramitar el recurso de apelaci\u00f3n.<\/p>\n<p>Oscar Guill\u00e9n, juez ponente de ese caso, convoc\u00f3 a esa audiencia el 17 de julio de 2025, a las 14:57. Es decir, esa diligencia estaba citada 43 d\u00edas antes del intento fallido de la formulaci\u00f3n de cargos del caso Magnicidio FV. Sin embargo, el abogado Salazar no se opuso a la convocatoria.<\/p>\n<p>Por esta raz\u00f3n, Patricio Rosero, abogado de Amanda y Tamia Villavicencio -hijas de Fernando Villavicencio-, present\u00f3 un escrito ante la jueza Ayala, se\u00f1alando que Jordan y su abogado estaban teniendo \u00abuna conducta procesal desleal\u00bb y solicitando que se niegue el pedido de diferimiento.<\/p>\n<p>Finalmente, el 2 de septiembre de 2025, la jueza Mar\u00eda Daniela Ayala se pronunci\u00f3. La magistrada record\u00f3 que el 26 de agosto consult\u00f3 a Salazar y al resto de abogados su disponibilidad para el 3 de septiembre y este no inform\u00f3 sobre la otra audiencia en Ca\u00f1ar. Por lo que neg\u00f3 el pedido y advirti\u00f3 que si el abogado de Jord\u00e1n\u00a0no asiste ser\u00e1 multado e investigado.<\/p>\n<p><img decoding=\"async\" src=\"https:\/\/imagenes.primicias.ec\/files\/content_image_simple_414_238\/uploads\/2025\/09\/02\/68b7577136007.jpeg\" alt=\"thumb\" \/><\/p>\n<p>En la convocatoria, la jueza Ayala advirti\u00f3 que en la audiencia se contar\u00e1 con representantes de la Defensor\u00eda P\u00fablica, por lo que si uno de los abogados no acude, su cliente ser\u00e1 defendido por un abogado p\u00fablico. En el auto con el que se neg\u00f3 el nuevo pedido diferimiento, la Magistrada volvi\u00f3 a notificar a la Defensor\u00eda.<\/p>\n<p><strong>D\u00edas clave para Serrano<\/strong><br \/>\nDe las cuatro personas que ser\u00e1n procesadas por la autor\u00eda intelectual del asesinato de Fernando Villavicencio, a primera vista, Jos\u00e9 Serrano es quien tiene una situaci\u00f3n m\u00e1s complicada.<\/p>\n<p>Salcedo ya est\u00e1 preso en Ecuador y colaborando con la Fiscal\u00eda. Jord\u00e1n y Aleaga, en cambio, est\u00e1n pr\u00f3fugos en Estados Unidos y Venezuela, pero no han sido detenidos ni est\u00e1n en marcha procesos de extradici\u00f3n.<\/p>\n<p>Mientras que Serrano lleva 26 d\u00edas detenido en el Krome North SPC de Miami, una c\u00e1rcel migratoria. El exministro del corre\u00edsmo rebas\u00f3 el tiempo permitido para estar en ese pa\u00eds sin un estatus regular migratorio, ya que su solicitud de asilo no ha sido respondida a\u00fan.<\/p>\n<p>El 11 de septiembre de 2025, en la Corte del\u00a0 misma c\u00e1rcel Krome, Serrano comparecer\u00e1 a dos audiencias. La primera es para evaluar una posible fianza, que le permita una libertad condicional en Estados Unidos. Y la segunda para tramitar su asilo.<\/p>\n<p>Sin embargo, si en la audiencia de formulaci\u00f3n de cargos del caso Magnicidio FV se dicta orden de prisi\u00f3n preventiva en su contra, esta informaci\u00f3n podr\u00eda ser perjudicial para sus casos en EStados Unudios y acelerar una eventual deportaci\u00f3n.<\/p>\n<p>En ese caso, Serrano tendr\u00e1 que ser enviado a Ecuador y, en el mismo Aeropuerto, se ejecutar\u00eda la orden de prisi\u00f3n en su contra, mientras avanzan las investigaciones por el asesinato de Villavicencio, que podr\u00edan durar entre 90 y 120 d\u00edas.<\/p>\n<p>El caso Villavicencio<br \/>\nEl 9 de agosto de 2023, cuando sal\u00eda de un mitin pol\u00edtico del edificio en el que funcion\u00f3 el Colegio Anderson, en el norte de Quito, Villavicencio recibi\u00f3 un disparo en su cabeza. Muri\u00f3 casi de inmediato.<\/p>\n<p>La investigaci\u00f3n dio resultados esa misma noche:\u00a013 personas fueron arrestadas y procesadas por asesinato.<\/p>\n<p>Sin embargo, siete de los procesados fueron asesinados en dos c\u00e1rceles del pa\u00eds en el transcurso de la investigaci\u00f3n. Uno m\u00e1s fue sobrese\u00eddo antes del juicio\u00a0porque la Fiscal\u00eda no encontr\u00f3 indicios suficientes para acusarlo.<\/p>\n<p>Por esta raz\u00f3n, al juzgamiento llegaron solo cinco miembros del equipo de sicarios. Todos fueron sentenciados.<\/p>\n<p>&nbsp;<\/p>\n<p>A la cabeza de este grupo de sentenciados est\u00e1 Carlos \u00c1ngulo, alias &#8216;Invisible&#8217;, uno de los cabecillas de Los Lobos, organizaci\u00f3n narcodelictiva a la que se le ha atribuido el asesinato de Villavicencio. Desde la C\u00e1rcel de Cotopaxi, Angulo habr\u00eda organizado al grupo de sicarios que vino desde Colombia y cometi\u00f3 el crimen. <strong>Fuente: Primicias<\/strong><\/p>\n","protected":false},"excerpt":{"rendered":"<p>El 26 de agosto de 2025, cuando debi\u00f3 instalarse la audiencia de formulaci\u00f3n de cargos del caso Magnicidio FV, el abogado Jonathan Esp\u00edn -representante de Ronny Aleaga- no se present\u00f3, ya que d\u00edas antes le hab\u00edan extra\u00eddo una muela. La jueza Mar\u00eda Daniela Ayala no instal\u00f3 la diligencia y mult\u00f3 al abogado. En ese momento, en una de las salas del Complejo Judicial Quito Norte, consult\u00f3 a los abogados de Daniel Salcedo, Xavier Jord\u00e1n y Jos\u00e9 Serrano, los otros investigados, sobre una\u00a0nueva fecha. Inicialmente se plante\u00f3 para el lunes 1 de septiembre de 2025, pero uno de los defensores ten\u00eda una audiencia fijada previamente para ese d\u00eda. La segunda opci\u00f3n fue el mi\u00e9rcoles 3 de septiembre, fecha a la que ninguno de los juristas se opuso,\u00a0por lo que -horas despu\u00e9s- la jueza Ayala emiti\u00f3 la convocatoria. Pese a ese acuerdo, el 1 de septiembre de 2025, Jord\u00e1n present\u00f3 un escrito solicitando un nuevo diferimiento, ya que su abogado -Juan Carlos Salazar- tiene \u00abotra diligencia en una jurisdicci\u00f3n diversa en horas similares\u00bb. Se trata de un proceso por nulidad de contrato que se sustancia ante la Corte Provincial de Ca\u00f1ar. Salazar es el abogado de una de las demandadas y el 3 de septiembre, a las 08:30, se realizar\u00e1 la audiencia para tramitar el recurso de apelaci\u00f3n. Oscar Guill\u00e9n, juez ponente de ese caso, convoc\u00f3 a esa audiencia el 17 de julio de 2025, a las 14:57. Es decir, esa diligencia estaba citada 43 d\u00edas antes del intento fallido de la formulaci\u00f3n de cargos del caso Magnicidio FV. Sin embargo, el abogado Salazar no se opuso a la convocatoria. Por esta raz\u00f3n, Patricio Rosero, abogado de Amanda y Tamia Villavicencio -hijas de Fernando Villavicencio-, present\u00f3 un escrito ante la jueza Ayala, se\u00f1alando que Jordan y su abogado estaban teniendo \u00abuna conducta procesal desleal\u00bb y solicitando que se niegue el pedido de diferimiento. Finalmente, el 2 de septiembre de 2025, la jueza Mar\u00eda Daniela Ayala se pronunci\u00f3. La magistrada record\u00f3 que el 26 de agosto consult\u00f3 a Salazar y al resto de abogados su disponibilidad para el 3 de septiembre y este no inform\u00f3 sobre la otra audiencia en Ca\u00f1ar. Por lo que neg\u00f3 el pedido y advirti\u00f3 que si el abogado de Jord\u00e1n\u00a0no asiste ser\u00e1 multado e investigado. En la convocatoria, la jueza Ayala advirti\u00f3 que en la audiencia se contar\u00e1 con representantes de la Defensor\u00eda P\u00fablica, por lo que si uno de los abogados no acude, su cliente ser\u00e1 defendido por un abogado p\u00fablico. En el auto con el que se neg\u00f3 el nuevo pedido diferimiento, la Magistrada volvi\u00f3 a notificar a la Defensor\u00eda. D\u00edas clave para Serrano De las cuatro personas que ser\u00e1n procesadas por la autor\u00eda intelectual del asesinato de Fernando Villavicencio, a primera vista, Jos\u00e9 Serrano es quien tiene una situaci\u00f3n m\u00e1s complicada. Salcedo ya est\u00e1 preso en Ecuador y colaborando con la Fiscal\u00eda. Jord\u00e1n y Aleaga, en cambio, est\u00e1n pr\u00f3fugos en Estados Unidos y Venezuela, pero no han sido detenidos ni est\u00e1n en marcha procesos de extradici\u00f3n. Mientras que Serrano lleva 26 d\u00edas detenido en el Krome North SPC de Miami, una c\u00e1rcel migratoria. El exministro del corre\u00edsmo rebas\u00f3 el tiempo permitido para estar en ese pa\u00eds sin un estatus regular migratorio, ya que su solicitud de asilo no ha sido respondida a\u00fan. El 11 de septiembre de 2025, en la Corte del\u00a0 misma c\u00e1rcel Krome, Serrano comparecer\u00e1 a dos audiencias. La primera es para evaluar una posible fianza, que le permita una libertad condicional en Estados Unidos. Y la segunda para tramitar su asilo. Sin embargo, si en la audiencia de formulaci\u00f3n de cargos del caso Magnicidio FV se dicta orden de prisi\u00f3n preventiva en su contra, esta informaci\u00f3n podr\u00eda ser perjudicial para sus casos en EStados Unudios y acelerar una eventual deportaci\u00f3n. En ese caso, Serrano tendr\u00e1 que ser enviado a Ecuador y, en el mismo Aeropuerto, se ejecutar\u00eda la orden de prisi\u00f3n en su contra, mientras avanzan las investigaciones por el asesinato de Villavicencio, que podr\u00edan durar entre 90 y 120 d\u00edas. El caso Villavicencio El 9 de agosto de 2023, cuando sal\u00eda de un mitin pol\u00edtico del edificio en el que funcion\u00f3 el Colegio Anderson, en el norte de Quito, Villavicencio recibi\u00f3 un disparo en su cabeza. Muri\u00f3 casi de inmediato. La investigaci\u00f3n dio resultados esa misma noche:\u00a013 personas fueron arrestadas y procesadas por asesinato. Sin embargo, siete de los procesados fueron asesinados en dos c\u00e1rceles del pa\u00eds en el transcurso de la investigaci\u00f3n. Uno m\u00e1s fue sobrese\u00eddo antes del juicio\u00a0porque la Fiscal\u00eda no encontr\u00f3 indicios suficientes para acusarlo. Por esta raz\u00f3n, al juzgamiento llegaron solo cinco miembros del equipo de sicarios. Todos fueron sentenciados. &nbsp; A la cabeza de este grupo de sentenciados est\u00e1 Carlos \u00c1ngulo, alias &#8216;Invisible&#8217;, uno de los cabecillas de Los Lobos, organizaci\u00f3n narcodelictiva a la que se le ha atribuido el asesinato de Villavicencio. Desde la C\u00e1rcel de Cotopaxi, Angulo habr\u00eda organizado al grupo de sicarios que vino desde Colombia y cometi\u00f3 el crimen. Fuente: Primicias<\/p>\n","protected":false},"author":1,"featured_media":26035,"comment_status":"closed","ping_status":"closed","sticky":false,"template":"","format":"standard","meta":{"footnotes":""},"categories":[268],"tags":[],"class_list":["post-26034","post","type-post","status-publish","format-standard","has-post-thumbnail","hentry","category-nacionales"],"_links":{"self":[{"href":"https:\/\/www.elamazonico.com\/portal\/wp-json\/wp\/v2\/posts\/26034","targetHints":{"allow":["GET"]}}],"collection":[{"href":"https:\/\/www.elamazonico.com\/portal\/wp-json\/wp\/v2\/posts"}],"about":[{"href":"https:\/\/www.elamazonico.com\/portal\/wp-json\/wp\/v2\/types\/post"}],"author":[{"embeddable":true,"href":"https:\/\/www.elamazonico.com\/portal\/wp-json\/wp\/v2\/users\/1"}],"replies":[{"embeddable":true,"href":"https:\/\/www.elamazonico.com\/portal\/wp-json\/wp\/v2\/comments?post=26034"}],"version-history":[{"count":1,"href":"https:\/\/www.elamazonico.com\/portal\/wp-json\/wp\/v2\/posts\/26034\/revisions"}],"predecessor-version":[{"id":26036,"href":"https:\/\/www.elamazonico.com\/portal\/wp-json\/wp\/v2\/posts\/26034\/revisions\/26036"}],"wp:featuredmedia":[{"embeddable":true,"href":"https:\/\/www.elamazonico.com\/portal\/wp-json\/wp\/v2\/media\/26035"}],"wp:attachment":[{"href":"https:\/\/www.elamazonico.com\/portal\/wp-json\/wp\/v2\/media?parent=26034"}],"wp:term":[{"taxonomy":"category","embeddable":true,"href":"https:\/\/www.elamazonico.com\/portal\/wp-json\/wp\/v2\/categories?post=26034"},{"taxonomy":"post_tag","embeddable":true,"href":"https:\/\/www.elamazonico.com\/portal\/wp-json\/wp\/v2\/tags?post=26034"}],"curies":[{"name":"wp","href":"https:\/\/api.w.org\/{rel}","templated":true}]}}