{"id":26028,"date":"2025-09-03T04:48:24","date_gmt":"2025-09-03T09:48:24","guid":{"rendered":"https:\/\/www.elamazonico.com\/portal\/?p=26028"},"modified":"2025-09-02T20:52:08","modified_gmt":"2025-09-03T01:52:08","slug":"palanda-destaca-el-inicio-del-proceso-de-licitacion-del-iv-eje-vial-y-anuncia-nuevos-proyectos-de-desarrollo-local","status":"publish","type":"post","link":"https:\/\/www.elamazonico.com\/portal\/palanda-destaca-el-inicio-del-proceso-de-licitacion-del-iv-eje-vial-y-anuncia-nuevos-proyectos-de-desarrollo-local\/","title":{"rendered":"Palanda destaca el inicio del proceso de licitaci\u00f3n del IV Eje Vial y anuncia nuevos proyectos de desarrollo local"},"content":{"rendered":"<p>El alcalde del cant\u00f3n Palanda, Segundo Jaramillo, expres\u00f3 su satisfacci\u00f3n tras el anuncio realizado por el viceministro de Infraestructura y Transporte, Alex Villacr\u00e9s, sobre la publicaci\u00f3n del proceso de licitaci\u00f3n para el dise\u00f1o, construcci\u00f3n y mantenimiento del IV Eje Vial en Zamora Chinchipe.<\/p>\n<p>En declaraciones con el medio Multicanal Catamayo, la autoridad cantonal se\u00f1al\u00f3 que este proyecto constituye \u201cun sue\u00f1o anhelado por los habitantes de Palanda y Chinchipe\u201d, que finalmente comienza a materializarse con el lanzamiento de la licitaci\u00f3n internacional. \u201cEste es un compromiso de Estado con Estado y un derecho de nuestros territorios; esperamos que se cumpla a cabalidad y que pronto veamos el inicio de la construcci\u00f3n\u201d, afirm\u00f3 Jaramillo.<\/p>\n<p>El alcalde resalt\u00f3 que la obra permitir\u00e1 mejorar la conectividad provincial con el resto del pa\u00eds, fortalecer el comercio, dinamizar la econom\u00eda local y garantizar mejores condiciones de movilidad. Asimismo, destac\u00f3 que el proyecto generar\u00e1 empleo en la zona a trav\u00e9s de fuentes de trabajo directas e indirectas, beneficiando de manera integral a la poblaci\u00f3n.<\/p>\n<p><strong>Retos presupuestarios y gesti\u00f3n de proyectos locales<\/strong><br \/>\nEn cuanto a la situaci\u00f3n financiera del municipio, Jaramillo explic\u00f3 que los retrasos en las transferencias de recursos han generado dificultades en el pago de proveedores y sueldos, una realidad que afecta a la mayor\u00eda de municipios del pa\u00eds. Sin embargo, afirm\u00f3 que se contin\u00faa trabajando con gestiones a nivel nacional e internacional.<\/p>\n<p>En este marco, mencion\u00f3 que mantiene di\u00e1logos con la Embajada de Jap\u00f3n, donde presentar\u00e1 proyectos estrat\u00e9gicos para el cant\u00f3n. Entre las iniciativas m\u00e1s relevantes que se ejecutan y gestionan, destac\u00f3:<br \/>\n\u2022 Proyecto de diseminaci\u00f3n artificial para el fortalecimiento de la producci\u00f3n agr\u00edcola-ganadera, considerado eje fundamental del desarrollo productivo de Palanda.<br \/>\n\u2022 Reconstrucci\u00f3n del Coliseo de Palanda, una obra emblem\u00e1tica para el sector deportivo y comunitario.<br \/>\n\u2022 Reconstrucci\u00f3n de infraestructura en el barrio Tapala, parroquia Valladolid, con una inversi\u00f3n superior a los 700 mil d\u00f3lares.<br \/>\n\u2022 Proyecto de saneamiento ambiental, con una inversi\u00f3n que sobrepasa los 600 mil d\u00f3lares.<br \/>\n\u2022 Otros proyectos en ejecuci\u00f3n y planificaci\u00f3n que buscan mejorar las condiciones de vida de la ciudadan\u00eda.<\/p>\n<p>Finalmente, el alcalde reiter\u00f3 su compromiso de continuar gestionando recursos y obras, pese a las limitaciones presupuestarias, con el objetivo de impulsar el desarrollo integral de Palanda.<\/p>\n","protected":false},"excerpt":{"rendered":"<p>El alcalde del cant\u00f3n Palanda, Segundo Jaramillo, expres\u00f3 su satisfacci\u00f3n tras el anuncio realizado por el viceministro de Infraestructura y Transporte, Alex Villacr\u00e9s, sobre la publicaci\u00f3n del proceso de licitaci\u00f3n para el dise\u00f1o, construcci\u00f3n y mantenimiento del IV Eje Vial en Zamora Chinchipe. En declaraciones con el medio Multicanal Catamayo, la autoridad cantonal se\u00f1al\u00f3 que este proyecto constituye \u201cun sue\u00f1o anhelado por los habitantes de Palanda y Chinchipe\u201d, que finalmente comienza a materializarse con el lanzamiento de la licitaci\u00f3n internacional. \u201cEste es un compromiso de Estado con Estado y un derecho de nuestros territorios; esperamos que se cumpla a cabalidad y que pronto veamos el inicio de la construcci\u00f3n\u201d, afirm\u00f3 Jaramillo. El alcalde resalt\u00f3 que la obra permitir\u00e1 mejorar la conectividad provincial con el resto del pa\u00eds, fortalecer el comercio, dinamizar la econom\u00eda local y garantizar mejores condiciones de movilidad. Asimismo, destac\u00f3 que el proyecto generar\u00e1 empleo en la zona a trav\u00e9s de fuentes de trabajo directas e indirectas, beneficiando de manera integral a la poblaci\u00f3n. Retos presupuestarios y gesti\u00f3n de proyectos locales En cuanto a la situaci\u00f3n financiera del municipio, Jaramillo explic\u00f3 que los retrasos en las transferencias de recursos han generado dificultades en el pago de proveedores y sueldos, una realidad que afecta a la mayor\u00eda de municipios del pa\u00eds. Sin embargo, afirm\u00f3 que se contin\u00faa trabajando con gestiones a nivel nacional e internacional. En este marco, mencion\u00f3 que mantiene di\u00e1logos con la Embajada de Jap\u00f3n, donde presentar\u00e1 proyectos estrat\u00e9gicos para el cant\u00f3n. Entre las iniciativas m\u00e1s relevantes que se ejecutan y gestionan, destac\u00f3: \u2022 Proyecto de diseminaci\u00f3n artificial para el fortalecimiento de la producci\u00f3n agr\u00edcola-ganadera, considerado eje fundamental del desarrollo productivo de Palanda. \u2022 Reconstrucci\u00f3n del Coliseo de Palanda, una obra emblem\u00e1tica para el sector deportivo y comunitario. \u2022 Reconstrucci\u00f3n de infraestructura en el barrio Tapala, parroquia Valladolid, con una inversi\u00f3n superior a los 700 mil d\u00f3lares. \u2022 Proyecto de saneamiento ambiental, con una inversi\u00f3n que sobrepasa los 600 mil d\u00f3lares. \u2022 Otros proyectos en ejecuci\u00f3n y planificaci\u00f3n que buscan mejorar las condiciones de vida de la ciudadan\u00eda. Finalmente, el alcalde reiter\u00f3 su compromiso de continuar gestionando recursos y obras, pese a las limitaciones presupuestarias, con el objetivo de impulsar el desarrollo integral de Palanda.<\/p>\n","protected":false},"author":1,"featured_media":26029,"comment_status":"closed","ping_status":"closed","sticky":false,"template":"","format":"standard","meta":{"footnotes":""},"categories":[243],"tags":[],"class_list":["post-26028","post","type-post","status-publish","format-standard","has-post-thumbnail","hentry","category-noticias-zamora"],"_links":{"self":[{"href":"https:\/\/www.elamazonico.com\/portal\/wp-json\/wp\/v2\/posts\/26028","targetHints":{"allow":["GET"]}}],"collection":[{"href":"https:\/\/www.elamazonico.com\/portal\/wp-json\/wp\/v2\/posts"}],"about":[{"href":"https:\/\/www.elamazonico.com\/portal\/wp-json\/wp\/v2\/types\/post"}],"author":[{"embeddable":true,"href":"https:\/\/www.elamazonico.com\/portal\/wp-json\/wp\/v2\/users\/1"}],"replies":[{"embeddable":true,"href":"https:\/\/www.elamazonico.com\/portal\/wp-json\/wp\/v2\/comments?post=26028"}],"version-history":[{"count":1,"href":"https:\/\/www.elamazonico.com\/portal\/wp-json\/wp\/v2\/posts\/26028\/revisions"}],"predecessor-version":[{"id":26030,"href":"https:\/\/www.elamazonico.com\/portal\/wp-json\/wp\/v2\/posts\/26028\/revisions\/26030"}],"wp:featuredmedia":[{"embeddable":true,"href":"https:\/\/www.elamazonico.com\/portal\/wp-json\/wp\/v2\/media\/26029"}],"wp:attachment":[{"href":"https:\/\/www.elamazonico.com\/portal\/wp-json\/wp\/v2\/media?parent=26028"}],"wp:term":[{"taxonomy":"category","embeddable":true,"href":"https:\/\/www.elamazonico.com\/portal\/wp-json\/wp\/v2\/categories?post=26028"},{"taxonomy":"post_tag","embeddable":true,"href":"https:\/\/www.elamazonico.com\/portal\/wp-json\/wp\/v2\/tags?post=26028"}],"curies":[{"name":"wp","href":"https:\/\/api.w.org\/{rel}","templated":true}]}}