{"id":26025,"date":"2025-09-03T04:05:08","date_gmt":"2025-09-03T09:05:08","guid":{"rendered":"https:\/\/www.elamazonico.com\/portal\/?p=26025"},"modified":"2025-09-02T20:48:20","modified_gmt":"2025-09-03T01:48:20","slug":"unidad-educativa-del-milenio-arutam-inicia-el-ano-lectivo-2025-2026-con-nuevos-retos-y-necesidades","status":"publish","type":"post","link":"https:\/\/www.elamazonico.com\/portal\/unidad-educativa-del-milenio-arutam-inicia-el-ano-lectivo-2025-2026-con-nuevos-retos-y-necesidades\/","title":{"rendered":"Unidad Educativa del Milenio Arutam inicia el a\u00f1o lectivo 2025-2026 con nuevos retos y necesidades"},"content":{"rendered":"<p>La Unidad Educativa del Milenio Arutam, ubicada en el cant\u00f3n El Pangui, inaugur\u00f3 oficialmente el a\u00f1o lectivo 2025-2026 con la presencia de su rector, Gonzalo Y\u00e1nez, docentes, estudiantes y padres de familia. El acto marc\u00f3 el inicio de un nuevo periodo acad\u00e9mico en el que se proyectan avances significativos, pero tambi\u00e9n se evidencian necesidades que requieren atenci\u00f3n de las autoridades competentes.<\/p>\n<p>El rector inform\u00f3 que la instituci\u00f3n cerr\u00f3 el ciclo anterior con 1.357 estudiantes matriculados, cifra que ha experimentado un leve incremento este a\u00f1o. Sin embargo, aclar\u00f3 que mientras la jornada matutina ya no dispone de m\u00e1s cupos, la vespertina a\u00fan cuenta con disponibilidad.<\/p>\n<p>En materia de infraestructura, Y\u00e1nez record\u00f3 que hace cinco a\u00f1os la instituci\u00f3n presentaba un notable deterioro, pero gracias a la inversi\u00f3n estatal de aproximadamente un mill\u00f3n de d\u00f3lares, se logr\u00f3 rehabilitar servicios b\u00e1sicos como agua, electricidad y techos de los bloques.<\/p>\n<p>Asimismo, destac\u00f3 el aporte del Gobierno Municipal y la Prefectura, quienes han ejecutado y planificado nuevas cubiertas para espacios deportivos. Tambi\u00e9n reconoci\u00f3 el apoyo de la empresa privada, como la compa\u00f1\u00eda ECSA, que ha colaborado con el servicio de internet.<\/p>\n<p>Respecto a la seguridad interna, la instituci\u00f3n cuenta con tres guardias permanentes, c\u00e1maras adquiridas por el Comit\u00e9 Central de Padres de Familia y apoyo ocasional de la Polic\u00eda Nacional. No obstante, el rector expres\u00f3 su preocupaci\u00f3n por el alto tr\u00e1fico vehicular en la Troncal Amaz\u00f3nica, v\u00eda que representa un riesgo constante para los estudiantes. En este sentido, reiter\u00f3 la necesidad de medidas de tr\u00e1nsito como sem\u00e1foros, pasos peatonales seguros y reductores de velocidad, cuya implementaci\u00f3n a\u00fan no ha sido atendida por las autoridades competentes, a pesar de los reiterados pedidos.<\/p>\n<p>Durante su intervenci\u00f3n, Y\u00e1nez hizo un llamado a la corresponsabilidad de todos los actores sociales:<br \/>\n\u201cLa educaci\u00f3n no depende \u00fanicamente del Gobierno. Es un esfuerzo compartido entre docentes, padres de familia y estudiantes. Aqu\u00ed trabajamos con dedicaci\u00f3n para que los j\u00f3venes tengan seguridad, formaci\u00f3n integral y oportunidades de desarrollo\u201d.<\/p>\n<p>Finalmente, invit\u00f3 a la comunidad y a los medios de comunicaci\u00f3n a visitar las instalaciones de la Unidad Educativa del Milenio Arutam, a fin de constatar los avances logrados y las necesidades pendientes, reafirmando su compromiso de seguir gestionando mejoras en beneficio de la educaci\u00f3n del cant\u00f3n.<\/p>\n","protected":false},"excerpt":{"rendered":"<p>La Unidad Educativa del Milenio Arutam, ubicada en el cant\u00f3n El Pangui, inaugur\u00f3 oficialmente el a\u00f1o lectivo 2025-2026 con la presencia de su rector, Gonzalo Y\u00e1nez, docentes, estudiantes y padres de familia. El acto marc\u00f3 el inicio de un nuevo periodo acad\u00e9mico en el que se proyectan avances significativos, pero tambi\u00e9n se evidencian necesidades que requieren atenci\u00f3n de las autoridades competentes. El rector inform\u00f3 que la instituci\u00f3n cerr\u00f3 el ciclo anterior con 1.357 estudiantes matriculados, cifra que ha experimentado un leve incremento este a\u00f1o. Sin embargo, aclar\u00f3 que mientras la jornada matutina ya no dispone de m\u00e1s cupos, la vespertina a\u00fan cuenta con disponibilidad. En materia de infraestructura, Y\u00e1nez record\u00f3 que hace cinco a\u00f1os la instituci\u00f3n presentaba un notable deterioro, pero gracias a la inversi\u00f3n estatal de aproximadamente un mill\u00f3n de d\u00f3lares, se logr\u00f3 rehabilitar servicios b\u00e1sicos como agua, electricidad y techos de los bloques. Asimismo, destac\u00f3 el aporte del Gobierno Municipal y la Prefectura, quienes han ejecutado y planificado nuevas cubiertas para espacios deportivos. Tambi\u00e9n reconoci\u00f3 el apoyo de la empresa privada, como la compa\u00f1\u00eda ECSA, que ha colaborado con el servicio de internet. Respecto a la seguridad interna, la instituci\u00f3n cuenta con tres guardias permanentes, c\u00e1maras adquiridas por el Comit\u00e9 Central de Padres de Familia y apoyo ocasional de la Polic\u00eda Nacional. No obstante, el rector expres\u00f3 su preocupaci\u00f3n por el alto tr\u00e1fico vehicular en la Troncal Amaz\u00f3nica, v\u00eda que representa un riesgo constante para los estudiantes. En este sentido, reiter\u00f3 la necesidad de medidas de tr\u00e1nsito como sem\u00e1foros, pasos peatonales seguros y reductores de velocidad, cuya implementaci\u00f3n a\u00fan no ha sido atendida por las autoridades competentes, a pesar de los reiterados pedidos. Durante su intervenci\u00f3n, Y\u00e1nez hizo un llamado a la corresponsabilidad de todos los actores sociales: \u201cLa educaci\u00f3n no depende \u00fanicamente del Gobierno. Es un esfuerzo compartido entre docentes, padres de familia y estudiantes. Aqu\u00ed trabajamos con dedicaci\u00f3n para que los j\u00f3venes tengan seguridad, formaci\u00f3n integral y oportunidades de desarrollo\u201d. Finalmente, invit\u00f3 a la comunidad y a los medios de comunicaci\u00f3n a visitar las instalaciones de la Unidad Educativa del Milenio Arutam, a fin de constatar los avances logrados y las necesidades pendientes, reafirmando su compromiso de seguir gestionando mejoras en beneficio de la educaci\u00f3n del cant\u00f3n.<\/p>\n","protected":false},"author":1,"featured_media":26026,"comment_status":"closed","ping_status":"closed","sticky":false,"template":"","format":"standard","meta":{"footnotes":""},"categories":[243],"tags":[],"class_list":["post-26025","post","type-post","status-publish","format-standard","has-post-thumbnail","hentry","category-noticias-zamora"],"_links":{"self":[{"href":"https:\/\/www.elamazonico.com\/portal\/wp-json\/wp\/v2\/posts\/26025","targetHints":{"allow":["GET"]}}],"collection":[{"href":"https:\/\/www.elamazonico.com\/portal\/wp-json\/wp\/v2\/posts"}],"about":[{"href":"https:\/\/www.elamazonico.com\/portal\/wp-json\/wp\/v2\/types\/post"}],"author":[{"embeddable":true,"href":"https:\/\/www.elamazonico.com\/portal\/wp-json\/wp\/v2\/users\/1"}],"replies":[{"embeddable":true,"href":"https:\/\/www.elamazonico.com\/portal\/wp-json\/wp\/v2\/comments?post=26025"}],"version-history":[{"count":1,"href":"https:\/\/www.elamazonico.com\/portal\/wp-json\/wp\/v2\/posts\/26025\/revisions"}],"predecessor-version":[{"id":26027,"href":"https:\/\/www.elamazonico.com\/portal\/wp-json\/wp\/v2\/posts\/26025\/revisions\/26027"}],"wp:featuredmedia":[{"embeddable":true,"href":"https:\/\/www.elamazonico.com\/portal\/wp-json\/wp\/v2\/media\/26026"}],"wp:attachment":[{"href":"https:\/\/www.elamazonico.com\/portal\/wp-json\/wp\/v2\/media?parent=26025"}],"wp:term":[{"taxonomy":"category","embeddable":true,"href":"https:\/\/www.elamazonico.com\/portal\/wp-json\/wp\/v2\/categories?post=26025"},{"taxonomy":"post_tag","embeddable":true,"href":"https:\/\/www.elamazonico.com\/portal\/wp-json\/wp\/v2\/tags?post=26025"}],"curies":[{"name":"wp","href":"https:\/\/api.w.org\/{rel}","templated":true}]}}