{"id":26009,"date":"2025-09-02T11:05:47","date_gmt":"2025-09-02T16:05:47","guid":{"rendered":"https:\/\/www.elamazonico.com\/portal\/?p=26009"},"modified":"2025-09-02T11:05:47","modified_gmt":"2025-09-02T16:05:47","slug":"utpl-conmemora-49-anos-de-educacion-a-distancia-consolidandose-como-pionera-en-el-pais","status":"publish","type":"post","link":"https:\/\/www.elamazonico.com\/portal\/utpl-conmemora-49-anos-de-educacion-a-distancia-consolidandose-como-pionera-en-el-pais\/","title":{"rendered":"UTPL conmemora 49 a\u00f1os de educaci\u00f3n a distancia, consolid\u00e1ndose como pionera en el pa\u00eds"},"content":{"rendered":"<p>La Modalidad Abierta y a Distancia (MAD) de la Universidad T\u00e9cnica Particular de Loja (UTPL) conmemora 49 a\u00f1os de trayectoria, consolid\u00e1ndose como pionera en el pa\u00eds y referente en Latinoam\u00e9rica por ofrecer una educaci\u00f3n inclusiva, innovadora y de calidad.<\/p>\n<p>Desde sus inicios, la UTPL ha puesto a disposici\u00f3n de los estudiantes la posibilidad de acceder a una formaci\u00f3n universitaria sin fronteras, con el respaldo de m\u00e1s de 90 centros de apoyo en Ecuador y en diversos pa\u00edses, que fortalecen el acompa\u00f1amiento acad\u00e9mico y administrativo.<\/p>\n<p>Esta red internacional permite que miles de personas cumplan su sue\u00f1o de estudiar una carrera universitaria desde la seguridad de su hogar o lugar de trabajo, gracias a la modalidad en l\u00ednea. En el marco del aniversario, el Vicerrectorado de Modalidad Abierta y a Distancia ha organizado actividades de integraci\u00f3n y una eucarist\u00eda de aniversario, en la que participan estudiantes, docentes y colaboradores, rindiendo homenaje a quienes han sido parte de este camino de transformaci\u00f3n educativa.<\/p>\n<p>La historia de \u00c1ngel Josu\u00e9 Hern\u00e1ndez, joven no vidente de 21 a\u00f1os y estudiante de Derecho en l\u00ednea, refleja el verdadero impacto de la MAD: \u201cEn bachillerato sufr\u00ed discriminaci\u00f3n, pero aqu\u00ed en la universidad nunca he tenido obst\u00e1culos. Siempre he contado con el respaldo de mis docentes, compa\u00f1eros y departamentos. Nunca me han dejado solo\u201d.<\/p>\n<p>Su testimonio evidencia el compromiso de la UTPL por garantizar igualdad de oportunidades a trav\u00e9s de plataformas accesibles, tutor\u00edas personalizadas y programas de apoyo, asegurando que cada estudiante sea el centro del proceso de aprendizaje.<\/p>\n<p>Durante estos 49 a\u00f1os, la UTPL ha demostrado que la educaci\u00f3n a distancia no solo acerca el conocimiento, sino que derriba barreras, abre horizontes y transforma vidas en Ecuador y m\u00e1s all\u00e1 de sus fronteras.<\/p>\n","protected":false},"excerpt":{"rendered":"<p>La Modalidad Abierta y a Distancia (MAD) de la Universidad T\u00e9cnica Particular de Loja (UTPL) conmemora 49 a\u00f1os de trayectoria, consolid\u00e1ndose como pionera en el pa\u00eds y referente en Latinoam\u00e9rica por ofrecer una educaci\u00f3n inclusiva, innovadora y de calidad. Desde sus inicios, la UTPL ha puesto a disposici\u00f3n de los estudiantes la posibilidad de acceder a una formaci\u00f3n universitaria sin fronteras, con el respaldo de m\u00e1s de 90 centros de apoyo en Ecuador y en diversos pa\u00edses, que fortalecen el acompa\u00f1amiento acad\u00e9mico y administrativo. Esta red internacional permite que miles de personas cumplan su sue\u00f1o de estudiar una carrera universitaria desde la seguridad de su hogar o lugar de trabajo, gracias a la modalidad en l\u00ednea. En el marco del aniversario, el Vicerrectorado de Modalidad Abierta y a Distancia ha organizado actividades de integraci\u00f3n y una eucarist\u00eda de aniversario, en la que participan estudiantes, docentes y colaboradores, rindiendo homenaje a quienes han sido parte de este camino de transformaci\u00f3n educativa. La historia de \u00c1ngel Josu\u00e9 Hern\u00e1ndez, joven no vidente de 21 a\u00f1os y estudiante de Derecho en l\u00ednea, refleja el verdadero impacto de la MAD: \u201cEn bachillerato sufr\u00ed discriminaci\u00f3n, pero aqu\u00ed en la universidad nunca he tenido obst\u00e1culos. Siempre he contado con el respaldo de mis docentes, compa\u00f1eros y departamentos. Nunca me han dejado solo\u201d. Su testimonio evidencia el compromiso de la UTPL por garantizar igualdad de oportunidades a trav\u00e9s de plataformas accesibles, tutor\u00edas personalizadas y programas de apoyo, asegurando que cada estudiante sea el centro del proceso de aprendizaje. Durante estos 49 a\u00f1os, la UTPL ha demostrado que la educaci\u00f3n a distancia no solo acerca el conocimiento, sino que derriba barreras, abre horizontes y transforma vidas en Ecuador y m\u00e1s all\u00e1 de sus fronteras.<\/p>\n","protected":false},"author":1,"featured_media":26013,"comment_status":"closed","ping_status":"closed","sticky":false,"template":"","format":"standard","meta":{"footnotes":""},"categories":[284],"tags":[],"class_list":["post-26009","post","type-post","status-publish","format-standard","has-post-thumbnail","hentry","category-noticias-loja"],"_links":{"self":[{"href":"https:\/\/www.elamazonico.com\/portal\/wp-json\/wp\/v2\/posts\/26009","targetHints":{"allow":["GET"]}}],"collection":[{"href":"https:\/\/www.elamazonico.com\/portal\/wp-json\/wp\/v2\/posts"}],"about":[{"href":"https:\/\/www.elamazonico.com\/portal\/wp-json\/wp\/v2\/types\/post"}],"author":[{"embeddable":true,"href":"https:\/\/www.elamazonico.com\/portal\/wp-json\/wp\/v2\/users\/1"}],"replies":[{"embeddable":true,"href":"https:\/\/www.elamazonico.com\/portal\/wp-json\/wp\/v2\/comments?post=26009"}],"version-history":[{"count":1,"href":"https:\/\/www.elamazonico.com\/portal\/wp-json\/wp\/v2\/posts\/26009\/revisions"}],"predecessor-version":[{"id":26014,"href":"https:\/\/www.elamazonico.com\/portal\/wp-json\/wp\/v2\/posts\/26009\/revisions\/26014"}],"wp:featuredmedia":[{"embeddable":true,"href":"https:\/\/www.elamazonico.com\/portal\/wp-json\/wp\/v2\/media\/26013"}],"wp:attachment":[{"href":"https:\/\/www.elamazonico.com\/portal\/wp-json\/wp\/v2\/media?parent=26009"}],"wp:term":[{"taxonomy":"category","embeddable":true,"href":"https:\/\/www.elamazonico.com\/portal\/wp-json\/wp\/v2\/categories?post=26009"},{"taxonomy":"post_tag","embeddable":true,"href":"https:\/\/www.elamazonico.com\/portal\/wp-json\/wp\/v2\/tags?post=26009"}],"curies":[{"name":"wp","href":"https:\/\/api.w.org\/{rel}","templated":true}]}}