{"id":26008,"date":"2025-09-02T10:56:20","date_gmt":"2025-09-02T15:56:20","guid":{"rendered":"https:\/\/www.elamazonico.com\/portal\/?p=26008"},"modified":"2025-09-02T10:56:20","modified_gmt":"2025-09-02T15:56:20","slug":"caso-nene-tribunal-revoca-nulidad-y-juicio-contra-francisco-barreiro-hijo-de-veronica-abad-continuara","status":"publish","type":"post","link":"https:\/\/www.elamazonico.com\/portal\/caso-nene-tribunal-revoca-nulidad-y-juicio-contra-francisco-barreiro-hijo-de-veronica-abad-continuara\/","title":{"rendered":"Caso Nene: Tribunal revoca nulidad y juicio contra Francisco Barreiro, hijo de Ver\u00f3nica Abad, continuar\u00e1"},"content":{"rendered":"<p class=\"p_0\">La audiencia de juicio del\u00a0<b><a href=\"https:\/\/www.vistazo.com\/cronologia\/-\/meta\/caso-nene\" target=\"_blank\" rel=\"noopener noreferrer\">Caso Nene<\/a><\/b>\u00a0contra\u00a0<b>Francisco Barreiro<\/b>, hijo de la exvicepresidenta\u00a0<b>Ver\u00f3nica Abad<\/b>, por presunto delito de oferta para realizar tr\u00e1fico de influencias, continuar\u00e1 su curso, inform\u00f3 este martes 2 de septiembre la Fiscal\u00eda General del Estado (FGE).<\/p>\n<p class=\"p_2\">Mediante un comunicado, la instituci\u00f3n comunic\u00f3 que un Tribunal de la Corte Provincial acogi\u00f3 el pedido de Fiscal\u00eda y\u00a0<u>revoc\u00f3 el auto de\u00a0<\/u><u><b>nulidad\u00a0<\/b><\/u><u>dictado previamente en esta causa<\/u>.<\/p>\n<p class=\"p_3\">El Fiscal del caso se\u00f1al\u00f3 que la decisi\u00f3n del pasado 14 de julio, en la cual se declar\u00f3 la nulidad de lo actuado en la\u00a0<b>audiencia de juicio\u00a0<\/b>(del 10 y 11 de marzo de 2025), vulneraba el debido proceso, debido a que la mayor parte de la\u00a0<b>prueba\u00a0<\/b>de Fiscal\u00eda ya fue presentada y, por lo tanto, se encuentra en conocimiento de las otras partes procesales.<\/p>\n<div class=\"Center2Display\">\n<div id=\"Center2\">Tras haber valorado los argumentos expuestos en la <b>apelaci\u00f3n<\/b>, el juzgado acept\u00f3 el pedido de la Fiscal\u00eda. Por lo tanto, una vez que se reinstale la\u00a0<b>audiencia de juicio<\/b>, la instituci\u00f3n continuar\u00e1 con la presentaci\u00f3n de sus pruebas.<\/div>\n<\/div>\n<p class=\"p_5\">Por unanimidad, el\u00a0<u>Tribunal de Apelaci\u00f3n dispuso que se contin\u00fae con la sustanciaci\u00f3n de la audiencia de juicio, a partir del momento en que fue suspendida<\/u>.<\/p>\n<p class=\"p_6\">Ahora, la FGE est\u00e1 a la espera de que se se\u00f1alen fecha y hora para la\u00a0<b>reinstalaci\u00f3n\u00a0<\/b>de la diligencia, en la que seguir\u00e1 con la exposici\u00f3n de sus pruebas de cargo contra el procesado Francisco Sebasti\u00e1n Barreiro.<\/p>\n<p class=\"p_8\">Entre las pruebas consta el testimonio del afectado, quien relat\u00f3 que ingres\u00f3 a trabajar en la\u00a0<b>Vicepresidencia de la Rep\u00fablica,<\/b>\u00a0cuando Ver\u00f3nica Abad estaba en el poder, como coordinador de Comunicaci\u00f3n.<\/p>\n<p class=\"p_9\">El ciudadano denunci\u00f3 que, antes de su contrataci\u00f3n, se reuni\u00f3 con Francisco Barreiro y Daniel R., quienes le indicaron que deb\u00eda entregar\u00a0<u>1.700 d\u00f3lares mensuales de su sueldo<\/u>, en efectivo y en persona. Para garantizar los pagos \u2012asegur\u00f3 la v\u00edctima\u2012 fue obligada a\u00a0<u>firmar una letra de cambio por 30.600 d\u00f3lares<\/u>, equivalente a un a\u00f1o de pagos. Posteriormente, tras su desvinculaci\u00f3n, se reuni\u00f3 con Barreiro en su oficina en Cuenca, donde el procesado quem\u00f3 la letra de cambio.<\/p>\n<p class=\"p_10\">Otros testigos tambi\u00e9n confirmaron que la contrataci\u00f3n de la v\u00edctima fue solicitada por la entonces Vicepresidenta y que existir\u00eda una acci\u00f3n de personal que lo respalda.<\/p>\n<p class=\"p_11\">La oferta de realizar tr\u00e1fico de influencias est\u00e1 tipificada en el art\u00edculo 286 del C\u00f3digo Org\u00e1nico Integral Penal (COIP) y es sancionada con tres a cinco a\u00f1os de prisi\u00f3n. <strong>Fuente: Vistazo<\/strong><\/p>\n","protected":false},"excerpt":{"rendered":"<p>La audiencia de juicio del\u00a0Caso Nene\u00a0contra\u00a0Francisco Barreiro, hijo de la exvicepresidenta\u00a0Ver\u00f3nica Abad, por presunto delito de oferta para realizar tr\u00e1fico de influencias, continuar\u00e1 su curso, inform\u00f3 este martes 2 de septiembre la Fiscal\u00eda General del Estado (FGE). Mediante un comunicado, la instituci\u00f3n comunic\u00f3 que un Tribunal de la Corte Provincial acogi\u00f3 el pedido de Fiscal\u00eda y\u00a0revoc\u00f3 el auto de\u00a0nulidad\u00a0dictado previamente en esta causa. El Fiscal del caso se\u00f1al\u00f3 que la decisi\u00f3n del pasado 14 de julio, en la cual se declar\u00f3 la nulidad de lo actuado en la\u00a0audiencia de juicio\u00a0(del 10 y 11 de marzo de 2025), vulneraba el debido proceso, debido a que la mayor parte de la\u00a0prueba\u00a0de Fiscal\u00eda ya fue presentada y, por lo tanto, se encuentra en conocimiento de las otras partes procesales. Tras haber valorado los argumentos expuestos en la apelaci\u00f3n, el juzgado acept\u00f3 el pedido de la Fiscal\u00eda. Por lo tanto, una vez que se reinstale la\u00a0audiencia de juicio, la instituci\u00f3n continuar\u00e1 con la presentaci\u00f3n de sus pruebas. Por unanimidad, el\u00a0Tribunal de Apelaci\u00f3n dispuso que se contin\u00fae con la sustanciaci\u00f3n de la audiencia de juicio, a partir del momento en que fue suspendida. Ahora, la FGE est\u00e1 a la espera de que se se\u00f1alen fecha y hora para la\u00a0reinstalaci\u00f3n\u00a0de la diligencia, en la que seguir\u00e1 con la exposici\u00f3n de sus pruebas de cargo contra el procesado Francisco Sebasti\u00e1n Barreiro. Entre las pruebas consta el testimonio del afectado, quien relat\u00f3 que ingres\u00f3 a trabajar en la\u00a0Vicepresidencia de la Rep\u00fablica,\u00a0cuando Ver\u00f3nica Abad estaba en el poder, como coordinador de Comunicaci\u00f3n. El ciudadano denunci\u00f3 que, antes de su contrataci\u00f3n, se reuni\u00f3 con Francisco Barreiro y Daniel R., quienes le indicaron que deb\u00eda entregar\u00a01.700 d\u00f3lares mensuales de su sueldo, en efectivo y en persona. Para garantizar los pagos \u2012asegur\u00f3 la v\u00edctima\u2012 fue obligada a\u00a0firmar una letra de cambio por 30.600 d\u00f3lares, equivalente a un a\u00f1o de pagos. Posteriormente, tras su desvinculaci\u00f3n, se reuni\u00f3 con Barreiro en su oficina en Cuenca, donde el procesado quem\u00f3 la letra de cambio. Otros testigos tambi\u00e9n confirmaron que la contrataci\u00f3n de la v\u00edctima fue solicitada por la entonces Vicepresidenta y que existir\u00eda una acci\u00f3n de personal que lo respalda. La oferta de realizar tr\u00e1fico de influencias est\u00e1 tipificada en el art\u00edculo 286 del C\u00f3digo Org\u00e1nico Integral Penal (COIP) y es sancionada con tres a cinco a\u00f1os de prisi\u00f3n. Fuente: Vistazo<\/p>\n","protected":false},"author":1,"featured_media":26010,"comment_status":"closed","ping_status":"closed","sticky":false,"template":"","format":"standard","meta":{"footnotes":""},"categories":[268],"tags":[],"class_list":["post-26008","post","type-post","status-publish","format-standard","has-post-thumbnail","hentry","category-nacionales"],"_links":{"self":[{"href":"https:\/\/www.elamazonico.com\/portal\/wp-json\/wp\/v2\/posts\/26008","targetHints":{"allow":["GET"]}}],"collection":[{"href":"https:\/\/www.elamazonico.com\/portal\/wp-json\/wp\/v2\/posts"}],"about":[{"href":"https:\/\/www.elamazonico.com\/portal\/wp-json\/wp\/v2\/types\/post"}],"author":[{"embeddable":true,"href":"https:\/\/www.elamazonico.com\/portal\/wp-json\/wp\/v2\/users\/1"}],"replies":[{"embeddable":true,"href":"https:\/\/www.elamazonico.com\/portal\/wp-json\/wp\/v2\/comments?post=26008"}],"version-history":[{"count":1,"href":"https:\/\/www.elamazonico.com\/portal\/wp-json\/wp\/v2\/posts\/26008\/revisions"}],"predecessor-version":[{"id":26011,"href":"https:\/\/www.elamazonico.com\/portal\/wp-json\/wp\/v2\/posts\/26008\/revisions\/26011"}],"wp:featuredmedia":[{"embeddable":true,"href":"https:\/\/www.elamazonico.com\/portal\/wp-json\/wp\/v2\/media\/26010"}],"wp:attachment":[{"href":"https:\/\/www.elamazonico.com\/portal\/wp-json\/wp\/v2\/media?parent=26008"}],"wp:term":[{"taxonomy":"category","embeddable":true,"href":"https:\/\/www.elamazonico.com\/portal\/wp-json\/wp\/v2\/categories?post=26008"},{"taxonomy":"post_tag","embeddable":true,"href":"https:\/\/www.elamazonico.com\/portal\/wp-json\/wp\/v2\/tags?post=26008"}],"curies":[{"name":"wp","href":"https:\/\/api.w.org\/{rel}","templated":true}]}}