{"id":26001,"date":"2025-09-02T09:21:53","date_gmt":"2025-09-02T14:21:53","guid":{"rendered":"https:\/\/www.elamazonico.com\/portal\/?p=26001"},"modified":"2025-09-02T09:22:14","modified_gmt":"2025-09-02T14:22:14","slug":"ecuador-y-corea-del-sur-firman-un-acuerdo-comercial-como-impactara-en-los-consumidores","status":"publish","type":"post","link":"https:\/\/www.elamazonico.com\/portal\/ecuador-y-corea-del-sur-firman-un-acuerdo-comercial-como-impactara-en-los-consumidores\/","title":{"rendered":"Ecuador y Corea del Sur firman un acuerdo comercial, \u00bfc\u00f3mo impactar\u00e1 en los consumidores?"},"content":{"rendered":"<p>Los gobiernos de Ecuador y Corea del Sur concretaron, este 2 de septiembre de 2025, la firma del acuerdo comercial,\u00a0en Se\u00fal, tras dos a\u00f1os y cinco meses del cierre t\u00e9cnico de las negociaciones y 10 a\u00f1os de los primeros acercamientos.<\/p>\n<p>\u00abEn Se\u00fal, suscribimos hoy el Acuerdo Estrat\u00e9gico de Cooperaci\u00f3n Econ\u00f3mica (SECA), un instrumento que marca un antes y un despu\u00e9s en la relaci\u00f3n comercial entre ambos pa\u00edses, al abrir las puertas de la d\u00e9cimo segunda potencia econ\u00f3mica mundial a la oferta exportable ecuatoriana\u00bb, inform\u00f3 el Ministerio de Producci\u00f3n de Ecuador en sus redes sociales.<\/p>\n<p>El acuerdo fue firmado por el ministro de la Producci\u00f3n, Luis Alberto Jaramillo, y el ministro de Comercio, Industria y Energ\u00eda de Corea del Sur, Yeo Han-Koo, en un evento que cont\u00f3 con la presencia de empresas coreanas que ya importan o muestran inter\u00e9s en productos ecuatorianos<\/p>\n<p><img decoding=\"async\" src=\"https:\/\/imagenes.primicias.ec\/files\/content_image_simple_414_238\/uploads\/2025\/09\/02\/68b6e15dee978.jpeg\" alt=\"thumb\" \/><br \/>\nEl ministro de Producci\u00f3n de Ecuador, Luis Alberto Jaramillo, y el ministro de Comercio de Corea del Sur, Yeo Han-Koo, tras la firma del acuerdo comercial en Se\u00fal, el 2 de septiembre de 2025.Ministerio de Producci\u00f3n<br \/>\nEl acuerdo incluye un total de 16 \u00e1mbitos que abarcan compromisos en inversi\u00f3n, desarrollo de infraestructura, seguridad energ\u00e9tica, medidas sanitarias y fitosanitarias entre otros, seg\u00fan un comunicado del Ministerio de Comercio, Industria y Energ\u00eda surcoreano.<\/p>\n<p>Para su entrada en vigencia, el\u00a0Acuerdo Estrat\u00e9gico de Cooperaci\u00f3n Econ\u00f3mica entre Ecuador y Corea del Sur (SECA, por sus siglas en ingl\u00e9s) deber\u00e1 ser aprobado por la Corte Constitucional y la Asamblea Nacional.\u00a0De igual manera, deber\u00e1 pasar por procesos internos de aprobaci\u00f3n en el pa\u00eds asi\u00e1tico.<\/p>\n<p>La expectativa de la Federaci\u00f3n Ecuatoriana de Exportadores (Fedexpor) es que el acuerdo comercial con Corea del Sur pueda entrar en vigencia en el \u00faltimo trimestre de 2025.<\/p>\n<p>Para Daniel Legarda, exministro de Comercio Exterior y quien fue parte de las negociaciones, este es uno de los acuerdos comerciales m\u00e1s amplios y modernos para Ecuador, pues incluye temas relacionados a la inteligencia artificial.<\/p>\n<p>Ecuador era el \u00fanico pa\u00eds en la costa del Pac\u00edfico en Am\u00e9rica Latina que no ten\u00eda un acuerdo comercial con Corea del Sur, la d\u00e9cima mayor econom\u00eda del mundo.<\/p>\n<p>El presidente de Fedexpor, Xavier Rosero, explica que, m\u00e1s all\u00e1 de la desgravaci\u00f3n arancelaria para los productos tradicionales de exportaci\u00f3n, este acuerdo permitir\u00e1 abrir nuevos nichos para frutas como ar\u00e1ndanos, aguacate o maracuy\u00e1.<\/p>\n<p>Estas son algunas claves sobre el SECA:<\/p>\n<p><strong>Comercio con Corea del Sur<\/strong><br \/>\nLa balanza comercial no petrolera con Corea del Sur es deficitaria; es decir, Ecuador importa m\u00e1s de lo que exporta a ese pa\u00eds asi\u00e1tico.<\/p>\n<p>Durante el primer semestre de 2025, las exportaciones no petroleras de Ecuador hacia el pa\u00eds asi\u00e1tico alcanzaron un valor de USD 77 millones, lo que represent\u00f3 un incremento de 19%.<\/p>\n<p>Mientras tanto, las importaciones no petroleras cerraron en USD 160 millones, sin embargo, cayeron en 19%, seg\u00fan datos del Banco Central, analizados por Fedexpor.<\/p>\n<p>Ecuador env\u00eda a Corea del Sur m\u00e1s de 60 productos, siendo los principales: banano y pl\u00e1tano, minerales y metales, camar\u00f3n, cacao en grano, caf\u00e9 y productos de la pesca.<\/p>\n<p>En cuanto a la demanda ecuatoriana de productos coreanos, alrededor del 88% de las importaciones corresponden a insumos utilizados para la producci\u00f3n de bienes, seg\u00fan Fedexpor.<\/p>\n<p>Los principales productos de importaci\u00f3n son: m\u00e1quinas y aparatos mec\u00e1nicos, carros y partes, m\u00e1quinas y aparatos el\u00e9ctricos, pl\u00e1sticos y sus manufacturas, y productos farmac\u00e9uticos.<\/p>\n<p><strong>M\u00e1s apertura para productos ecuatorianos<\/strong><br \/>\nUna vez que entre en vigencia el tratado comercial, los aranceles a los productos ecuatorianos en Corea del Sur comenzar\u00e1n a bajar o en algunos casos llegar\u00e1n a cero de manera inmediata.<\/p>\n<p>El camar\u00f3n, por ejemplo, tiene un arancel de 20%, pero apenas entre en vigencia el SECA, un contingente de 10.000 toneladas podr\u00e1 entrar cada a\u00f1o sin pagar aranceles.<\/p>\n<p>En cambio, el banano, que tiene un arancel de 30%, tendr\u00e1 una desgravaci\u00f3n arancelaria en un per\u00edodo de cinco a\u00f1os, hasta llegar a 0%.<\/p>\n<p>El chocolate, con arancel de 8%, y el caf\u00e9 en grano, con arancel de 2%, tambi\u00e9n tendr\u00e1n 0% de tarifa apenas entre en vigencia el acuerdo.<\/p>\n<section id=\"fl-layout-header-container\" class=\"fl-layout-container\">\n<div id=\"fl-layout-header\" class=\"fl-layout-inner\">\n<header class=\"flourish-header\">\n<hgroup>\n<h2 id=\"flourish-header-title\">Productos de exportaci\u00f3n de Ecuador a Corea<\/h2>\n<\/hgroup>\n<\/header>\n<\/div>\n<\/section>\n<p>Adem\u00e1s, con este acuerdo hay potencial para que nuevos productos se abran mercado en el pa\u00eds de Asia, como aceite de palma, quesos maduros y ar\u00e1ndanos. Algunos entrar\u00edan con 0% de arancel de inmediato y otros tendr\u00edan una desgravaci\u00f3n gradual<\/p>\n<section id=\"fl-layout-header-container\" class=\"fl-layout-container\">\n<div id=\"fl-layout-header\" class=\"fl-layout-inner\">\n<header class=\"flourish-header\">\n<hgroup>\n<h2 id=\"flourish-header-title\">Nuevos productos de Ecuador para exportar a Corea<\/h2>\n<\/hgroup>\n<\/header>\n<\/div>\n<\/section>\n<section id=\"fl-layout-primary-container\" class=\"fl-layout-container\" aria-label=\"primary visualisation container\">\n<div id=\"fl-layout-primary\" class=\"fl-layout-inner\">\n<div id=\"main-container\">\n<div id=\"table-container\">\n<div id=\"table-outer\">\n<p>&nbsp;<\/p>\n<table id=\"table-inner\" aria-describedby=\"sort-instruction\">\n<thead>\n<tr id=\"header-row\" class=\"tr\">\n<th class=\"td\" scope=\"col\">\n<div class=\"cell-body\">\n<p>Producto<\/p>\n<\/div>\n<\/th>\n<th class=\"td\" scope=\"col\">\n<div class=\"cell-body\">\n<p>Arancel actual (%)<\/p>\n<\/div>\n<\/th>\n<th class=\"td\" scope=\"col\">\n<div class=\"cell-body\">\n<p>Cambio con el acuerdo comercial<\/p>\n<\/div>\n<\/th>\n<\/tr>\n<\/thead>\n<tbody>\n<tr class=\"tr body-row\">\n<td class=\"td\">\n<div class=\"cell-body\">\n<p>Quesos maduros<\/p>\n<\/div>\n<\/td>\n<td class=\"td\">\n<div class=\"cell-body\">36<\/div>\n<\/td>\n<td class=\"td\">\n<div class=\"cell-body\">\n<p>Desgravaci\u00f3n a 15 a\u00f1os<\/p>\n<\/div>\n<\/td>\n<\/tr>\n<tr class=\"tr body-row\">\n<td class=\"td\">\n<div class=\"cell-body\">\n<p>Yuca<\/p>\n<\/div>\n<\/td>\n<td class=\"td\">\n<div class=\"cell-body\">887<\/div>\n<\/td>\n<td class=\"td\">\n<div class=\"cell-body\">\n<p>Desgravaci\u00f3n a 15 a\u00f1os<\/p>\n<\/div>\n<\/td>\n<\/tr>\n<tr class=\"tr body-row\">\n<td class=\"td\">\n<div class=\"cell-body\">\n<p>Carne de cerdo y sus elaborados<\/p>\n<\/div>\n<\/td>\n<td class=\"td\">\n<div class=\"cell-body\">25<\/div>\n<\/td>\n<td class=\"td\">\n<div class=\"cell-body\">\n<p>Desgravaci\u00f3n a 15 a\u00f1os<\/p>\n<\/div>\n<\/td>\n<\/tr>\n<tr class=\"tr body-row\">\n<td class=\"td\">\n<div class=\"cell-body\">\n<p>Mantequilla<\/p>\n<\/div>\n<\/td>\n<td class=\"td\">\n<div class=\"cell-body\">89<\/div>\n<\/td>\n<td class=\"td\">\n<div class=\"cell-body\">\n<p>Desgravaci\u00f3n a 15 a\u00f1os<\/p>\n<\/div>\n<\/td>\n<\/tr>\n<tr class=\"tr body-row\">\n<td class=\"td\">\n<div class=\"cell-body\">\n<p>Vinos<\/p>\n<\/div>\n<\/td>\n<td class=\"td\">\n<div class=\"cell-body\">15<\/div>\n<\/td>\n<td class=\"td\">\n<div class=\"cell-body\">\n<p>Desgravaci\u00f3n a 15 a\u00f1os<\/p>\n<\/div>\n<\/td>\n<\/tr>\n<tr class=\"tr body-row\">\n<td class=\"td\">\n<div class=\"cell-body\">\n<p>Ar\u00e1ndanos y uvilla deshidratada<\/p>\n<\/div>\n<\/td>\n<td class=\"td\">\n<div class=\"cell-body\">45<\/div>\n<\/td>\n<td class=\"td\">\n<div class=\"cell-body\">\n<p>Desgravaci\u00f3n a 10 a\u00f1os<\/p>\n<\/div>\n<\/td>\n<\/tr>\n<tr class=\"tr body-row\">\n<td class=\"td\">\n<div class=\"cell-body\">\n<p>Embutidos<\/p>\n<\/div>\n<\/td>\n<td class=\"td\">\n<div class=\"cell-body\">18<\/div>\n<\/td>\n<td class=\"td\">\n<div class=\"cell-body\">\n<p>Desgravaci\u00f3n a 10 a\u00f1os<\/p>\n<\/div>\n<\/td>\n<\/tr>\n<tr class=\"tr body-row\">\n<td class=\"td\">\n<div class=\"cell-body\">\n<p>Papa congelada<\/p>\n<\/div>\n<\/td>\n<td class=\"td\">\n<div class=\"cell-body\">18<\/div>\n<\/td>\n<td class=\"td\">\n<div class=\"cell-body\">\n<p>Desgravaci\u00f3n a 10 a\u00f1os<\/p>\n<\/div>\n<\/td>\n<\/tr>\n<tr class=\"tr body-row\">\n<td class=\"td\">\n<div class=\"cell-body\">\n<p>Espinaca<\/p>\n<\/div>\n<\/td>\n<td class=\"td\">\n<div class=\"cell-body\">27<\/div>\n<\/td>\n<td class=\"td\">\n<div class=\"cell-body\">\n<p>Desgravaci\u00f3n a 10 a\u00f1os<\/p>\n<\/div>\n<\/td>\n<\/tr>\n<tr class=\"tr body-row\">\n<td class=\"td\">\n<div class=\"cell-body\">\n<p>Aceite de almendra de palma<\/p>\n<\/div>\n<\/td>\n<td class=\"td\">\n<div class=\"cell-body\">5<\/div>\n<\/td>\n<td class=\"td\">\n<div class=\"cell-body\">\n<p>Acceso inmediato<\/p>\n<\/div>\n<\/td>\n<\/tr>\n<\/tbody>\n<\/table>\n<\/div>\n<\/div>\n<\/div>\n<\/div>\n<\/section>\n<p><strong>Carros coreanos con menos aranceles<\/strong><br \/>\nLos aranceles de los carros, que est\u00e1n entre los productos m\u00e1s importados de Corea a Ecuador, bajar\u00e1n de manera progresiva, seg\u00fan el modelo.<\/p>\n<p>En la actualidad, los veh\u00edculos livianos que se importan de Ecuador tienen aranceles de entre 10% y 40%.<\/p>\n<p>As\u00ed, por ejemplo, los carros SUV, que son los modelos m\u00e1s vendidos en Ecuador, tienen un arancel de 40%. Con el acuerdo comercial, la tarifa arancelaria se reducir\u00e1 a 0% en un per\u00edodo de 15 a\u00f1os; es decir, en 2,7 puntos por a\u00f1o.<\/p>\n<div class=\"container container-header datawrapper-7fXBo-rpmls8\">\n<h3 class=\"block-headline datawrapper-7fXBo-16cs784 \">Reducci\u00f3n arancelaria de los veh\u00edculos coreanos<\/h3>\n<\/div>\n<div id=\"chart\" class=\"dw-chart-body vis-height-fixed datawrapper-7fXBo-2irvu4 svelte-9ysojt\">\n<div class=\"dw-chart-body-content svelte-9ysojt\" aria-hidden=\"false\">\n<div class=\"table-container svelte-fxnudy\">\n<div class=\"table-scroll svelte-fxnudy\">\n<table class=\"medium datawrapper-7fXBo-1k2zto9 svelte-fxnudy resortable\" cellspacing=\"0\">\n<caption class=\"sr-only\">Tabla con 3 columnas y 7 filas. Ordenado de forma ascendente<\/caption>\n<thead>\n<tr class=\"datawrapper-7fXBo-1wbuely svelte-fxnudy\">\n<th class=\"first force-padding type-text inverted align-left resortable cell svelte-108zq60\" colspan=\"1\" scope=\"col\" data-column=\"Segmento\" data-row=\"-1\"><button class=\"sort svelte-fxnudy\"><span class=\"content dw-bold\">Segmento<\/span><\/button><\/th>\n<th class=\"force-padding type-text inverted align-left resortable cell svelte-108zq60\" colspan=\"1\" scope=\"col\" data-column=\"Arancel actual\" data-row=\"-1\"><button class=\"sort svelte-fxnudy\"><span class=\"content dw-bold\">Arancel actual<\/span><\/button><\/th>\n<th class=\"last force-padding type-text inverted align-left resortable cell svelte-108zq60\" colspan=\"1\" scope=\"col\" data-column=\"Per\u00edodo de desgravaci\u00f3n con el acuerdo\" data-row=\"-1\"><button class=\"sort svelte-fxnudy\"><span class=\"content dw-bold\">Per\u00edodo de desgravaci\u00f3n con el acuerdo<\/span><\/button><\/th>\n<\/tr>\n<\/thead>\n<tbody>\n<tr class=\"datawrapper-7fXBo-1c5djey svelte-fxnudy\">\n<th class=\"first force-padding type-text align-left align-vertical-middle td cell svelte-11k6b6d\" colspan=\"1\" scope=\"row\">Autom\u00f3vil<\/th>\n<td class=\"force-padding type-text align-left align-vertical-middle td cell svelte-11k6b6d\" colspan=\"1\">40%<\/td>\n<td class=\"last force-padding type-text align-left align-vertical-middle td cell svelte-11k6b6d\" colspan=\"1\">15 a\u00f1os<\/td>\n<\/tr>\n<tr class=\"datawrapper-7fXBo-1c5djey svelte-fxnudy\">\n<th class=\"first force-padding type-text align-left align-vertical-middle td cell svelte-11k6b6d\" colspan=\"1\" scope=\"row\">SUV<\/th>\n<td class=\"force-padding type-text align-left align-vertical-middle td cell svelte-11k6b6d\" colspan=\"1\">35%-40% (seg\u00fan el modelo)<\/td>\n<td class=\"last force-padding type-text align-left align-vertical-middle td cell svelte-11k6b6d\" colspan=\"1\">15 a\u00f1os<\/td>\n<\/tr>\n<tr class=\"datawrapper-7fXBo-1c5djey svelte-fxnudy\">\n<th class=\"first force-padding type-text align-left align-vertical-middle td cell svelte-11k6b6d\" colspan=\"1\" scope=\"row\">Camioneta<\/th>\n<td class=\"force-padding type-text align-left align-vertical-middle td cell svelte-11k6b6d\" colspan=\"1\">40%<\/td>\n<td class=\"last force-padding type-text align-left align-vertical-middle td cell svelte-11k6b6d\" colspan=\"1\">15 a\u00f1os<\/td>\n<\/tr>\n<tr class=\"datawrapper-7fXBo-1c5djey svelte-fxnudy\">\n<th class=\"first force-padding type-text align-left align-vertical-middle td cell svelte-11k6b6d\" colspan=\"1\" scope=\"row\">Cami\u00f3n<\/th>\n<td class=\"force-padding type-text align-left align-vertical-middle td cell svelte-11k6b6d\" colspan=\"1\">5%-10% (seg\u00fan el modelo)<\/td>\n<td class=\"last force-padding type-text align-left align-vertical-middle td cell svelte-11k6b6d\" colspan=\"1\">De inmediato para los modelos de 5% y 10 a\u00f1os para los de 10%<\/td>\n<\/tr>\n<tr class=\"datawrapper-7fXBo-1c5djey svelte-fxnudy\">\n<th class=\"first force-padding type-text align-left align-vertical-middle td cell svelte-11k6b6d\" colspan=\"1\" scope=\"row\">VAN<\/th>\n<td class=\"force-padding type-text align-left align-vertical-middle td cell svelte-11k6b6d\" colspan=\"1\">10-35% (seg\u00fan el modelo)<\/td>\n<td class=\"last force-padding type-text align-left align-vertical-middle td cell svelte-11k6b6d\" colspan=\"1\">10 a\u00f1os<\/td>\n<\/tr>\n<tr class=\"datawrapper-7fXBo-1c5djey svelte-fxnudy\">\n<th class=\"first force-padding type-text align-left align-vertical-middle td cell svelte-11k6b6d\" colspan=\"1\" scope=\"row\">Bus<\/th>\n<td class=\"force-padding type-text align-left align-vertical-middle td cell svelte-11k6b6d\" colspan=\"1\">0%<\/td>\n<td class=\"last force-padding type-text align-left align-vertical-middle td cell svelte-11k6b6d\" colspan=\"1\">N\/A<\/td>\n<\/tr>\n<tr class=\"datawrapper-7fXBo-1c5djey svelte-fxnudy\">\n<th class=\"first force-padding type-text align-left align-vertical-middle td cell svelte-11k6b6d\" colspan=\"1\" scope=\"row\">Tractocamiones<\/th>\n<td class=\"force-padding type-text align-left align-vertical-middle td cell svelte-11k6b6d\" colspan=\"1\">0%<\/td>\n<td class=\"last force-padding type-text align-left align-vertical-middle td cell svelte-11k6b6d\" colspan=\"1\">N\/A<\/td>\n<\/tr>\n<\/tbody>\n<\/table>\n<\/div>\n<\/div>\n<\/div>\n<\/div>\n<p>En cambio, las tarifas para los veh\u00edculos h\u00edbridos bajar\u00e1n m\u00e1s r\u00e1pido. Los caros h\u00edbridos\u00a0se caracterizan por tener\u00a0dos motores: uno el\u00e9ctrico y uno a gasolina.<\/p>\n<p>Los carros h\u00edbridos con un cilindraje de 2.000 &#8211; 3.000 cent\u00edmetros c\u00fabicos (cm3), que ahora tienen 10% de arancel, quedar\u00e1n en 0% en cinco a\u00f1os.<\/p>\n<p>Y los carros h\u00edbridos con cilindraje de 3.000 &#8211; 4.000 cm3, que tienen arancel de 20%, llegar\u00e1n a 0% en 10 a\u00f1os.<\/p>\n<p>Entre enero y julio de 2025, en Ecuador se vendieron 974 carros ensamblados en Corea del Sur; lo que representa el 1,5% del total de ventas en el mercado, seg\u00fan la C\u00e1mara de la Industria Automotriz Ecuatoriana (Cinae).<\/p>\n<p><strong>Maquillaje coreano m\u00e1s barato\u00a0<\/strong><br \/>\nLos productos de belleza coreanos, que han ganado fama mundial, tambi\u00e9n entrar\u00e1n a Ecuador con menos arancel, por lo que podr\u00e1n conseguirse a precios m\u00e1s bajos.<\/p>\n<p>Todos los cosm\u00e9ticos de maquillaje, que hoy tienen arancel de 6,5%, bajar\u00e1n a 0% apenas entre en vigencia el acuerdo comercial. Por ejemplo, sombras, labiales, esmaltes de u\u00f1as, polvos faciales.<\/p>\n<p>Incluso los cosm\u00e9ticos para el cuidado de la piel, famosos en Corea por los resultados para rejuvenecer el rostro, que ahora tienen 6,5% de tarifa, bajar\u00e1n a 0% cuando el SECA entre en vigencia.<\/p>\n<div class=\"container container-header datawrapper-4uGxq-rpmls8\">\n<h3 class=\"block-headline datawrapper-4uGxq-16cs784 \">Productos de &#8216;K-Beuty&#8217; bajar\u00e1n de precio<\/h3>\n<\/div>\n<div id=\"chart\" class=\"dw-chart-body vis-height-fixed datawrapper-4uGxq-2irvu4 svelte-9ysojt\">\n<div class=\"dw-chart-body-content svelte-9ysojt\" aria-hidden=\"false\">\n<div class=\"table-container svelte-fxnudy\">\n<div class=\"table-scroll svelte-fxnudy\">\n<table class=\"medium datawrapper-4uGxq-1k2zto9 svelte-fxnudy resortable\" cellspacing=\"0\">\n<caption class=\"sr-only\">Tabla con 3 columnas y 8 filas. Ordenado de forma ascendente<\/caption>\n<thead>\n<tr class=\"datawrapper-4uGxq-1wbuely svelte-fxnudy\">\n<th class=\"first force-padding type-text inverted align-left resortable cell svelte-108zq60\" colspan=\"1\" scope=\"col\" data-column=\"Producto\" data-row=\"-1\"><button class=\"sort svelte-fxnudy\"><span class=\"content dw-bold\">Producto<\/span><\/button><\/th>\n<th class=\"force-padding type-number inverted align-right resortable cell svelte-108zq60\" colspan=\"1\" scope=\"col\" data-column=\"Arancel\" data-row=\"-1\"><button class=\"sort svelte-fxnudy\"><span class=\"content dw-bold\">Arancel<\/span><\/button><\/th>\n<th class=\"last force-padding type-text inverted align-left resortable cell svelte-108zq60\" colspan=\"1\" scope=\"col\" data-column=\"Per\u00edodo de reducci\u00f3n con el acuerdo\" data-row=\"-1\"><button class=\"sort svelte-fxnudy\"><span class=\"content dw-bold\">Per\u00edodo de reducci\u00f3n con el acuerdo<\/span><\/button><\/th>\n<\/tr>\n<\/thead>\n<tbody>\n<tr class=\"datawrapper-4uGxq-1c5djey svelte-fxnudy\">\n<th class=\"first force-padding type-text align-left align-vertical-middle td cell svelte-11k6b6d\" colspan=\"1\" scope=\"row\">Polvos faciales<\/th>\n<td class=\"force-padding type-number align-right align-vertical-middle td cell svelte-11k6b6d\" colspan=\"1\">6,5%<\/td>\n<td class=\"last force-padding type-text align-left align-vertical-middle td cell svelte-11k6b6d\" colspan=\"1\">Inmediato<\/td>\n<\/tr>\n<tr class=\"datawrapper-4uGxq-1c5djey svelte-fxnudy\">\n<th class=\"first force-padding type-text align-left align-vertical-middle td cell svelte-11k6b6d\" colspan=\"1\" scope=\"row\">Sombras<\/th>\n<td class=\"force-padding type-number align-right align-vertical-middle td cell svelte-11k6b6d\" colspan=\"1\">6,5%<\/td>\n<td class=\"last force-padding type-text align-left align-vertical-middle td cell svelte-11k6b6d\" colspan=\"1\">Inmediato<\/td>\n<\/tr>\n<tr class=\"datawrapper-4uGxq-1c5djey svelte-fxnudy\">\n<th class=\"first force-padding type-text align-left align-vertical-middle td cell svelte-11k6b6d\" colspan=\"1\" scope=\"row\">Labiales<\/th>\n<td class=\"force-padding type-number align-right align-vertical-middle td cell svelte-11k6b6d\" colspan=\"1\">6,5%<\/td>\n<td class=\"last force-padding type-text align-left align-vertical-middle td cell svelte-11k6b6d\" colspan=\"1\">Inmediato<\/td>\n<\/tr>\n<tr class=\"datawrapper-4uGxq-1c5djey svelte-fxnudy\">\n<th class=\"first force-padding type-text align-left align-vertical-middle td cell svelte-11k6b6d\" colspan=\"1\" scope=\"row\">Esmaltes<\/th>\n<td class=\"force-padding type-number align-right align-vertical-middle td cell svelte-11k6b6d\" colspan=\"1\">6,5%<\/td>\n<td class=\"last force-padding type-text align-left align-vertical-middle td cell svelte-11k6b6d\" colspan=\"1\">Inmediato<\/td>\n<\/tr>\n<tr class=\"datawrapper-4uGxq-1c5djey svelte-fxnudy\">\n<th class=\"first force-padding type-text align-left align-vertical-middle td cell svelte-11k6b6d\" colspan=\"1\" scope=\"row\">Cosm\u00e9ticos de cuidado para la piel<\/th>\n<td class=\"force-padding type-number align-right align-vertical-middle td cell svelte-11k6b6d\" colspan=\"1\">6,5%<\/td>\n<td class=\"last force-padding type-text align-left align-vertical-middle td cell svelte-11k6b6d\" colspan=\"1\">Inmediato<\/td>\n<\/tr>\n<tr class=\"datawrapper-4uGxq-1c5djey svelte-fxnudy\">\n<th class=\"first force-padding type-text align-left align-vertical-middle td cell svelte-11k6b6d\" colspan=\"1\" scope=\"row\">Champ\u00fa<\/th>\n<td class=\"force-padding type-number align-right align-vertical-middle td cell svelte-11k6b6d\" colspan=\"1\">5,0%<\/td>\n<td class=\"last force-padding type-text align-left align-vertical-middle td cell svelte-11k6b6d\" colspan=\"1\">Inmediato<\/td>\n<\/tr>\n<tr class=\"datawrapper-4uGxq-1c5djey svelte-fxnudy\">\n<th class=\"first force-padding type-text align-left align-vertical-middle td cell svelte-11k6b6d\" colspan=\"1\" scope=\"row\">Cremas para el cabello<\/th>\n<td class=\"force-padding type-number align-right align-vertical-middle td cell svelte-11k6b6d\" colspan=\"1\">5,0%<\/td>\n<td class=\"last force-padding type-text align-left align-vertical-middle td cell svelte-11k6b6d\" colspan=\"1\">Inmediato<\/td>\n<\/tr>\n<tr class=\"datawrapper-4uGxq-1c5djey svelte-fxnudy\">\n<th class=\"first force-padding type-text align-left align-vertical-middle td cell svelte-11k6b6d\" colspan=\"1\" scope=\"row\">Tintes de cabello<\/th>\n<td class=\"force-padding type-number align-right align-vertical-middle td cell svelte-11k6b6d\" colspan=\"1\">5,0%<\/td>\n<td class=\"last force-padding type-text align-left align-vertical-middle td cell svelte-11k6b6d\" colspan=\"1\">Inmediato<\/td>\n<\/tr>\n<\/tbody>\n<\/table>\n<\/div>\n<\/div>\n<\/div>\n<\/div>\n<p>Tambi\u00e9n entrar\u00e1n con 0% de inmediato el champ\u00fa, las lacas y cremas para el cabello, productos para ondular y para aclarar el cabello. Hoy, esos productos tienen un arancel de 5%.<\/p>\n<p>Perfumes, lociones, jabones, mascarillas y sales de ba\u00f1o tambi\u00e9n entrar\u00e1n con 0% a Ecuador cuando entre en vigencia este tratado de libre comercio.<\/p>\n<p><strong>Gastronom\u00eda coreana<\/strong><br \/>\nLos productos de la gastronom\u00eda coreana tambi\u00e9n se han popularizado en occidente gracias a las series o &#8216;k-dramas&#8217; que fascinan sobre todo a los j\u00f3venes.<\/p>\n<p>En Ecuador, incluso, ya hay varios restaurantes y tiendas especializadas en comida coreana. As\u00ed, los fideos ramen, que hoy tienen arancel de 5%, ingresar\u00e1n a Ecuador con 0% de inmediato, con el acuerdo comercial.<\/p>\n<p>Otra variedad de fideo coreano conocido como\u00a0Naengmyeon, que tiene 5% de tarifa, bajar\u00e1 a 0% en cinco a\u00f1os.<\/p>\n<p>Y el\u00a0takju o vino de arroz coreano, que tiene 15% de arancel, tambi\u00e9n bajar\u00e1 a 0% en cinco a\u00f1os. Otra bebida alcoh\u00f3lica destilada t\u00edpica de Corea, el soju, que tiene tarifa de 30% bajar\u00e1 a 0% en tres a\u00f1os.<\/p>\n<p><strong>Electrodom\u00e9sticos y otros art\u00edculos<\/strong><br \/>\nEn la actualidad, los celulares y computadoras ya tienen 0% de arancel, por lo que no habr\u00e1 cambios. Pero hay otros productos tecnol\u00f3gicos que s\u00ed tendr\u00e1n reducciones de tarifa.<\/p>\n<p>Por ejemplo, las\u00a0c\u00e1maras fotogr\u00e1ficas de auto revelado, que tienen 20% de tarifa, bajar\u00e1n a 0% en 10 a\u00f1os.<\/p>\n<p>Los auriculares, que tienen tarifa de 25%, bajar\u00e1n a 0% en 10 a\u00f1os; y los amplificadores de sonido, que tienen tarifa de 5% bajar\u00e1n a 0% en cinco a\u00f1os.<\/p>\n<p>Los televisores, que tienen aranceles seg\u00fan su tama\u00f1o, tendr\u00e1n reducci\u00f3n de las tarifas de entre 5 y 10 a\u00f1os.<\/p>\n<p>Y en el segmento de los electrodom\u00e9sticos, por ejemplo, los aires acondicionados, que tienen una tarifa de 8%, bajar\u00e1n a 0% de inmediato con el acuerdo.<\/p>\n<p>Los microondas, que tienen 30% de arancel, bajar\u00e1n a 0% en 10 a\u00f1os.<\/p>\n","protected":false},"excerpt":{"rendered":"<p>Los gobiernos de Ecuador y Corea del Sur concretaron, este 2 de septiembre de 2025, la firma del acuerdo comercial,\u00a0en Se\u00fal, tras dos a\u00f1os y cinco meses del cierre t\u00e9cnico de las negociaciones y 10 a\u00f1os de los primeros acercamientos. \u00abEn Se\u00fal, suscribimos hoy el Acuerdo Estrat\u00e9gico de Cooperaci\u00f3n Econ\u00f3mica (SECA), un instrumento que marca un antes y un despu\u00e9s en la relaci\u00f3n comercial entre ambos pa\u00edses, al abrir las puertas de la d\u00e9cimo segunda potencia econ\u00f3mica mundial a la oferta exportable ecuatoriana\u00bb, inform\u00f3 el Ministerio de Producci\u00f3n de Ecuador en sus redes sociales. El acuerdo fue firmado por el ministro de la Producci\u00f3n, Luis Alberto Jaramillo, y el ministro de Comercio, Industria y Energ\u00eda de Corea del Sur, Yeo Han-Koo, en un evento que cont\u00f3 con la presencia de empresas coreanas que ya importan o muestran inter\u00e9s en productos ecuatorianos El ministro de Producci\u00f3n de Ecuador, Luis Alberto Jaramillo, y el ministro de Comercio de Corea del Sur, Yeo Han-Koo, tras la firma del acuerdo comercial en Se\u00fal, el 2 de septiembre de 2025.Ministerio de Producci\u00f3n El acuerdo incluye un total de 16 \u00e1mbitos que abarcan compromisos en inversi\u00f3n, desarrollo de infraestructura, seguridad energ\u00e9tica, medidas sanitarias y fitosanitarias entre otros, seg\u00fan un comunicado del Ministerio de Comercio, Industria y Energ\u00eda surcoreano. Para su entrada en vigencia, el\u00a0Acuerdo Estrat\u00e9gico de Cooperaci\u00f3n Econ\u00f3mica entre Ecuador y Corea del Sur (SECA, por sus siglas en ingl\u00e9s) deber\u00e1 ser aprobado por la Corte Constitucional y la Asamblea Nacional.\u00a0De igual manera, deber\u00e1 pasar por procesos internos de aprobaci\u00f3n en el pa\u00eds asi\u00e1tico. La expectativa de la Federaci\u00f3n Ecuatoriana de Exportadores (Fedexpor) es que el acuerdo comercial con Corea del Sur pueda entrar en vigencia en el \u00faltimo trimestre de 2025. Para Daniel Legarda, exministro de Comercio Exterior y quien fue parte de las negociaciones, este es uno de los acuerdos comerciales m\u00e1s amplios y modernos para Ecuador, pues incluye temas relacionados a la inteligencia artificial. Ecuador era el \u00fanico pa\u00eds en la costa del Pac\u00edfico en Am\u00e9rica Latina que no ten\u00eda un acuerdo comercial con Corea del Sur, la d\u00e9cima mayor econom\u00eda del mundo. El presidente de Fedexpor, Xavier Rosero, explica que, m\u00e1s all\u00e1 de la desgravaci\u00f3n arancelaria para los productos tradicionales de exportaci\u00f3n, este acuerdo permitir\u00e1 abrir nuevos nichos para frutas como ar\u00e1ndanos, aguacate o maracuy\u00e1. Estas son algunas claves sobre el SECA: Comercio con Corea del Sur La balanza comercial no petrolera con Corea del Sur es deficitaria; es decir, Ecuador importa m\u00e1s de lo que exporta a ese pa\u00eds asi\u00e1tico. Durante el primer semestre de 2025, las exportaciones no petroleras de Ecuador hacia el pa\u00eds asi\u00e1tico alcanzaron un valor de USD 77 millones, lo que represent\u00f3 un incremento de 19%. Mientras tanto, las importaciones no petroleras cerraron en USD 160 millones, sin embargo, cayeron en 19%, seg\u00fan datos del Banco Central, analizados por Fedexpor. Ecuador env\u00eda a Corea del Sur m\u00e1s de 60 productos, siendo los principales: banano y pl\u00e1tano, minerales y metales, camar\u00f3n, cacao en grano, caf\u00e9 y productos de la pesca. En cuanto a la demanda ecuatoriana de productos coreanos, alrededor del 88% de las importaciones corresponden a insumos utilizados para la producci\u00f3n de bienes, seg\u00fan Fedexpor. Los principales productos de importaci\u00f3n son: m\u00e1quinas y aparatos mec\u00e1nicos, carros y partes, m\u00e1quinas y aparatos el\u00e9ctricos, pl\u00e1sticos y sus manufacturas, y productos farmac\u00e9uticos. M\u00e1s apertura para productos ecuatorianos Una vez que entre en vigencia el tratado comercial, los aranceles a los productos ecuatorianos en Corea del Sur comenzar\u00e1n a bajar o en algunos casos llegar\u00e1n a cero de manera inmediata. El camar\u00f3n, por ejemplo, tiene un arancel de 20%, pero apenas entre en vigencia el SECA, un contingente de 10.000 toneladas podr\u00e1 entrar cada a\u00f1o sin pagar aranceles. En cambio, el banano, que tiene un arancel de 30%, tendr\u00e1 una desgravaci\u00f3n arancelaria en un per\u00edodo de cinco a\u00f1os, hasta llegar a 0%. El chocolate, con arancel de 8%, y el caf\u00e9 en grano, con arancel de 2%, tambi\u00e9n tendr\u00e1n 0% de tarifa apenas entre en vigencia el acuerdo. Productos de exportaci\u00f3n de Ecuador a Corea Adem\u00e1s, con este acuerdo hay potencial para que nuevos productos se abran mercado en el pa\u00eds de Asia, como aceite de palma, quesos maduros y ar\u00e1ndanos. Algunos entrar\u00edan con 0% de arancel de inmediato y otros tendr\u00edan una desgravaci\u00f3n gradual Nuevos productos de Ecuador para exportar a Corea &nbsp; Producto Arancel actual (%) Cambio con el acuerdo comercial Quesos maduros 36 Desgravaci\u00f3n a 15 a\u00f1os Yuca 887 Desgravaci\u00f3n a 15 a\u00f1os Carne de cerdo y sus elaborados 25 Desgravaci\u00f3n a 15 a\u00f1os Mantequilla 89 Desgravaci\u00f3n a 15 a\u00f1os Vinos 15 Desgravaci\u00f3n a 15 a\u00f1os Ar\u00e1ndanos y uvilla deshidratada 45 Desgravaci\u00f3n a 10 a\u00f1os Embutidos 18 Desgravaci\u00f3n a 10 a\u00f1os Papa congelada 18 Desgravaci\u00f3n a 10 a\u00f1os Espinaca 27 Desgravaci\u00f3n a 10 a\u00f1os Aceite de almendra de palma 5 Acceso inmediato Carros coreanos con menos aranceles Los aranceles de los carros, que est\u00e1n entre los productos m\u00e1s importados de Corea a Ecuador, bajar\u00e1n de manera progresiva, seg\u00fan el modelo. En la actualidad, los veh\u00edculos livianos que se importan de Ecuador tienen aranceles de entre 10% y 40%. As\u00ed, por ejemplo, los carros SUV, que son los modelos m\u00e1s vendidos en Ecuador, tienen un arancel de 40%. Con el acuerdo comercial, la tarifa arancelaria se reducir\u00e1 a 0% en un per\u00edodo de 15 a\u00f1os; es decir, en 2,7 puntos por a\u00f1o. Reducci\u00f3n arancelaria de los veh\u00edculos coreanos Tabla con 3 columnas y 7 filas. Ordenado de forma ascendente Segmento Arancel actual Per\u00edodo de desgravaci\u00f3n con el acuerdo Autom\u00f3vil 40% 15 a\u00f1os SUV 35%-40% (seg\u00fan el modelo) 15 a\u00f1os Camioneta 40% 15 a\u00f1os Cami\u00f3n 5%-10% (seg\u00fan el modelo) De inmediato para los modelos de 5% y 10 a\u00f1os para los de 10% VAN 10-35% (seg\u00fan el modelo) 10 a\u00f1os Bus 0% N\/A Tractocamiones 0% N\/A En cambio, las tarifas para los veh\u00edculos h\u00edbridos bajar\u00e1n m\u00e1s r\u00e1pido. Los caros h\u00edbridos\u00a0se caracterizan por tener\u00a0dos motores: uno el\u00e9ctrico y uno a gasolina. Los carros h\u00edbridos con un cilindraje de 2.000 &#8211;<\/p>\n","protected":false},"author":1,"featured_media":26002,"comment_status":"closed","ping_status":"closed","sticky":false,"template":"","format":"standard","meta":{"footnotes":""},"categories":[268],"tags":[],"class_list":["post-26001","post","type-post","status-publish","format-standard","has-post-thumbnail","hentry","category-nacionales"],"_links":{"self":[{"href":"https:\/\/www.elamazonico.com\/portal\/wp-json\/wp\/v2\/posts\/26001","targetHints":{"allow":["GET"]}}],"collection":[{"href":"https:\/\/www.elamazonico.com\/portal\/wp-json\/wp\/v2\/posts"}],"about":[{"href":"https:\/\/www.elamazonico.com\/portal\/wp-json\/wp\/v2\/types\/post"}],"author":[{"embeddable":true,"href":"https:\/\/www.elamazonico.com\/portal\/wp-json\/wp\/v2\/users\/1"}],"replies":[{"embeddable":true,"href":"https:\/\/www.elamazonico.com\/portal\/wp-json\/wp\/v2\/comments?post=26001"}],"version-history":[{"count":2,"href":"https:\/\/www.elamazonico.com\/portal\/wp-json\/wp\/v2\/posts\/26001\/revisions"}],"predecessor-version":[{"id":26004,"href":"https:\/\/www.elamazonico.com\/portal\/wp-json\/wp\/v2\/posts\/26001\/revisions\/26004"}],"wp:featuredmedia":[{"embeddable":true,"href":"https:\/\/www.elamazonico.com\/portal\/wp-json\/wp\/v2\/media\/26002"}],"wp:attachment":[{"href":"https:\/\/www.elamazonico.com\/portal\/wp-json\/wp\/v2\/media?parent=26001"}],"wp:term":[{"taxonomy":"category","embeddable":true,"href":"https:\/\/www.elamazonico.com\/portal\/wp-json\/wp\/v2\/categories?post=26001"},{"taxonomy":"post_tag","embeddable":true,"href":"https:\/\/www.elamazonico.com\/portal\/wp-json\/wp\/v2\/tags?post=26001"}],"curies":[{"name":"wp","href":"https:\/\/api.w.org\/{rel}","templated":true}]}}