{"id":25995,"date":"2025-09-02T08:02:13","date_gmt":"2025-09-02T13:02:13","guid":{"rendered":"https:\/\/www.elamazonico.com\/portal\/?p=25995"},"modified":"2025-09-02T08:02:13","modified_gmt":"2025-09-02T13:02:13","slug":"quien-es-marco-rubio-y-que-busca-en-su-visita-a-ecuador-estos-son-los-temas-que-trataria-con-daniel-noboa","status":"publish","type":"post","link":"https:\/\/www.elamazonico.com\/portal\/quien-es-marco-rubio-y-que-busca-en-su-visita-a-ecuador-estos-son-los-temas-que-trataria-con-daniel-noboa\/","title":{"rendered":"\u00bfQui\u00e9n es Marco Rubio y qu\u00e9 busca en su visita a Ecuador? Estos son los temas que tratar\u00eda con Daniel Noboa"},"content":{"rendered":"<div class=\"paragraph texto\">\n<p class=\"p_0\"><b><a href=\"https:\/\/www.vistazo.com\/politica\/internacional\/2024-11-13-trump-confirma-que-marco-rubio-sera-el-proximo-secretario-de-estado-de-ee-uu-KC8307369\">Marco Rubio<\/a><\/b>, secretario de Estado de Estados Unidos, arriba este mi\u00e9rcoles a Ecuador para una<u><b>\u00a0reuni\u00f3n clave<\/b><\/u>\u00a0en la lucha contra el crimen organizado, que emprendi\u00f3 el presidente\u00a0<b>Daniel Noboa<\/b>. \u00bfQu\u00e9 busca el pol\u00edtico de ascendencia latina en el pa\u00eds sudamericano?<\/p>\n<p class=\"p_1\">Tiene 54 a\u00f1os y naci\u00f3 en Miami el 28 de mayo de 1971. Es hijo de inmigrantes cubanos,\u00a0<b>Mario Rubio y Oria Garc\u00eda<\/b>, quienes se naturalizaron como ciudadanos estadounidenses en 1975.<\/p>\n<p class=\"p_3\">Est\u00e1 casado con<b>\u00a0Jeanette Dousdebes<\/b>, una exanimadora de origen colombiano de los Miami Dolphins de la NFL y una figura p\u00fablica conocida por su activismo social, con quien tiene cuatro hijos.<\/p>\n<div class=\"Center2Display\">\n<div id=\"Center2\"><\/div>\n<\/div>\n<p class=\"p_4\">Marco Rubio se gradu\u00f3 en la Universidad de Florida y obtuvo su t\u00edtulo de abogado en la Universidad de Miami. Desde entonces, tuvo un ascenso mete\u00f3rico en la pol\u00edtica estadounidense,\u00a0<u><b>a los 34 a\u00f1os ya era presidente de la C\u00e1mara de Representantes de Florida<\/b><\/u>.<\/p>\n<p class=\"p_5\">En 2010, fue elegido senador por Florida, cargo que ocup\u00f3 hasta el 20 de enero de 2025. Durante su paso por aquel puesto, se destac\u00f3 por su\u00a0<u><b>defensa de la pol\u00edtica latinoamericana y la seguridad internacional<\/b><\/u>.<\/p>\n<p class=\"p_6\">Estuvo durante meses entre los favoritos en las quinielas de posibles compa\u00f1eros de f\u00f3rmula de Donald Trump a pesar de que a\u00f1os atr\u00e1s, en 2016,\u00a0<b>fueron rivales en las primarias republicanas<\/b>.<\/p>\n<p class=\"p_7\">Por aquel entonces la relaci\u00f3n entre ambos era execrable y los calificativos despectivos estaban a la orden del d\u00eda. Dijo de Trump que ten\u00eda las\u00a0<u><b>\u201cmanos peque\u00f1as\u201d y le llam\u00f3 \u201cestafador\u201d<\/b><\/u>. El magnate tambi\u00e9n se burlaba de \u00e9l, con el apodo de<u><b>\u00a0\u201cpeque\u00f1o Marco\u201d<\/b><\/u>.<\/p>\n<p class=\"p_8\">Pero en pol\u00edtica la memoria es corta y han pasado de enemigos a aliados. El 21 de enero de 2025, Rubio asumi\u00f3 como Secretario de Estado de los Estados Unidos,\u00a0<u><b>convirti\u00e9ndose en el primer pol\u00edtico de ascendencia hispana en ocupar este cargo<\/b><\/u>.<\/p>\n<\/div>\n<div class=\"multimediaMacroWrapper img lateral\">\n<figure class=\"contentMedia art-img\">\n<div><img fetchpriority=\"high\" decoding=\"async\" class=\" lazyloaded\" title=\"Marco Rubio es el primer latino en ocupar un cargo de secretario de Estado de EE.UU.\" src=\"https:\/\/www.vistazo.com\/placeholder\/svg\/viewbox\/768x432\" sizes=\"100vw\" srcset=\"\/\/www.vistazo.com\/binrepository\/768x432\/0c0\/0d0\/none\/12727\/DGVN\/b35f9cb4c38f6acd9f2c5a1f326dd6fdcb384_2392147_20250901162123.jpg 768w,\/\/www.vistazo.com\/binrepository\/640x360\/0c0\/0d0\/none\/12727\/DGVG\/b35f9cb4c38f6acd9f2c5a1f326dd6fdcb384_2392147_20250901162123.jpg 640w,\/\/www.vistazo.com\/binrepository\/512x288\/0c0\/0d0\/none\/12727\/DGVF\/b35f9cb4c38f6acd9f2c5a1f326dd6fdcb384_2392147_20250901162123.jpg 512w,\/\/www.vistazo.com\/binrepository\/384x216\/0c0\/0d0\/none\/12727\/DGVL\/b35f9cb4c38f6acd9f2c5a1f326dd6fdcb384_2392147_20250901162123.jpg 384w,\/\/www.vistazo.com\/binrepository\/300x169\/0c0\/0d0\/none\/12727\/DGVM\/b35f9cb4c38f6acd9f2c5a1f326dd6fdcb384_2392147_20250901162123.jpg 300w\" alt=\"$!Marco Rubio es el primer latino en ocupar un cargo de secretario de Estado de EE.UU.\" width=\"768\" height=\"432\" data-srcset=\"\/\/www.vistazo.com\/binrepository\/768x432\/0c0\/0d0\/none\/12727\/DGVN\/b35f9cb4c38f6acd9f2c5a1f326dd6fdcb384_2392147_20250901162123.jpg 768w,\/\/www.vistazo.com\/binrepository\/640x360\/0c0\/0d0\/none\/12727\/DGVG\/b35f9cb4c38f6acd9f2c5a1f326dd6fdcb384_2392147_20250901162123.jpg 640w,\/\/www.vistazo.com\/binrepository\/512x288\/0c0\/0d0\/none\/12727\/DGVF\/b35f9cb4c38f6acd9f2c5a1f326dd6fdcb384_2392147_20250901162123.jpg 512w,\/\/www.vistazo.com\/binrepository\/384x216\/0c0\/0d0\/none\/12727\/DGVL\/b35f9cb4c38f6acd9f2c5a1f326dd6fdcb384_2392147_20250901162123.jpg 384w,\/\/www.vistazo.com\/binrepository\/300x169\/0c0\/0d0\/none\/12727\/DGVM\/b35f9cb4c38f6acd9f2c5a1f326dd6fdcb384_2392147_20250901162123.jpg 300w\" \/><\/div>\n<div class=\"cutline-byline\"><span class=\"cutline-text\">Marco Rubio es el primer latino en ocupar un cargo de secretario de Estado de EE.UU.<\/span>\u00a0<span class=\"byline-image\">(Foto: archivo )<\/span><\/div>\n<\/figure>\n<\/div>\n<h2 class=\"h2vistazo\">SUS PENSAMIENTOS SOBRE EL MUNDO<\/h2>\n<div class=\"paragraph texto\">\n<p class=\"p_10\">Este pol\u00edtico, que profesa la\u00a0<b>religi\u00f3n cat\u00f3lica<\/b>, es partidario de ejercer la m\u00e1xima presi\u00f3n sobre China, gran potencia rival de Estados Unidos.<\/p>\n<p class=\"p_11\">Como senador abog\u00f3 por\u00a0<u><b>ayudar a Taiw\u00e1n\u00a0<\/b><\/u>y tomar medidas para restringir las operaciones comerciales chinas en Estados Unidos y castigar a Pek\u00edn por la forma en la que trata a Hong Kong y a la minor\u00eda uigur.<\/p>\n<p class=\"p_12\">Tambi\u00e9n apoya vehementemente a\u00a0<b>Israel<\/b>, tiene a Ir\u00e1n en la mira y es partidario de acabar con la guerra en\u00a0<b>Ucrania<\/b>.<\/p>\n<p class=\"p_13\">En Am\u00e9rica Latina el pol\u00edtico, que habla espa\u00f1ol con fluidez, critica duramente al gobierno castrista de Cuba, al mandatario venezolano\u00a0<b>Nicol\u00e1s Maduro\u00a0<\/b>y al nicarag\u00fcense\u00a0<b>Daniel Ortega<\/b>.<\/p>\n<p class=\"p_14\">Sobre la situaci\u00f3n de Ecuador tambi\u00e9n se ha referido en m\u00faltiples ocasiones. Cuando a\u00fan era senador dio una entrevista a NTN24 en la que se refiri\u00f3 al expresidente\u00a0<u><b>Rafael Correa<\/b><\/u>.<\/p>\n<\/div>\n<div class=\"Citavistazo\">\u201cNo hay duda de que Correa y su grupo pol\u00edtico ha tenido enlaces con diferentes grupos y lo ha utilizado para su pol\u00edtica interna para desestabilizar los gobiernos que no son de su l\u00ednea\u201d, asegur\u00f3 Rubio.<\/div>\n<div class=\"paragraph texto\">\n<p class=\"p_15\">Ya como secretario de Estado de Estados Unidos, elogi\u00f3 al Ecuador por la extradici\u00f3n del narcotraficante Jos\u00e9 Adolfo Mac\u00edas Villamar, alias<b>\u00a0\u2018Fito\u2019<\/b>. El funcionario tambi\u00e9n destac\u00f3 la asociaci\u00f3n entre los pa\u00edses \u201cpara promover la seguridad en todo nuestro hemisferio\u201d.<\/p>\n<\/div>\n<div class=\"multimediaMacroWrapper img lateral\">\n<figure class=\"contentMedia art-img\">\n<div><img decoding=\"async\" class=\" lazyloaded\" title=\"Marco Rubio arriba al Ecuador para tratar temas de seguridad y migraci\u00f3n.\" src=\"https:\/\/www.vistazo.com\/placeholder\/svg\/viewbox\/768x432\" sizes=\"100vw\" srcset=\"\/\/www.vistazo.com\/binrepository\/768x432\/0c0\/0d0\/none\/12727\/BGAN\/f6260cf3488b89856ba3343611432b806ed3f_2392150_20250901162123.jpg 768w,\/\/www.vistazo.com\/binrepository\/640x360\/0c0\/0d0\/none\/12727\/BGAG\/f6260cf3488b89856ba3343611432b806ed3f_2392150_20250901162123.jpg 640w,\/\/www.vistazo.com\/binrepository\/512x288\/0c0\/0d0\/none\/12727\/BGAF\/f6260cf3488b89856ba3343611432b806ed3f_2392150_20250901162123.jpg 512w,\/\/www.vistazo.com\/binrepository\/384x216\/0c0\/0d0\/none\/12727\/BGAL\/f6260cf3488b89856ba3343611432b806ed3f_2392150_20250901162123.jpg 384w,\/\/www.vistazo.com\/binrepository\/300x169\/0c0\/0d0\/none\/12727\/BGAM\/f6260cf3488b89856ba3343611432b806ed3f_2392150_20250901162123.jpg 300w\" alt=\"$!Marco Rubio arriba al Ecuador para tratar temas de seguridad y migraci\u00f3n.\" width=\"768\" height=\"432\" data-srcset=\"\/\/www.vistazo.com\/binrepository\/768x432\/0c0\/0d0\/none\/12727\/BGAN\/f6260cf3488b89856ba3343611432b806ed3f_2392150_20250901162123.jpg 768w,\/\/www.vistazo.com\/binrepository\/640x360\/0c0\/0d0\/none\/12727\/BGAG\/f6260cf3488b89856ba3343611432b806ed3f_2392150_20250901162123.jpg 640w,\/\/www.vistazo.com\/binrepository\/512x288\/0c0\/0d0\/none\/12727\/BGAF\/f6260cf3488b89856ba3343611432b806ed3f_2392150_20250901162123.jpg 512w,\/\/www.vistazo.com\/binrepository\/384x216\/0c0\/0d0\/none\/12727\/BGAL\/f6260cf3488b89856ba3343611432b806ed3f_2392150_20250901162123.jpg 384w,\/\/www.vistazo.com\/binrepository\/300x169\/0c0\/0d0\/none\/12727\/BGAM\/f6260cf3488b89856ba3343611432b806ed3f_2392150_20250901162123.jpg 300w\" \/><\/div>\n<div class=\"cutline-byline\"><span class=\"cutline-text\">Marco Rubio arriba al Ecuador para tratar temas de seguridad y migraci\u00f3n.\u00a0<\/span><span class=\"byline-image\">(Foto: archivo )<\/span><\/div>\n<\/figure>\n<\/div>\n<h2 class=\"h2vistazo\">\u00bfQU\u00c9 BUSCA EN ECUADOR?<\/h2>\n<div class=\"paragraph texto\">\n<p class=\"p_17\">Marco Rubio llega al Ecuador en un momento de tensi\u00f3n con Venezuela, cuyo presidente\u00a0<b>Nicol\u00e1s Maduro\u00a0<\/b>es acusado de liderar la banda transnacional Tren de Aragua o el\u00a0<u><b>Cartel de los Soles<\/b><\/u>. De hecho, el presidente Daniel Noboa declar\u00f3 a ese grupo como terrorista con incidencia en suelo ecuatoriano el pasado 14 de agosto.<\/p>\n<p class=\"p_18\">Por lo que la visita del secretario de Estado buscar\u00e1 reforzar su alianza con Ecuador como una pieza clave dentro de la regi\u00f3n.<\/p>\n<p class=\"p_19\">Tambi\u00e9n se conoce que\u00a0<b><a href=\"https:\/\/www.vistazo.com\/actualidad\/internacional\/2025-08-19-estados-unidos-habria-pedido-ecuador-reciba-deportados-diferentes-nacionalidades-ML9962619\">EE. UU. pidi\u00f3 a Ecuador que reciba deportados de diferentes nacionalidades<\/a><\/b>. Esto como un plan denominado \u2018tercer pa\u00eds seguro\u2019, del cual ya forman parte El Salvador, Paraguay, Panam\u00e1, entre otras naciones del mundo.<\/p>\n<p class=\"p_20\">La propia canciller ecuatoriana,\u00a0<b><a href=\"https:\/\/www.vistazo.com\/politica\/nacional\/2025-09-01-ecuador-recibir-deportados-estados-unidos-confirma-canciller-FC10033776\">Gabriela Sommerfeld<\/a><\/b>\u00a0coment\u00f3 a su vez que entre los di\u00e1logos de cooperaci\u00f3n entre ambas naciones Washington ha solicitado tener un convenio a trav\u00e9s del cual el pa\u00eds andino<b>\u00a0<\/b><u><b>podr\u00eda recibir hasta 300 personas por a\u00f1o enviadas por Estados Unidos.<\/b><\/u><\/p>\n<p class=\"p_21\">Aclar\u00f3 que no se trata de un convenio como el que Estados Unidos mantiene con El Salvador para recibir presos, sino que es un \u201cprograma limitado, que responde solamente a\u00a0<u><b>personas refugiadas de ciertas nacionalidades,<\/b><\/u>\u00a0que no mantengan ning\u00fan tipo de antecedente de delincuencia y que tengan ciertas caracter\u00edsticas, como buen estado de salud\u201d.<\/p>\n<p class=\"p_22\">El Departamento de Estado tambi\u00e9n enfoca esta visita como una en la que buscar\u00e1 tratar de reducir la\u00a0<b>influencia de Pek\u00edn<\/b>\u00a0en la regi\u00f3n, y en ese sentido Washington espera poder conocer de cerca las necesidades que pueda tener el Gobierno Noboa para<u><b>\u00a0tratar de recortar la excesiva dependencia\u00a0<\/b><\/u>que, seg\u00fan EE. UU., se gener\u00f3 con China durante la era de Rafael Correa.<\/p>\n<\/div>\n<div class=\"multimediaMacroWrapper img lateral\">\n<figure class=\"contentMedia art-img\">\n<div><img decoding=\"async\" class=\" lazyloaded\" title=\"Daniel Noboa busca seguir cooperando con Estados Unidos en materia de seguridad.\" src=\"https:\/\/www.vistazo.com\/placeholder\/svg\/viewbox\/768x512\" sizes=\"100vw\" srcset=\"\/\/www.vistazo.com\/binrepository\/768x512\/0c0\/0d0\/none\/12727\/NNCH\/54687127036-65ec72ce1b-k_2392153_20250901162124.jpg 768w,\/\/www.vistazo.com\/binrepository\/640x427\/0c0\/0d0\/none\/12727\/NNCT\/54687127036-65ec72ce1b-k_2392153_20250901162124.jpg 640w,\/\/www.vistazo.com\/binrepository\/512x341\/0c0\/0d0\/none\/12727\/NNCW\/54687127036-65ec72ce1b-k_2392153_20250901162124.jpg 512w,\/\/www.vistazo.com\/binrepository\/384x256\/0c0\/0d0\/none\/12727\/NNCI\/54687127036-65ec72ce1b-k_2392153_20250901162124.jpg 384w,\/\/www.vistazo.com\/binrepository\/300x200\/0c0\/0d0\/none\/12727\/NNCV\/54687127036-65ec72ce1b-k_2392153_20250901162124.jpg 300w\" alt=\"$!Daniel Noboa busca seguir cooperando con Estados Unidos en materia de seguridad.\" width=\"768\" height=\"512\" data-srcset=\"\/\/www.vistazo.com\/binrepository\/768x512\/0c0\/0d0\/none\/12727\/NNCH\/54687127036-65ec72ce1b-k_2392153_20250901162124.jpg 768w,\/\/www.vistazo.com\/binrepository\/640x427\/0c0\/0d0\/none\/12727\/NNCT\/54687127036-65ec72ce1b-k_2392153_20250901162124.jpg 640w,\/\/www.vistazo.com\/binrepository\/512x341\/0c0\/0d0\/none\/12727\/NNCW\/54687127036-65ec72ce1b-k_2392153_20250901162124.jpg 512w,\/\/www.vistazo.com\/binrepository\/384x256\/0c0\/0d0\/none\/12727\/NNCI\/54687127036-65ec72ce1b-k_2392153_20250901162124.jpg 384w,\/\/www.vistazo.com\/binrepository\/300x200\/0c0\/0d0\/none\/12727\/NNCV\/54687127036-65ec72ce1b-k_2392153_20250901162124.jpg 300w\" \/><\/div>\n<div class=\"cutline-byline\"><span class=\"cutline-text\">Daniel Noboa busca seguir cooperando con Estados Unidos en materia de seguridad.\u00a0<\/span><span class=\"byline-image\">(Foto: Presidencia )<\/span><\/div>\n<\/figure>\n<\/div>\n<h2 class=\"h2vistazo\">\u00bfQU\u00c9 NECESITA ECUADOR DE EE. UU.?<\/h2>\n<div class=\"paragraph texto\">\n<p class=\"p_24\">Mientras tanto, el presidente Daniel Noboa busca fortalecer la cooperaci\u00f3n en materia de seguridad en el marco del conflicto armado interno contra bandas criminales.<\/p>\n<p class=\"p_25\">El pasado s\u00e1bado, una\u00a0<u><b>delegaci\u00f3n del Congreso de los Estados Unidos ya se reuni\u00f3 en Quito<\/b><\/u>\u00a0con el ministro ecuatoriano de Defensa, Gian Carlo Loffredo, a fin de fortalecer la cooperaci\u00f3n bilateral en seguridad y defensa, as\u00ed como para identificar y priorizar las necesidades estrat\u00e9gicas del pa\u00eds.<\/p>\n<p class=\"p_26\">A prop\u00f3sito de la visita de Rubio, el presidente Noboa hizo\u00a0<b><a href=\"https:\/\/www.vistazo.com\/actualidad\/nacional\/2025-09-01-daniel-noboa-hace-cambios-cupula-militar-anuncia-nueva-fase-guerra-NC10036568\">cambios en la c\u00fapula militar<\/a><\/b>, pues asegur\u00f3 que iniciar\u00e1 una\u00a0<b>\u201cnueva fase de la guerra\u201d\u00a0<\/b>contra el crimen organizado.<\/p>\n<p class=\"p_27\">El mandatario ecuatoriano tambi\u00e9n pretende ejecutar una\u00a0<u><b>consulta popular\u00a0<\/b><\/u>a finales de a\u00f1o. Una de las preguntas que plantear\u00e1 a la gente es la eliminaci\u00f3n de la prohibici\u00f3n de\u00a0<u><b>establecer bases militares extranjeras\u00a0<\/b><\/u>con prop\u00f3sitos militares en el territorio nacional.<\/p>\n<p class=\"p_28\">De hecho, en marzo, se difundieron planos de lo que ser\u00eda una base militar estadounidense en\u00a0<b>Manta<\/b>, provincia de Manab\u00ed.<\/p>\n<p class=\"p_29\">La visita de Rubio a Ecuador se produce adem\u00e1s en un momento en que Quito y Washington mantienen conversaciones para\u00a0<b>reducir el 15% de aranceles<\/b>\u00a0impuestos por el Gobierno de Donald Trump.<\/p>\n<p class=\"p_30\">De igual manera, Estados Unidos mantiene en su territorio a personajes cuestionados en el Ecuador por presuntos cr\u00edmenes como es el caso del exministro\u00a0<u><b>Jos\u00e9 Serrano<\/b><\/u>, quien est\u00e1 recluido en el Centro de Procesamiento Krome en el Estado de Florida.<\/p>\n<p class=\"p_31\">Su situaci\u00f3n migratoria es un misterio y se espera que haya una resoluci\u00f3n tras la audiencia de formulaci\u00f3n de cargos de este mi\u00e9rcoles, aunque la canciller Gabriela Sommerfeld asegur\u00f3 que\u00a0<u><b>Ecuador a\u00fan no pide la extradici\u00f3n<\/b><\/u> del exministro corre\u00edsta. <strong>Fuente: Vistazo<\/strong><\/p>\n<\/div>\n","protected":false},"excerpt":{"rendered":"<p>Marco Rubio, secretario de Estado de Estados Unidos, arriba este mi\u00e9rcoles a Ecuador para una\u00a0reuni\u00f3n clave\u00a0en la lucha contra el crimen organizado, que emprendi\u00f3 el presidente\u00a0Daniel Noboa. \u00bfQu\u00e9 busca el pol\u00edtico de ascendencia latina en el pa\u00eds sudamericano? Tiene 54 a\u00f1os y naci\u00f3 en Miami el 28 de mayo de 1971. Es hijo de inmigrantes cubanos,\u00a0Mario Rubio y Oria Garc\u00eda, quienes se naturalizaron como ciudadanos estadounidenses en 1975. Est\u00e1 casado con\u00a0Jeanette Dousdebes, una exanimadora de origen colombiano de los Miami Dolphins de la NFL y una figura p\u00fablica conocida por su activismo social, con quien tiene cuatro hijos. Marco Rubio se gradu\u00f3 en la Universidad de Florida y obtuvo su t\u00edtulo de abogado en la Universidad de Miami. Desde entonces, tuvo un ascenso mete\u00f3rico en la pol\u00edtica estadounidense,\u00a0a los 34 a\u00f1os ya era presidente de la C\u00e1mara de Representantes de Florida. En 2010, fue elegido senador por Florida, cargo que ocup\u00f3 hasta el 20 de enero de 2025. Durante su paso por aquel puesto, se destac\u00f3 por su\u00a0defensa de la pol\u00edtica latinoamericana y la seguridad internacional. Estuvo durante meses entre los favoritos en las quinielas de posibles compa\u00f1eros de f\u00f3rmula de Donald Trump a pesar de que a\u00f1os atr\u00e1s, en 2016,\u00a0fueron rivales en las primarias republicanas. Por aquel entonces la relaci\u00f3n entre ambos era execrable y los calificativos despectivos estaban a la orden del d\u00eda. Dijo de Trump que ten\u00eda las\u00a0\u201cmanos peque\u00f1as\u201d y le llam\u00f3 \u201cestafador\u201d. El magnate tambi\u00e9n se burlaba de \u00e9l, con el apodo de\u00a0\u201cpeque\u00f1o Marco\u201d. Pero en pol\u00edtica la memoria es corta y han pasado de enemigos a aliados. El 21 de enero de 2025, Rubio asumi\u00f3 como Secretario de Estado de los Estados Unidos,\u00a0convirti\u00e9ndose en el primer pol\u00edtico de ascendencia hispana en ocupar este cargo. Marco Rubio es el primer latino en ocupar un cargo de secretario de Estado de EE.UU.\u00a0(Foto: archivo ) SUS PENSAMIENTOS SOBRE EL MUNDO Este pol\u00edtico, que profesa la\u00a0religi\u00f3n cat\u00f3lica, es partidario de ejercer la m\u00e1xima presi\u00f3n sobre China, gran potencia rival de Estados Unidos. Como senador abog\u00f3 por\u00a0ayudar a Taiw\u00e1n\u00a0y tomar medidas para restringir las operaciones comerciales chinas en Estados Unidos y castigar a Pek\u00edn por la forma en la que trata a Hong Kong y a la minor\u00eda uigur. Tambi\u00e9n apoya vehementemente a\u00a0Israel, tiene a Ir\u00e1n en la mira y es partidario de acabar con la guerra en\u00a0Ucrania. En Am\u00e9rica Latina el pol\u00edtico, que habla espa\u00f1ol con fluidez, critica duramente al gobierno castrista de Cuba, al mandatario venezolano\u00a0Nicol\u00e1s Maduro\u00a0y al nicarag\u00fcense\u00a0Daniel Ortega. Sobre la situaci\u00f3n de Ecuador tambi\u00e9n se ha referido en m\u00faltiples ocasiones. Cuando a\u00fan era senador dio una entrevista a NTN24 en la que se refiri\u00f3 al expresidente\u00a0Rafael Correa. \u201cNo hay duda de que Correa y su grupo pol\u00edtico ha tenido enlaces con diferentes grupos y lo ha utilizado para su pol\u00edtica interna para desestabilizar los gobiernos que no son de su l\u00ednea\u201d, asegur\u00f3 Rubio. Ya como secretario de Estado de Estados Unidos, elogi\u00f3 al Ecuador por la extradici\u00f3n del narcotraficante Jos\u00e9 Adolfo Mac\u00edas Villamar, alias\u00a0\u2018Fito\u2019. El funcionario tambi\u00e9n destac\u00f3 la asociaci\u00f3n entre los pa\u00edses \u201cpara promover la seguridad en todo nuestro hemisferio\u201d. Marco Rubio arriba al Ecuador para tratar temas de seguridad y migraci\u00f3n.\u00a0(Foto: archivo ) \u00bfQU\u00c9 BUSCA EN ECUADOR? Marco Rubio llega al Ecuador en un momento de tensi\u00f3n con Venezuela, cuyo presidente\u00a0Nicol\u00e1s Maduro\u00a0es acusado de liderar la banda transnacional Tren de Aragua o el\u00a0Cartel de los Soles. De hecho, el presidente Daniel Noboa declar\u00f3 a ese grupo como terrorista con incidencia en suelo ecuatoriano el pasado 14 de agosto. Por lo que la visita del secretario de Estado buscar\u00e1 reforzar su alianza con Ecuador como una pieza clave dentro de la regi\u00f3n. Tambi\u00e9n se conoce que\u00a0EE. UU. pidi\u00f3 a Ecuador que reciba deportados de diferentes nacionalidades. Esto como un plan denominado \u2018tercer pa\u00eds seguro\u2019, del cual ya forman parte El Salvador, Paraguay, Panam\u00e1, entre otras naciones del mundo. La propia canciller ecuatoriana,\u00a0Gabriela Sommerfeld\u00a0coment\u00f3 a su vez que entre los di\u00e1logos de cooperaci\u00f3n entre ambas naciones Washington ha solicitado tener un convenio a trav\u00e9s del cual el pa\u00eds andino\u00a0podr\u00eda recibir hasta 300 personas por a\u00f1o enviadas por Estados Unidos. Aclar\u00f3 que no se trata de un convenio como el que Estados Unidos mantiene con El Salvador para recibir presos, sino que es un \u201cprograma limitado, que responde solamente a\u00a0personas refugiadas de ciertas nacionalidades,\u00a0que no mantengan ning\u00fan tipo de antecedente de delincuencia y que tengan ciertas caracter\u00edsticas, como buen estado de salud\u201d. El Departamento de Estado tambi\u00e9n enfoca esta visita como una en la que buscar\u00e1 tratar de reducir la\u00a0influencia de Pek\u00edn\u00a0en la regi\u00f3n, y en ese sentido Washington espera poder conocer de cerca las necesidades que pueda tener el Gobierno Noboa para\u00a0tratar de recortar la excesiva dependencia\u00a0que, seg\u00fan EE. UU., se gener\u00f3 con China durante la era de Rafael Correa. Daniel Noboa busca seguir cooperando con Estados Unidos en materia de seguridad.\u00a0(Foto: Presidencia ) \u00bfQU\u00c9 NECESITA ECUADOR DE EE. UU.? Mientras tanto, el presidente Daniel Noboa busca fortalecer la cooperaci\u00f3n en materia de seguridad en el marco del conflicto armado interno contra bandas criminales. El pasado s\u00e1bado, una\u00a0delegaci\u00f3n del Congreso de los Estados Unidos ya se reuni\u00f3 en Quito\u00a0con el ministro ecuatoriano de Defensa, Gian Carlo Loffredo, a fin de fortalecer la cooperaci\u00f3n bilateral en seguridad y defensa, as\u00ed como para identificar y priorizar las necesidades estrat\u00e9gicas del pa\u00eds. A prop\u00f3sito de la visita de Rubio, el presidente Noboa hizo\u00a0cambios en la c\u00fapula militar, pues asegur\u00f3 que iniciar\u00e1 una\u00a0\u201cnueva fase de la guerra\u201d\u00a0contra el crimen organizado. El mandatario ecuatoriano tambi\u00e9n pretende ejecutar una\u00a0consulta popular\u00a0a finales de a\u00f1o. Una de las preguntas que plantear\u00e1 a la gente es la eliminaci\u00f3n de la prohibici\u00f3n de\u00a0establecer bases militares extranjeras\u00a0con prop\u00f3sitos militares en el territorio nacional. De hecho, en marzo, se difundieron planos de lo que ser\u00eda una base militar estadounidense en\u00a0Manta, provincia de Manab\u00ed. La visita de Rubio a Ecuador se produce adem\u00e1s en un momento en que Quito y Washington mantienen conversaciones para\u00a0reducir el 15% de aranceles\u00a0impuestos por el Gobierno de Donald Trump. De igual manera, Estados<\/p>\n","protected":false},"author":1,"featured_media":25996,"comment_status":"closed","ping_status":"closed","sticky":false,"template":"","format":"standard","meta":{"footnotes":""},"categories":[268],"tags":[],"class_list":["post-25995","post","type-post","status-publish","format-standard","has-post-thumbnail","hentry","category-nacionales"],"_links":{"self":[{"href":"https:\/\/www.elamazonico.com\/portal\/wp-json\/wp\/v2\/posts\/25995","targetHints":{"allow":["GET"]}}],"collection":[{"href":"https:\/\/www.elamazonico.com\/portal\/wp-json\/wp\/v2\/posts"}],"about":[{"href":"https:\/\/www.elamazonico.com\/portal\/wp-json\/wp\/v2\/types\/post"}],"author":[{"embeddable":true,"href":"https:\/\/www.elamazonico.com\/portal\/wp-json\/wp\/v2\/users\/1"}],"replies":[{"embeddable":true,"href":"https:\/\/www.elamazonico.com\/portal\/wp-json\/wp\/v2\/comments?post=25995"}],"version-history":[{"count":1,"href":"https:\/\/www.elamazonico.com\/portal\/wp-json\/wp\/v2\/posts\/25995\/revisions"}],"predecessor-version":[{"id":25997,"href":"https:\/\/www.elamazonico.com\/portal\/wp-json\/wp\/v2\/posts\/25995\/revisions\/25997"}],"wp:featuredmedia":[{"embeddable":true,"href":"https:\/\/www.elamazonico.com\/portal\/wp-json\/wp\/v2\/media\/25996"}],"wp:attachment":[{"href":"https:\/\/www.elamazonico.com\/portal\/wp-json\/wp\/v2\/media?parent=25995"}],"wp:term":[{"taxonomy":"category","embeddable":true,"href":"https:\/\/www.elamazonico.com\/portal\/wp-json\/wp\/v2\/categories?post=25995"},{"taxonomy":"post_tag","embeddable":true,"href":"https:\/\/www.elamazonico.com\/portal\/wp-json\/wp\/v2\/tags?post=25995"}],"curies":[{"name":"wp","href":"https:\/\/api.w.org\/{rel}","templated":true}]}}