{"id":25982,"date":"2025-09-02T06:04:08","date_gmt":"2025-09-02T11:04:08","guid":{"rendered":"https:\/\/www.elamazonico.com\/portal\/?p=25982"},"modified":"2025-09-02T06:04:08","modified_gmt":"2025-09-02T11:04:08","slug":"innovacion-tecnologica-y-produccion-sostenible-aportes-de-la-analista-yuri-abad-en-zamora-chinchipe","status":"publish","type":"post","link":"https:\/\/www.elamazonico.com\/portal\/innovacion-tecnologica-y-produccion-sostenible-aportes-de-la-analista-yuri-abad-en-zamora-chinchipe\/","title":{"rendered":"Innovaci\u00f3n tecnol\u00f3gica y producci\u00f3n sostenible: Aportes de la analista Yuri Abad en Zamora Chinchipe"},"content":{"rendered":"<p>La acad\u00e9mica y analista profesional Yuri Abad, representante de la organizaci\u00f3n Madre Tierra, particip\u00f3 en un espacio de di\u00e1logo para reflexionar sobre los retos y oportunidades de la innovaci\u00f3n tecnol\u00f3gica aplicada a la producci\u00f3n sostenible en el Ecuador, con especial \u00e9nfasis en la regi\u00f3n sur del pa\u00eds.<\/p>\n<p>Durante su intervenci\u00f3n, Abad resalt\u00f3 que la organizaci\u00f3n que representa impulsa procesos productivos a nivel nacional, con el objetivo de fomentar un desarrollo agropecuario sostenible, basado en la reducci\u00f3n del uso de qu\u00edmicos y la promoci\u00f3n de pr\u00e1cticas agroecol\u00f3gicas \u201cNuestro compromiso es contribuir de manera significativa a la reducci\u00f3n del impacto ambiental y garantizar una producci\u00f3n que respete la naturaleza y mejore la calidad de vida de nuestros productores\u201d, se\u00f1al\u00f3.<\/p>\n<p>Uno de los ejes centrales de su propuesta es la incorporaci\u00f3n de microorganismos como alternativa tecnol\u00f3gica, herramienta alineada a la ciencia y a la academia, que permite mejorar la fertilidad del suelo, controlar plagas y enfermedades, y preservar la biodiversidad. \u201cSe trata de devolver al suelo lo que le quitamos, garantizando equilibrio en la naturaleza y condiciones \u00f3ptimas para la producci\u00f3n\u201d, enfatiz\u00f3.<\/p>\n<p>Asimismo, Abad destac\u00f3 la importancia de transitar del monocultivo hacia sistemas diversificados o policultivos, junto con pr\u00e1cticas integrales como la elaboraci\u00f3n de abonos org\u00e1nicos, la conservaci\u00f3n h\u00eddrica, podas eficientes y limpieza de frutos, acciones que contribuyen a consolidar una producci\u00f3n limpia y sostenible.<\/p>\n<p>En cuanto al uso de la tecnolog\u00eda, la especialista aclar\u00f3 que no se trata de excluir la maquinaria agr\u00edcola, sino de integrarla de forma responsable dentro de modelos de agroecolog\u00eda. Por ejemplo, a trav\u00e9s de labranzas cero y el uso de herbicidas org\u00e1nicos que reemplazan al glifosato, reduciendo as\u00ed el impacto ambiental y protegiendo la salud del productor y los microorganismos del suelo.<\/p>\n<p>Abad insisti\u00f3 en la necesidad de una \u201cconciencia verde\u201d que motive a los agricultores a adoptar pr\u00e1cticas amigables con el ambiente, a gran escala, y resalt\u00f3 el valor de los incentivos y reconocimientos a productores que implementan estos procesos. En este sentido, la organizaci\u00f3n Madre Tierra ha desarrollado mecanismos de validaci\u00f3n y entrega de placas a fincas agroecol\u00f3gicas tanto en Loja como en Zamora Chinchipe, amparadas en la pol\u00edtica de territorios de producci\u00f3n limpia.<\/p>\n<p>Finalmente, anunci\u00f3 que el 19 de septiembre se realizar\u00e1 una jornada de fortalecimiento de capacidades en el sector Centinela del C\u00f3ndor, espec\u00edficamente con la asociaci\u00f3n Asopromas. El evento incluir\u00e1 capacitaci\u00f3n en an\u00e1lisis t\u00e9cnico de suelos, plantas y frutos, as\u00ed como en el uso de microorganismos para el control de plagas y enfermedades.<\/p>\n<p>Con estas iniciativas, Madre Tierra y su equipo buscan generar conciencia, motivaci\u00f3n y resultados tangibles en el sector agropecuario, consolidando un modelo de innovaci\u00f3n tecnol\u00f3gica al servicio de la sostenibilidad y la biodiversidad.<\/p>\n","protected":false},"excerpt":{"rendered":"<p>La acad\u00e9mica y analista profesional Yuri Abad, representante de la organizaci\u00f3n Madre Tierra, particip\u00f3 en un espacio de di\u00e1logo para reflexionar sobre los retos y oportunidades de la innovaci\u00f3n tecnol\u00f3gica aplicada a la producci\u00f3n sostenible en el Ecuador, con especial \u00e9nfasis en la regi\u00f3n sur del pa\u00eds. Durante su intervenci\u00f3n, Abad resalt\u00f3 que la organizaci\u00f3n que representa impulsa procesos productivos a nivel nacional, con el objetivo de fomentar un desarrollo agropecuario sostenible, basado en la reducci\u00f3n del uso de qu\u00edmicos y la promoci\u00f3n de pr\u00e1cticas agroecol\u00f3gicas \u201cNuestro compromiso es contribuir de manera significativa a la reducci\u00f3n del impacto ambiental y garantizar una producci\u00f3n que respete la naturaleza y mejore la calidad de vida de nuestros productores\u201d, se\u00f1al\u00f3. Uno de los ejes centrales de su propuesta es la incorporaci\u00f3n de microorganismos como alternativa tecnol\u00f3gica, herramienta alineada a la ciencia y a la academia, que permite mejorar la fertilidad del suelo, controlar plagas y enfermedades, y preservar la biodiversidad. \u201cSe trata de devolver al suelo lo que le quitamos, garantizando equilibrio en la naturaleza y condiciones \u00f3ptimas para la producci\u00f3n\u201d, enfatiz\u00f3. Asimismo, Abad destac\u00f3 la importancia de transitar del monocultivo hacia sistemas diversificados o policultivos, junto con pr\u00e1cticas integrales como la elaboraci\u00f3n de abonos org\u00e1nicos, la conservaci\u00f3n h\u00eddrica, podas eficientes y limpieza de frutos, acciones que contribuyen a consolidar una producci\u00f3n limpia y sostenible. En cuanto al uso de la tecnolog\u00eda, la especialista aclar\u00f3 que no se trata de excluir la maquinaria agr\u00edcola, sino de integrarla de forma responsable dentro de modelos de agroecolog\u00eda. Por ejemplo, a trav\u00e9s de labranzas cero y el uso de herbicidas org\u00e1nicos que reemplazan al glifosato, reduciendo as\u00ed el impacto ambiental y protegiendo la salud del productor y los microorganismos del suelo. Abad insisti\u00f3 en la necesidad de una \u201cconciencia verde\u201d que motive a los agricultores a adoptar pr\u00e1cticas amigables con el ambiente, a gran escala, y resalt\u00f3 el valor de los incentivos y reconocimientos a productores que implementan estos procesos. En este sentido, la organizaci\u00f3n Madre Tierra ha desarrollado mecanismos de validaci\u00f3n y entrega de placas a fincas agroecol\u00f3gicas tanto en Loja como en Zamora Chinchipe, amparadas en la pol\u00edtica de territorios de producci\u00f3n limpia. Finalmente, anunci\u00f3 que el 19 de septiembre se realizar\u00e1 una jornada de fortalecimiento de capacidades en el sector Centinela del C\u00f3ndor, espec\u00edficamente con la asociaci\u00f3n Asopromas. El evento incluir\u00e1 capacitaci\u00f3n en an\u00e1lisis t\u00e9cnico de suelos, plantas y frutos, as\u00ed como en el uso de microorganismos para el control de plagas y enfermedades. Con estas iniciativas, Madre Tierra y su equipo buscan generar conciencia, motivaci\u00f3n y resultados tangibles en el sector agropecuario, consolidando un modelo de innovaci\u00f3n tecnol\u00f3gica al servicio de la sostenibilidad y la biodiversidad.<\/p>\n","protected":false},"author":1,"featured_media":25983,"comment_status":"closed","ping_status":"closed","sticky":false,"template":"","format":"standard","meta":{"footnotes":""},"categories":[243],"tags":[],"class_list":["post-25982","post","type-post","status-publish","format-standard","has-post-thumbnail","hentry","category-noticias-zamora"],"_links":{"self":[{"href":"https:\/\/www.elamazonico.com\/portal\/wp-json\/wp\/v2\/posts\/25982","targetHints":{"allow":["GET"]}}],"collection":[{"href":"https:\/\/www.elamazonico.com\/portal\/wp-json\/wp\/v2\/posts"}],"about":[{"href":"https:\/\/www.elamazonico.com\/portal\/wp-json\/wp\/v2\/types\/post"}],"author":[{"embeddable":true,"href":"https:\/\/www.elamazonico.com\/portal\/wp-json\/wp\/v2\/users\/1"}],"replies":[{"embeddable":true,"href":"https:\/\/www.elamazonico.com\/portal\/wp-json\/wp\/v2\/comments?post=25982"}],"version-history":[{"count":1,"href":"https:\/\/www.elamazonico.com\/portal\/wp-json\/wp\/v2\/posts\/25982\/revisions"}],"predecessor-version":[{"id":25984,"href":"https:\/\/www.elamazonico.com\/portal\/wp-json\/wp\/v2\/posts\/25982\/revisions\/25984"}],"wp:featuredmedia":[{"embeddable":true,"href":"https:\/\/www.elamazonico.com\/portal\/wp-json\/wp\/v2\/media\/25983"}],"wp:attachment":[{"href":"https:\/\/www.elamazonico.com\/portal\/wp-json\/wp\/v2\/media?parent=25982"}],"wp:term":[{"taxonomy":"category","embeddable":true,"href":"https:\/\/www.elamazonico.com\/portal\/wp-json\/wp\/v2\/categories?post=25982"},{"taxonomy":"post_tag","embeddable":true,"href":"https:\/\/www.elamazonico.com\/portal\/wp-json\/wp\/v2\/tags?post=25982"}],"curies":[{"name":"wp","href":"https:\/\/api.w.org\/{rel}","templated":true}]}}