{"id":25976,"date":"2025-09-01T14:59:21","date_gmt":"2025-09-01T19:59:21","guid":{"rendered":"https:\/\/www.elamazonico.com\/portal\/?p=25976"},"modified":"2025-09-01T14:59:21","modified_gmt":"2025-09-01T19:59:21","slug":"batallon-de-selva-n-o-62-acompana-a-estudiantes-en-su-retorno-a-clases-2025-2026","status":"publish","type":"post","link":"https:\/\/www.elamazonico.com\/portal\/batallon-de-selva-n-o-62-acompana-a-estudiantes-en-su-retorno-a-clases-2025-2026\/","title":{"rendered":"Batall\u00f3n de Selva N.\u00ba 62 acompa\u00f1a a estudiantes en su retorno a clases 2025-2026"},"content":{"rendered":"<p>El Ej\u00e9rcito Ecuatoriano, a trav\u00e9s del Batall\u00f3n de Selva N.\u00ba 62 \u201cZamora\u201d, particip\u00f3 en los actos inaugurales del a\u00f1o lectivo 2025-2026 en las unidades educativas 12 de Febrero y San Francisco de As\u00eds, en la ciudad de Zamora.<\/p>\n<p>Durante la jornada, el Teniente Coronel de Estado Mayor H\u00e9ctor Chimborazo Mart\u00ednez, comandante del Batall\u00f3n, junto con el Mayor Diego V\u00e1squez, jefe de operaciones, resaltaron la trascendencia de la juventud en la construcci\u00f3n de una sociedad s\u00f3lida y resiliente. En su intervenci\u00f3n subrayaron que cada d\u00eda en el aula representa una oportunidad para fortalecer valores, convicciones y principios que orientan la formaci\u00f3n integral de los estudiantes.<\/p>\n<p>La presencia del Batall\u00f3n de Selva N.\u00ba 62 en estos actos c\u00edvicos reafirma el compromiso del Ej\u00e9rcito Ecuatoriano de consolidar los lazos entre la instituci\u00f3n militar y la ciudadan\u00eda. De esta manera, se impulsa el desarrollo integral del pa\u00eds mediante el acompa\u00f1amiento a iniciativas educativas y sociales que promueven la formaci\u00f3n acad\u00e9mica y el bienestar de las futuras generaciones.<\/p>\n","protected":false},"excerpt":{"rendered":"<p>El Ej\u00e9rcito Ecuatoriano, a trav\u00e9s del Batall\u00f3n de Selva N.\u00ba 62 \u201cZamora\u201d, particip\u00f3 en los actos inaugurales del a\u00f1o lectivo 2025-2026 en las unidades educativas 12 de Febrero y San Francisco de As\u00eds, en la ciudad de Zamora. Durante la jornada, el Teniente Coronel de Estado Mayor H\u00e9ctor Chimborazo Mart\u00ednez, comandante del Batall\u00f3n, junto con el Mayor Diego V\u00e1squez, jefe de operaciones, resaltaron la trascendencia de la juventud en la construcci\u00f3n de una sociedad s\u00f3lida y resiliente. En su intervenci\u00f3n subrayaron que cada d\u00eda en el aula representa una oportunidad para fortalecer valores, convicciones y principios que orientan la formaci\u00f3n integral de los estudiantes. La presencia del Batall\u00f3n de Selva N.\u00ba 62 en estos actos c\u00edvicos reafirma el compromiso del Ej\u00e9rcito Ecuatoriano de consolidar los lazos entre la instituci\u00f3n militar y la ciudadan\u00eda. De esta manera, se impulsa el desarrollo integral del pa\u00eds mediante el acompa\u00f1amiento a iniciativas educativas y sociales que promueven la formaci\u00f3n acad\u00e9mica y el bienestar de las futuras generaciones.<\/p>\n","protected":false},"author":1,"featured_media":25977,"comment_status":"closed","ping_status":"closed","sticky":false,"template":"","format":"standard","meta":{"footnotes":""},"categories":[243],"tags":[],"class_list":["post-25976","post","type-post","status-publish","format-standard","has-post-thumbnail","hentry","category-noticias-zamora"],"_links":{"self":[{"href":"https:\/\/www.elamazonico.com\/portal\/wp-json\/wp\/v2\/posts\/25976","targetHints":{"allow":["GET"]}}],"collection":[{"href":"https:\/\/www.elamazonico.com\/portal\/wp-json\/wp\/v2\/posts"}],"about":[{"href":"https:\/\/www.elamazonico.com\/portal\/wp-json\/wp\/v2\/types\/post"}],"author":[{"embeddable":true,"href":"https:\/\/www.elamazonico.com\/portal\/wp-json\/wp\/v2\/users\/1"}],"replies":[{"embeddable":true,"href":"https:\/\/www.elamazonico.com\/portal\/wp-json\/wp\/v2\/comments?post=25976"}],"version-history":[{"count":1,"href":"https:\/\/www.elamazonico.com\/portal\/wp-json\/wp\/v2\/posts\/25976\/revisions"}],"predecessor-version":[{"id":25978,"href":"https:\/\/www.elamazonico.com\/portal\/wp-json\/wp\/v2\/posts\/25976\/revisions\/25978"}],"wp:featuredmedia":[{"embeddable":true,"href":"https:\/\/www.elamazonico.com\/portal\/wp-json\/wp\/v2\/media\/25977"}],"wp:attachment":[{"href":"https:\/\/www.elamazonico.com\/portal\/wp-json\/wp\/v2\/media?parent=25976"}],"wp:term":[{"taxonomy":"category","embeddable":true,"href":"https:\/\/www.elamazonico.com\/portal\/wp-json\/wp\/v2\/categories?post=25976"},{"taxonomy":"post_tag","embeddable":true,"href":"https:\/\/www.elamazonico.com\/portal\/wp-json\/wp\/v2\/tags?post=25976"}],"curies":[{"name":"wp","href":"https:\/\/api.w.org\/{rel}","templated":true}]}}