{"id":25966,"date":"2025-08-31T14:05:28","date_gmt":"2025-08-31T19:05:28","guid":{"rendered":"https:\/\/www.elamazonico.com\/portal\/?p=25966"},"modified":"2025-08-31T14:05:28","modified_gmt":"2025-08-31T19:05:28","slug":"oposicion-pide-proteccion-para-exfuncionario-tras-audios-de-corrupcion-en-gobierno-de-milei","status":"publish","type":"post","link":"https:\/\/www.elamazonico.com\/portal\/oposicion-pide-proteccion-para-exfuncionario-tras-audios-de-corrupcion-en-gobierno-de-milei\/","title":{"rendered":"Oposici\u00f3n pide protecci\u00f3n para exfuncionario tras audios de corrupci\u00f3n en Gobierno de Milei"},"content":{"rendered":"<div class=\"paragraph texto\">\n<p class=\"p_0\">El jefe de la bancada de Uni\u00f3n por la Patria (peronismo) en el Senado argentino, Jos\u00e9 Mayans, pidi\u00f3 este domingo protecci\u00f3n para el extitular de la Agencia Nacional de Discapacidad (ANDIS), Diego Spagnuolo, autor de los audios que revelan presuntos sobornos en la compra de medicamentos que involucrar\u00edan a parte del\u00a0<a href=\"https:\/\/www.vistazo.com\/portafolio\/empresas\/2025-08-29-empresas-telecomunicaciones-presentaron-solucion-digital-anti-fraude-MD10025955\" target=\"_blank\" rel=\"noopener noreferrer\">Gobierno de Javier Milei.<\/a><\/p>\n<\/div>\n<div class=\"paragraph texto\">\n<p class=\"p_1\">\u00abAhora est\u00e1 completo el cuadro con la confesi\u00f3n de Spagnuolo.\u00a0<b>Se trata de una persona muy cercana al presidente Javier Milei<\/b>, no es una persona que hizo un comentario cualquiera. Hay que cuidarlo porque peligra su vida porque sabe mucho\u201d, alert\u00f3 Mayans en una entrevista con Radio 10.<\/p>\n<\/div>\n<div class=\"paragraph texto\">Las grabaciones difundidas en los \u00faltimos d\u00edas en distintos medios locales <b>describen un presunto esquema de sobornos en la compra estatal de medicamentos<\/b>\u00a0que tendr\u00eda como principal responsable al subsecretario de la Presidencia, Eduardo \u2018Lule\u2019 Menem, y\u00a0<b>aluden a la secretaria general de la Presidencia y hermana del presidente, Karina Milei<\/b>, como\u00a0<u>posible destinataria de un 3 % de los sobornos que involucran a la empresa de comercializaci\u00f3n de medicamentos<\/u>\u00a0Suizo Argentina.<\/div>\n<div class=\"paragraph texto\">\n<div class=\"Center2Display\">\n<div id=\"Center2\"><b>\u201cPara m\u00ed, con lo del 3 %, termin\u00f3 el relato\u201d<\/b>, insisti\u00f3 Mayans, al tiempo que record\u00f3 que Milei gobierna con el presupuesto de 2023, que fue prorrogado dos a\u00f1os consecutivos por el Ejecutivo.<b>\u00a0\u00abAh\u00ed est\u00e1 la base de corrupci\u00f3n del sistema\u201d<\/b>, asever\u00f3.<\/div>\n<\/div>\n<\/div>\n<div class=\"paragraph texto\">\n<p class=\"p_6\">El senador anticip\u00f3 adem\u00e1s que el jueves habr\u00e1 una sesi\u00f3n en el Senado para\u00a0<b>tratar el veto a la ley de discapacidad<\/b>\u00a0y enmarc\u00f3 la crisis en un clima pol\u00edtico de creciente aislamiento del mandatario. \u201c<b>Esto explota el D\u00eda de la Independencia<\/b>: 23 gobernadores y un jefe de Gobierno porte\u00f1o que le dicen que no van a ir a Tucum\u00e1n con \u00e9l porque despu\u00e9s de un a\u00f1o y medio de gesti\u00f3n est\u00e1n las consecuencias a la vista\u201d, afirm\u00f3.<\/p>\n<\/div>\n<div class=\"paragraph texto\">\n<p class=\"p_8\"><b>El esc\u00e1ndalo por presunta corrupci\u00f3n se desat\u00f3 el 20 de agosto pasado<\/b>, cuando medios locales difundieron audios de Spagnuolo. La justicia argentina investiga el hecho, el viernes dispuso nuevos allanamientos en la sede de la Andis y en la empresa Suizo Argentina.<\/p>\n<p class=\"p_9\"><b>El Gobierno de Milei ha rechazado las sospechas de corrupci\u00f3n<\/b>\u00a0y atribuy\u00f3 la difusi\u00f3n de los audios a maniobras pol\u00edticas para perjudicar al oficialismo de cara a las elecciones legislativas. El Ejecutivo separ\u00f3 a Spagnuolo de su cargo, intervino la Andis y orden\u00f3 una auditor\u00eda interna en el organismo.<\/p>\n<\/div>\n","protected":false},"excerpt":{"rendered":"<p>El jefe de la bancada de Uni\u00f3n por la Patria (peronismo) en el Senado argentino, Jos\u00e9 Mayans, pidi\u00f3 este domingo protecci\u00f3n para el extitular de la Agencia Nacional de Discapacidad (ANDIS), Diego Spagnuolo, autor de los audios que revelan presuntos sobornos en la compra de medicamentos que involucrar\u00edan a parte del\u00a0Gobierno de Javier Milei. \u00abAhora est\u00e1 completo el cuadro con la confesi\u00f3n de Spagnuolo.\u00a0Se trata de una persona muy cercana al presidente Javier Milei, no es una persona que hizo un comentario cualquiera. Hay que cuidarlo porque peligra su vida porque sabe mucho\u201d, alert\u00f3 Mayans en una entrevista con Radio 10. Las grabaciones difundidas en los \u00faltimos d\u00edas en distintos medios locales describen un presunto esquema de sobornos en la compra estatal de medicamentos\u00a0que tendr\u00eda como principal responsable al subsecretario de la Presidencia, Eduardo \u2018Lule\u2019 Menem, y\u00a0aluden a la secretaria general de la Presidencia y hermana del presidente, Karina Milei, como\u00a0posible destinataria de un 3 % de los sobornos que involucran a la empresa de comercializaci\u00f3n de medicamentos\u00a0Suizo Argentina. \u201cPara m\u00ed, con lo del 3 %, termin\u00f3 el relato\u201d, insisti\u00f3 Mayans, al tiempo que record\u00f3 que Milei gobierna con el presupuesto de 2023, que fue prorrogado dos a\u00f1os consecutivos por el Ejecutivo.\u00a0\u00abAh\u00ed est\u00e1 la base de corrupci\u00f3n del sistema\u201d, asever\u00f3. El senador anticip\u00f3 adem\u00e1s que el jueves habr\u00e1 una sesi\u00f3n en el Senado para\u00a0tratar el veto a la ley de discapacidad\u00a0y enmarc\u00f3 la crisis en un clima pol\u00edtico de creciente aislamiento del mandatario. \u201cEsto explota el D\u00eda de la Independencia: 23 gobernadores y un jefe de Gobierno porte\u00f1o que le dicen que no van a ir a Tucum\u00e1n con \u00e9l porque despu\u00e9s de un a\u00f1o y medio de gesti\u00f3n est\u00e1n las consecuencias a la vista\u201d, afirm\u00f3. El esc\u00e1ndalo por presunta corrupci\u00f3n se desat\u00f3 el 20 de agosto pasado, cuando medios locales difundieron audios de Spagnuolo. La justicia argentina investiga el hecho, el viernes dispuso nuevos allanamientos en la sede de la Andis y en la empresa Suizo Argentina. El Gobierno de Milei ha rechazado las sospechas de corrupci\u00f3n\u00a0y atribuy\u00f3 la difusi\u00f3n de los audios a maniobras pol\u00edticas para perjudicar al oficialismo de cara a las elecciones legislativas. El Ejecutivo separ\u00f3 a Spagnuolo de su cargo, intervino la Andis y orden\u00f3 una auditor\u00eda interna en el organismo.<\/p>\n","protected":false},"author":1,"featured_media":25967,"comment_status":"closed","ping_status":"closed","sticky":false,"template":"","format":"standard","meta":{"footnotes":""},"categories":[5],"tags":[],"class_list":["post-25966","post","type-post","status-publish","format-standard","has-post-thumbnail","hentry","category-internacionales"],"_links":{"self":[{"href":"https:\/\/www.elamazonico.com\/portal\/wp-json\/wp\/v2\/posts\/25966","targetHints":{"allow":["GET"]}}],"collection":[{"href":"https:\/\/www.elamazonico.com\/portal\/wp-json\/wp\/v2\/posts"}],"about":[{"href":"https:\/\/www.elamazonico.com\/portal\/wp-json\/wp\/v2\/types\/post"}],"author":[{"embeddable":true,"href":"https:\/\/www.elamazonico.com\/portal\/wp-json\/wp\/v2\/users\/1"}],"replies":[{"embeddable":true,"href":"https:\/\/www.elamazonico.com\/portal\/wp-json\/wp\/v2\/comments?post=25966"}],"version-history":[{"count":1,"href":"https:\/\/www.elamazonico.com\/portal\/wp-json\/wp\/v2\/posts\/25966\/revisions"}],"predecessor-version":[{"id":25968,"href":"https:\/\/www.elamazonico.com\/portal\/wp-json\/wp\/v2\/posts\/25966\/revisions\/25968"}],"wp:featuredmedia":[{"embeddable":true,"href":"https:\/\/www.elamazonico.com\/portal\/wp-json\/wp\/v2\/media\/25967"}],"wp:attachment":[{"href":"https:\/\/www.elamazonico.com\/portal\/wp-json\/wp\/v2\/media?parent=25966"}],"wp:term":[{"taxonomy":"category","embeddable":true,"href":"https:\/\/www.elamazonico.com\/portal\/wp-json\/wp\/v2\/categories?post=25966"},{"taxonomy":"post_tag","embeddable":true,"href":"https:\/\/www.elamazonico.com\/portal\/wp-json\/wp\/v2\/tags?post=25966"}],"curies":[{"name":"wp","href":"https:\/\/api.w.org\/{rel}","templated":true}]}}