{"id":25954,"date":"2025-08-31T09:14:01","date_gmt":"2025-08-31T14:14:01","guid":{"rendered":"https:\/\/www.elamazonico.com\/portal\/?p=25954"},"modified":"2025-08-31T09:31:30","modified_gmt":"2025-08-31T14:31:30","slug":"100-dias-daniel-noboa-la-aplanadora-legislativa-los-viajes-y-la-ofensiva-contra-la-corte-constitucional-marcan-la-ruta","status":"publish","type":"post","link":"https:\/\/www.elamazonico.com\/portal\/100-dias-daniel-noboa-la-aplanadora-legislativa-los-viajes-y-la-ofensiva-contra-la-corte-constitucional-marcan-la-ruta\/","title":{"rendered":"100 d\u00edas Daniel Noboa | La aplanadora legislativa, los viajes y la ofensiva contra la Corte Constitucional marcan la ruta"},"content":{"rendered":"<p>El presidente Daniel Noboa inici\u00f3 su segundo periodo de gesti\u00f3n el 24 mayo de 2025, sin firma de decretos, m\u00e1s all\u00e1 de los m\u00ednimos indispensables, sin anuncios espec\u00edficos o primeras medidas y a puerta cerrada, despu\u00e9s de la ceremonia de posesi\u00f3n.<\/p>\n<p>Desde entonces han transcurrido 100 d\u00edas, ese tiempo en el que, usualmente, se espera que el Ejecutivo consolide su administraci\u00f3n y marque el rumbo de lo que ser\u00e1 su gesti\u00f3n a largo plazo. Sin embargo, al tratarse de una reelecci\u00f3n tras un periodo\u00a0excepcional, no fue un arranque tradicional.<\/p>\n<p>A Daniel Noboa le precedieron 18 meses de gobierno, con m\u00faltiples crisis que golpearon al pa\u00eds, una victoria electoral holgada contra la otrora primera fuerza pol\u00edtica nacional y una endeble mayor\u00eda en la Asamblea Nacional para este nuevo periodo legislativo.<\/p>\n<p>Esa ventaja pol\u00edtica le dio un impulso a su inaugurada administraci\u00f3n. Pero tambi\u00e9n ha tenido que cosechar algunos resultados del periodo anterior, como el inusual uso de vetos totales para frenar proyectos legales inc\u00f3modos, que regresan como &#8216;bumeranes&#8217; y ahora se convirtieron en responsabilidad de su bancada legislativa.<\/p>\n<p>En ese contexto, \u00bfqu\u00e9 ha marcado la gesti\u00f3n del Ejecutivo en estos 100 primeros d\u00edas?<\/p>\n<p><strong>1&#8217;Aplanadora&#8217; oficialista<\/strong><br \/>\nLa mayor\u00eda que ha logrado mantener Acci\u00f3n Democr\u00e1tica Nacional (ADN) en la Asamblea Nacional ha sido clave, puesto que le consigui\u00f3 al oficialismo el control del Consejo de Administraci\u00f3n Legislativa y las comisiones m\u00e1s relevantes.<\/p>\n<p>Es por eso que las cuatro propuestas de leyes urgentes en materia econ\u00f3mica han pasado sin ninguna reserva todos los filtros legislativos, pese a los constantes cuestionamientos y a una masiva ola de demandas de inconstitucionalidad que llegaron a la Corte Constitucional (CC).<\/p>\n<p>Se trata de las leyes de Solidaridad Nacional, Integridad P\u00fablica, \u00c1reas Protegidas y recientemente de Fundaciones. A esas se suman dos proyectos existentes que ADN aprovech\u00f3 para moldearlos a su gusto y conveniencia, el de Inteligencia y las \u00faltimas reformas electorales.<\/p>\n<p>Ese poder consolidado entre el Ejecutivo y un Legislativo subordinado han conseguido modificar decenas de leyes. Son m\u00e1s de 300 cambios, que evocan la f\u00f3rmula de las antiguas leyes &#8216;trole&#8217;, sin contar los que se han hecho o est\u00e1n pendientes a\u00fan v\u00eda reglamentos o resoluciones ministeriales.<\/p>\n<p><strong>2 Viajes internacionales<\/strong><br \/>\nOtra arista en la que el Gobierno ha puesto \u00e9nfasis es en la agenda internacional. Esto ha sido una marca de Noboa desde el periodo anterior, en el que se convirti\u00f3 en el Mandatario que m\u00e1s viaj\u00f3 en solo 18 meses de gesti\u00f3n.<\/p>\n<p>Apenas se confirm\u00f3 su reelecci\u00f3n, sali\u00f3 de gira, el 24 de abril de 2025. Ese primer viaje incluy\u00f3 Espa\u00f1a, el Vaticano, Israel, Reino Unido y Francia. Estuvo fuera del pa\u00eds durante 16 d\u00edas.<\/p>\n<p>Y, apenas 29 d\u00edas despu\u00e9s de su posesi\u00f3n, Noboa volv\u00eda a cruzar el oc\u00e9ano Atl\u00e1ntico, rumbo a China, el 22 de junio. Despu\u00e9s, viaj\u00f3 otra vez a Espa\u00f1a y finalmente, estuvo cuatro d\u00edas en Italia, \u00abpor asuntos personales\u00bb, sumando otros 16 d\u00edas.<\/p>\n<p>El 17 de agosto, el Jefe de estado se embarc\u00f3 en otra gira, esta vez por Sudam\u00e9rica. Visit\u00f3 a sus pares en Brasil, Argentina y Uruguay, durante seis d\u00edas de viaje. Pero apenas regres\u00f3 al pa\u00eds por un d\u00eda. El 24 de agosto de 2025 sali\u00f3 nuevamente rumbo a Asia, con la mira en Jap\u00f3n y Vietnam, aunque esta \u00faltima parada fue suspendida a \u00faltimo minuto.<\/p>\n<p>Aunque la Canciller\u00eda no indic\u00f3 el motivo espec\u00edfico de la cancelaci\u00f3n, PRIMICIAS, conoci\u00f3 que el Ejecutivo dio prioridad a la preparaci\u00f3n de la reuni\u00f3n con Marco Rubio, el secretario de Estado de Estados Unidos, que visitar\u00e1 Quito entre el 3 y 4 de septiembre.<\/p>\n<p>Esto debido a que el presidente Noboa busca estrechar su relaci\u00f3n con Washington, lo que no ha sucedido directamente todav\u00eda, puesto a que ninguno de sus breves encuentros con Donald Trump han sido\u00a0en la Casa Blanca.<\/p>\n<p><strong>3 La Corte Constitucional como \u00abenemigo\u00bb<\/strong><br \/>\nDesde enero de 2024, la relaci\u00f3n entre el Ejecutivo y la Corte Constitucional se fue tensando. Pero el cl\u00edmax lleg\u00f3 en este segundo periodo presidencial, cuando los magistrados decidieron aceptar a tr\u00e1mite varias de las 45 demandas ciudadanas de inconstitucionalidad que pesan sobre sus pol\u00e9micas leyes.<\/p>\n<p>En agosto arranc\u00f3 una campa\u00f1a del oficialismo, liderada por el mismo presidente Daniel Noboa, para amedrentar a los nueve magistrados, a quienes calific\u00f3 de \u00abentronados\u00bb. El 12 de agosto de 2025, Quito se llen\u00f3 de im\u00e1genes gigantes con los rostros de los jueces, las redes sociales tambi\u00e9n y el Primer Mandatario y sus ministros marcharon para demostrarles el \u00abpoder del pueblo\u00bb, que llegaba en buses desde todo el pa\u00eds.<\/p>\n<p>Pero no fue solo eso, el Jefe de Estado cumpli\u00f3 su amenaza y\u00a0remiti\u00f3 su propuesta de consulta popular y referendo,\u00a0que incluye una pregunta para aprobar la posibilidad de enjuiciar pol\u00edticamente a los jueces constitucionales. El planteamiento permitir\u00e1 que se &#8216;tumbe&#8217; al m\u00e1ximo tribunal del pa\u00eds con mayores facilidades y menos requisitos que a un ministro.<\/p>\n<p>Estas acciones, que amenazan la independencia de funciones del Estado, han sido rechazadas por organismos internacionales como la Organizaci\u00f3n de Estados Americanos, la Organizaci\u00f3n de Naciones Unidas y Human Rights Watch.<\/p>\n<p><strong>4 M\u00faltiples crisis<\/strong><br \/>\nPese a que el Gobierno quiere culpar a la Corte Constitucional por las crecientes cifras de seguridad, que dieron como resultado el semestre m\u00e1s violento de la historia del pa\u00eds, esta no es la \u00fanica problem\u00e1tica que el Ejecutivo no ha podido paliar.<\/p>\n<p>El fantasma de la crisis el\u00e9ctrica persigue tambi\u00e9n a Daniel Noboa, con las investigaciones fiscales por los contratos de Progen y la b\u00fasqueda de barcazas turcas para intentar cumplir con su promesa de no m\u00e1s apagones, que provocaron una crisis entre 2023 y 2024.<\/p>\n<p>A esto se sum\u00f3 una crisis aguda del sistema de salud p\u00fablica que, sin alimentos, especialistas, equipos y medicamentos, alcanz\u00f3 un nuevo fondo este a\u00f1o. Esto oblig\u00f3 al Ejecutivo a crear un nuevo Comit\u00e9 Nacional de Salud P\u00fablica, aunque el Ejecutivo se ha negado a declarar la emergencia en el sector pese a la crisis integral que atraviesan las casas de salud. <strong>Fuente: Primicias<\/strong><\/p>\n","protected":false},"excerpt":{"rendered":"<p>El presidente Daniel Noboa inici\u00f3 su segundo periodo de gesti\u00f3n el 24 mayo de 2025, sin firma de decretos, m\u00e1s all\u00e1 de los m\u00ednimos indispensables, sin anuncios espec\u00edficos o primeras medidas y a puerta cerrada, despu\u00e9s de la ceremonia de posesi\u00f3n. Desde entonces han transcurrido 100 d\u00edas, ese tiempo en el que, usualmente, se espera que el Ejecutivo consolide su administraci\u00f3n y marque el rumbo de lo que ser\u00e1 su gesti\u00f3n a largo plazo. Sin embargo, al tratarse de una reelecci\u00f3n tras un periodo\u00a0excepcional, no fue un arranque tradicional. A Daniel Noboa le precedieron 18 meses de gobierno, con m\u00faltiples crisis que golpearon al pa\u00eds, una victoria electoral holgada contra la otrora primera fuerza pol\u00edtica nacional y una endeble mayor\u00eda en la Asamblea Nacional para este nuevo periodo legislativo. Esa ventaja pol\u00edtica le dio un impulso a su inaugurada administraci\u00f3n. Pero tambi\u00e9n ha tenido que cosechar algunos resultados del periodo anterior, como el inusual uso de vetos totales para frenar proyectos legales inc\u00f3modos, que regresan como &#8216;bumeranes&#8217; y ahora se convirtieron en responsabilidad de su bancada legislativa. En ese contexto, \u00bfqu\u00e9 ha marcado la gesti\u00f3n del Ejecutivo en estos 100 primeros d\u00edas? 1&#8217;Aplanadora&#8217; oficialista La mayor\u00eda que ha logrado mantener Acci\u00f3n Democr\u00e1tica Nacional (ADN) en la Asamblea Nacional ha sido clave, puesto que le consigui\u00f3 al oficialismo el control del Consejo de Administraci\u00f3n Legislativa y las comisiones m\u00e1s relevantes. Es por eso que las cuatro propuestas de leyes urgentes en materia econ\u00f3mica han pasado sin ninguna reserva todos los filtros legislativos, pese a los constantes cuestionamientos y a una masiva ola de demandas de inconstitucionalidad que llegaron a la Corte Constitucional (CC). Se trata de las leyes de Solidaridad Nacional, Integridad P\u00fablica, \u00c1reas Protegidas y recientemente de Fundaciones. A esas se suman dos proyectos existentes que ADN aprovech\u00f3 para moldearlos a su gusto y conveniencia, el de Inteligencia y las \u00faltimas reformas electorales. Ese poder consolidado entre el Ejecutivo y un Legislativo subordinado han conseguido modificar decenas de leyes. Son m\u00e1s de 300 cambios, que evocan la f\u00f3rmula de las antiguas leyes &#8216;trole&#8217;, sin contar los que se han hecho o est\u00e1n pendientes a\u00fan v\u00eda reglamentos o resoluciones ministeriales. 2 Viajes internacionales Otra arista en la que el Gobierno ha puesto \u00e9nfasis es en la agenda internacional. Esto ha sido una marca de Noboa desde el periodo anterior, en el que se convirti\u00f3 en el Mandatario que m\u00e1s viaj\u00f3 en solo 18 meses de gesti\u00f3n. Apenas se confirm\u00f3 su reelecci\u00f3n, sali\u00f3 de gira, el 24 de abril de 2025. Ese primer viaje incluy\u00f3 Espa\u00f1a, el Vaticano, Israel, Reino Unido y Francia. Estuvo fuera del pa\u00eds durante 16 d\u00edas. Y, apenas 29 d\u00edas despu\u00e9s de su posesi\u00f3n, Noboa volv\u00eda a cruzar el oc\u00e9ano Atl\u00e1ntico, rumbo a China, el 22 de junio. Despu\u00e9s, viaj\u00f3 otra vez a Espa\u00f1a y finalmente, estuvo cuatro d\u00edas en Italia, \u00abpor asuntos personales\u00bb, sumando otros 16 d\u00edas. El 17 de agosto, el Jefe de estado se embarc\u00f3 en otra gira, esta vez por Sudam\u00e9rica. Visit\u00f3 a sus pares en Brasil, Argentina y Uruguay, durante seis d\u00edas de viaje. Pero apenas regres\u00f3 al pa\u00eds por un d\u00eda. El 24 de agosto de 2025 sali\u00f3 nuevamente rumbo a Asia, con la mira en Jap\u00f3n y Vietnam, aunque esta \u00faltima parada fue suspendida a \u00faltimo minuto. Aunque la Canciller\u00eda no indic\u00f3 el motivo espec\u00edfico de la cancelaci\u00f3n, PRIMICIAS, conoci\u00f3 que el Ejecutivo dio prioridad a la preparaci\u00f3n de la reuni\u00f3n con Marco Rubio, el secretario de Estado de Estados Unidos, que visitar\u00e1 Quito entre el 3 y 4 de septiembre. Esto debido a que el presidente Noboa busca estrechar su relaci\u00f3n con Washington, lo que no ha sucedido directamente todav\u00eda, puesto a que ninguno de sus breves encuentros con Donald Trump han sido\u00a0en la Casa Blanca. 3 La Corte Constitucional como \u00abenemigo\u00bb Desde enero de 2024, la relaci\u00f3n entre el Ejecutivo y la Corte Constitucional se fue tensando. Pero el cl\u00edmax lleg\u00f3 en este segundo periodo presidencial, cuando los magistrados decidieron aceptar a tr\u00e1mite varias de las 45 demandas ciudadanas de inconstitucionalidad que pesan sobre sus pol\u00e9micas leyes. En agosto arranc\u00f3 una campa\u00f1a del oficialismo, liderada por el mismo presidente Daniel Noboa, para amedrentar a los nueve magistrados, a quienes calific\u00f3 de \u00abentronados\u00bb. El 12 de agosto de 2025, Quito se llen\u00f3 de im\u00e1genes gigantes con los rostros de los jueces, las redes sociales tambi\u00e9n y el Primer Mandatario y sus ministros marcharon para demostrarles el \u00abpoder del pueblo\u00bb, que llegaba en buses desde todo el pa\u00eds. Pero no fue solo eso, el Jefe de Estado cumpli\u00f3 su amenaza y\u00a0remiti\u00f3 su propuesta de consulta popular y referendo,\u00a0que incluye una pregunta para aprobar la posibilidad de enjuiciar pol\u00edticamente a los jueces constitucionales. El planteamiento permitir\u00e1 que se &#8216;tumbe&#8217; al m\u00e1ximo tribunal del pa\u00eds con mayores facilidades y menos requisitos que a un ministro. Estas acciones, que amenazan la independencia de funciones del Estado, han sido rechazadas por organismos internacionales como la Organizaci\u00f3n de Estados Americanos, la Organizaci\u00f3n de Naciones Unidas y Human Rights Watch. 4 M\u00faltiples crisis Pese a que el Gobierno quiere culpar a la Corte Constitucional por las crecientes cifras de seguridad, que dieron como resultado el semestre m\u00e1s violento de la historia del pa\u00eds, esta no es la \u00fanica problem\u00e1tica que el Ejecutivo no ha podido paliar. El fantasma de la crisis el\u00e9ctrica persigue tambi\u00e9n a Daniel Noboa, con las investigaciones fiscales por los contratos de Progen y la b\u00fasqueda de barcazas turcas para intentar cumplir con su promesa de no m\u00e1s apagones, que provocaron una crisis entre 2023 y 2024. A esto se sum\u00f3 una crisis aguda del sistema de salud p\u00fablica que, sin alimentos, especialistas, equipos y medicamentos, alcanz\u00f3 un nuevo fondo este a\u00f1o. Esto oblig\u00f3 al Ejecutivo a crear un nuevo Comit\u00e9 Nacional de Salud P\u00fablica, aunque el Ejecutivo se ha negado a declarar la emergencia en el sector pese a la crisis integral que atraviesan las casas de salud. Fuente: Primicias<\/p>\n","protected":false},"author":1,"featured_media":25955,"comment_status":"closed","ping_status":"closed","sticky":false,"template":"","format":"standard","meta":{"footnotes":""},"categories":[268],"tags":[],"class_list":["post-25954","post","type-post","status-publish","format-standard","has-post-thumbnail","hentry","category-nacionales"],"_links":{"self":[{"href":"https:\/\/www.elamazonico.com\/portal\/wp-json\/wp\/v2\/posts\/25954","targetHints":{"allow":["GET"]}}],"collection":[{"href":"https:\/\/www.elamazonico.com\/portal\/wp-json\/wp\/v2\/posts"}],"about":[{"href":"https:\/\/www.elamazonico.com\/portal\/wp-json\/wp\/v2\/types\/post"}],"author":[{"embeddable":true,"href":"https:\/\/www.elamazonico.com\/portal\/wp-json\/wp\/v2\/users\/1"}],"replies":[{"embeddable":true,"href":"https:\/\/www.elamazonico.com\/portal\/wp-json\/wp\/v2\/comments?post=25954"}],"version-history":[{"count":2,"href":"https:\/\/www.elamazonico.com\/portal\/wp-json\/wp\/v2\/posts\/25954\/revisions"}],"predecessor-version":[{"id":25958,"href":"https:\/\/www.elamazonico.com\/portal\/wp-json\/wp\/v2\/posts\/25954\/revisions\/25958"}],"wp:featuredmedia":[{"embeddable":true,"href":"https:\/\/www.elamazonico.com\/portal\/wp-json\/wp\/v2\/media\/25955"}],"wp:attachment":[{"href":"https:\/\/www.elamazonico.com\/portal\/wp-json\/wp\/v2\/media?parent=25954"}],"wp:term":[{"taxonomy":"category","embeddable":true,"href":"https:\/\/www.elamazonico.com\/portal\/wp-json\/wp\/v2\/categories?post=25954"},{"taxonomy":"post_tag","embeddable":true,"href":"https:\/\/www.elamazonico.com\/portal\/wp-json\/wp\/v2\/tags?post=25954"}],"curies":[{"name":"wp","href":"https:\/\/api.w.org\/{rel}","templated":true}]}}