{"id":25951,"date":"2025-09-01T04:38:58","date_gmt":"2025-09-01T09:38:58","guid":{"rendered":"https:\/\/www.elamazonico.com\/portal\/?p=25951"},"modified":"2025-08-31T13:57:47","modified_gmt":"2025-08-31T18:57:47","slug":"zamora-chinchipe-gobierno-nacional-inicia-licitacion-en-el-iv-eje-vial-zumba-la-balsa","status":"publish","type":"post","link":"https:\/\/www.elamazonico.com\/portal\/zamora-chinchipe-gobierno-nacional-inicia-licitacion-en-el-iv-eje-vial-zumba-la-balsa\/","title":{"rendered":"Zamora Chinchipe: Gobierno Nacional Inicia Licitaci\u00f3n en el IV Eje Vial Zumba \u2013 La Balsa"},"content":{"rendered":"<p data-start=\"161\" data-end=\"736\">En la Amazon\u00eda sur, donde los caminos han sido hist\u00f3ricamente la frontera invisible del desarrollo, el Gobierno Nacional ha dado un paso trascendental. El Ministerio de Infraestructura y Transporte (MIT) de Ecuador, con el respaldo financiero del Banco Interamericano de Desarrollo (BID), ha iniciado la licitaci\u00f3n internacional para el dise\u00f1o, construcci\u00f3n y mantenimiento del tramo <strong data-start=\"559\" data-end=\"592\">Bellavista \u2013 Zumba \u2013 La Balsa<\/strong>, un corredor vial de <strong data-start=\"614\" data-end=\"634\">51,71 kil\u00f3metros<\/strong> que constituye una mejora excepcional la conectividad regional entre el Sur, Ecuador y Norte del Per\u00fa.<\/p>\n<h3 data-start=\"738\" data-end=\"774\">Una obra con ra\u00edces hist\u00f3ricas<\/h3>\n<p data-start=\"775\" data-end=\"1327\">El proyecto no surge en el vac\u00edo. Su concepci\u00f3n est\u00e1 \u00edntimamente ligada al <strong data-start=\"850\" data-end=\"876\">Tratado de Paz de 1998<\/strong>, que sell\u00f3 d\u00e9cadas de tensiones fronterizas entre Ecuador y Per\u00fa. La materializaci\u00f3n de corredores binacionales, como el que hoy se anuncia, responde a los compromisos de integraci\u00f3n asumidos en aquel pacto hist\u00f3rico, recientemente revitalizados en el <strong data-start=\"1129\" data-end=\"1160\">Plan de Acci\u00f3n de Lima 2024<\/strong>. La carretera, m\u00e1s que un tramo asfaltado, se funda como un recordatorio tangible de la voluntad pol\u00edtica de convertir la paz en desarrollo y la frontera en puente.<\/p>\n<p data-start=\"1366\" data-end=\"1909\">La provincia amaz\u00f3nica de <strong data-start=\"1392\" data-end=\"1412\">Zamora Chinchipe<\/strong>, con m\u00e1s de <strong data-start=\"1425\" data-end=\"1447\">125,000 habitantes<\/strong>, ser\u00e1 la beneficiaria directa de esta intervenci\u00f3n. El corredor no solo reducir\u00e1 tiempos de viaje y costos log\u00edsticos, sino que ampliar\u00e1 el acceso a servicios de salud, educaci\u00f3n y comercio. Para comunidades hist\u00f3ricamente aisladas, el asfalto significar\u00e1 la posibilidad de que un enfermo llegue a un hospital en menos tiempo, que un agricultor coloque su caf\u00e9 en nuevos mercados y que un estudiante acceda a oportunidades educativas m\u00e1s all\u00e1 de su parroquia.<\/p>\n<h3 data-start=\"1911\" data-end=\"1939\">Una obra de vanguardia<\/h3>\n<p data-start=\"1940\" data-end=\"2209\">El contrato se ejecutar\u00e1 bajo el modelo <strong data-start=\"1980\" data-end=\"2006\">FIDIC \u2013 Libro Amarillo<\/strong>, est\u00e1ndar internacional que asegura transparencia, eficiencia y altos par\u00e1metros t\u00e9cnicos. Esta elecci\u00f3n ubica al proyecto dentro de la vanguardia en gesti\u00f3n de infraestructura vial en Am\u00e9rica Latina.<\/p>\n<p data-start=\"2211\" data-end=\"2242\">El plan contempla tres fases:<\/p>\n<ol data-start=\"2244\" data-end=\"2689\">\n<li data-start=\"2244\" data-end=\"2345\">\n<p data-start=\"2247\" data-end=\"2345\"><strong data-start=\"2247\" data-end=\"2257\">Dise\u00f1o<\/strong>: actualizaci\u00f3n de estudios t\u00e9cnicos en geolog\u00eda, hidrolog\u00eda, suelos y seguridad vial.<\/p>\n<\/li>\n<li data-start=\"2346\" data-end=\"2469\">\n<p data-start=\"2349\" data-end=\"2469\"><strong data-start=\"2349\" data-end=\"2365\">Construcci\u00f3n<\/strong>: pavimentaci\u00f3n, estabilizaci\u00f3n de taludes y obras de drenaje, con \u00e9nfasis en la mitigaci\u00f3n ambiental.<\/p>\n<\/li>\n<li data-start=\"2470\" data-end=\"2689\">\n<p data-start=\"2473\" data-end=\"2689\"><strong data-start=\"2473\" data-end=\"2514\">Mantenimiento por niveles de servicio<\/strong>: una estrategia de largo plazo que incluye sistemas de alerta temprana frente a deslizamientos y tecnolog\u00edas de monitoreo continuo para garantizar la durabilidad de la v\u00eda.<\/p>\n<\/li>\n<\/ol>\n<h3 data-start=\"2691\" data-end=\"2730\">Un compromiso con el sur del pa\u00eds<\/h3>\n<p data-start=\"2731\" data-end=\"3120\">El presidente <strong data-start=\"2745\" data-end=\"2766\">Daniel Noboa Azin<\/strong> ha se\u00f1alado en repetidas ocasiones que la obra p\u00fablica eficiente no es un lujo, sino una obligaci\u00f3n moral y pol\u00edtica con las poblaciones hist\u00f3ricamente relegadas. En ese sentido, el IV Eje Vial no solo busca unir territorios, sino saldar una <strong data-start=\"3009\" data-end=\"3028\">deuda hist\u00f3rica<\/strong> con el sur ecuatoriano, donde las carreteras han sido promesa incumplida durante d\u00e9cadas.<\/p>\n<p data-start=\"3161\" data-end=\"3600\">El tramo Bellavista \u2013 Zumba \u2013 La Balsa se perfila, as\u00ed, como m\u00e1s que una carretera: ser\u00e1 un <strong data-start=\"3253\" data-end=\"3287\">motor de desarrollo sostenible<\/strong>, un eje para el comercio binacional y un s\u00edmbolo de la nueva era de integraci\u00f3n en la regi\u00f3n amaz\u00f3nica. La historia recordar\u00e1 que, en 2025, Ecuador decidi\u00f3 apostar por convertir su frontera sur en una puerta de oportunidades, donde la infraestructura vial se une con la memoria hist\u00f3rica y el anhelo de futuro. Pues los habitantes de Palanda y Chinchipe, solo tienen la fe de que en alg\u00fan momento se har\u00e1 realidad, aunque dicen, que quienes debieron ver y festejar son quienes iniciaron esta lucha y hoy no se encuentran.<\/p>\n","protected":false},"excerpt":{"rendered":"<p>En la Amazon\u00eda sur, donde los caminos han sido hist\u00f3ricamente la frontera invisible del desarrollo, el Gobierno Nacional ha dado un paso trascendental. El Ministerio de Infraestructura y Transporte (MIT) de Ecuador, con el respaldo financiero del Banco Interamericano de Desarrollo (BID), ha iniciado la licitaci\u00f3n internacional para el dise\u00f1o, construcci\u00f3n y mantenimiento del tramo Bellavista \u2013 Zumba \u2013 La Balsa, un corredor vial de 51,71 kil\u00f3metros que constituye una mejora excepcional la conectividad regional entre el Sur, Ecuador y Norte del Per\u00fa. Una obra con ra\u00edces hist\u00f3ricas El proyecto no surge en el vac\u00edo. Su concepci\u00f3n est\u00e1 \u00edntimamente ligada al Tratado de Paz de 1998, que sell\u00f3 d\u00e9cadas de tensiones fronterizas entre Ecuador y Per\u00fa. La materializaci\u00f3n de corredores binacionales, como el que hoy se anuncia, responde a los compromisos de integraci\u00f3n asumidos en aquel pacto hist\u00f3rico, recientemente revitalizados en el Plan de Acci\u00f3n de Lima 2024. La carretera, m\u00e1s que un tramo asfaltado, se funda como un recordatorio tangible de la voluntad pol\u00edtica de convertir la paz en desarrollo y la frontera en puente. La provincia amaz\u00f3nica de Zamora Chinchipe, con m\u00e1s de 125,000 habitantes, ser\u00e1 la beneficiaria directa de esta intervenci\u00f3n. El corredor no solo reducir\u00e1 tiempos de viaje y costos log\u00edsticos, sino que ampliar\u00e1 el acceso a servicios de salud, educaci\u00f3n y comercio. Para comunidades hist\u00f3ricamente aisladas, el asfalto significar\u00e1 la posibilidad de que un enfermo llegue a un hospital en menos tiempo, que un agricultor coloque su caf\u00e9 en nuevos mercados y que un estudiante acceda a oportunidades educativas m\u00e1s all\u00e1 de su parroquia. Una obra de vanguardia El contrato se ejecutar\u00e1 bajo el modelo FIDIC \u2013 Libro Amarillo, est\u00e1ndar internacional que asegura transparencia, eficiencia y altos par\u00e1metros t\u00e9cnicos. Esta elecci\u00f3n ubica al proyecto dentro de la vanguardia en gesti\u00f3n de infraestructura vial en Am\u00e9rica Latina. El plan contempla tres fases: Dise\u00f1o: actualizaci\u00f3n de estudios t\u00e9cnicos en geolog\u00eda, hidrolog\u00eda, suelos y seguridad vial. Construcci\u00f3n: pavimentaci\u00f3n, estabilizaci\u00f3n de taludes y obras de drenaje, con \u00e9nfasis en la mitigaci\u00f3n ambiental. Mantenimiento por niveles de servicio: una estrategia de largo plazo que incluye sistemas de alerta temprana frente a deslizamientos y tecnolog\u00edas de monitoreo continuo para garantizar la durabilidad de la v\u00eda. Un compromiso con el sur del pa\u00eds El presidente Daniel Noboa Azin ha se\u00f1alado en repetidas ocasiones que la obra p\u00fablica eficiente no es un lujo, sino una obligaci\u00f3n moral y pol\u00edtica con las poblaciones hist\u00f3ricamente relegadas. En ese sentido, el IV Eje Vial no solo busca unir territorios, sino saldar una deuda hist\u00f3rica con el sur ecuatoriano, donde las carreteras han sido promesa incumplida durante d\u00e9cadas. El tramo Bellavista \u2013 Zumba \u2013 La Balsa se perfila, as\u00ed, como m\u00e1s que una carretera: ser\u00e1 un motor de desarrollo sostenible, un eje para el comercio binacional y un s\u00edmbolo de la nueva era de integraci\u00f3n en la regi\u00f3n amaz\u00f3nica. La historia recordar\u00e1 que, en 2025, Ecuador decidi\u00f3 apostar por convertir su frontera sur en una puerta de oportunidades, donde la infraestructura vial se une con la memoria hist\u00f3rica y el anhelo de futuro. Pues los habitantes de Palanda y Chinchipe, solo tienen la fe de que en alg\u00fan momento se har\u00e1 realidad, aunque dicen, que quienes debieron ver y festejar son quienes iniciaron esta lucha y hoy no se encuentran.<\/p>\n","protected":false},"author":1,"featured_media":25952,"comment_status":"closed","ping_status":"closed","sticky":false,"template":"","format":"standard","meta":{"footnotes":""},"categories":[243],"tags":[],"class_list":["post-25951","post","type-post","status-publish","format-standard","has-post-thumbnail","hentry","category-noticias-zamora"],"_links":{"self":[{"href":"https:\/\/www.elamazonico.com\/portal\/wp-json\/wp\/v2\/posts\/25951","targetHints":{"allow":["GET"]}}],"collection":[{"href":"https:\/\/www.elamazonico.com\/portal\/wp-json\/wp\/v2\/posts"}],"about":[{"href":"https:\/\/www.elamazonico.com\/portal\/wp-json\/wp\/v2\/types\/post"}],"author":[{"embeddable":true,"href":"https:\/\/www.elamazonico.com\/portal\/wp-json\/wp\/v2\/users\/1"}],"replies":[{"embeddable":true,"href":"https:\/\/www.elamazonico.com\/portal\/wp-json\/wp\/v2\/comments?post=25951"}],"version-history":[{"count":1,"href":"https:\/\/www.elamazonico.com\/portal\/wp-json\/wp\/v2\/posts\/25951\/revisions"}],"predecessor-version":[{"id":25953,"href":"https:\/\/www.elamazonico.com\/portal\/wp-json\/wp\/v2\/posts\/25951\/revisions\/25953"}],"wp:featuredmedia":[{"embeddable":true,"href":"https:\/\/www.elamazonico.com\/portal\/wp-json\/wp\/v2\/media\/25952"}],"wp:attachment":[{"href":"https:\/\/www.elamazonico.com\/portal\/wp-json\/wp\/v2\/media?parent=25951"}],"wp:term":[{"taxonomy":"category","embeddable":true,"href":"https:\/\/www.elamazonico.com\/portal\/wp-json\/wp\/v2\/categories?post=25951"},{"taxonomy":"post_tag","embeddable":true,"href":"https:\/\/www.elamazonico.com\/portal\/wp-json\/wp\/v2\/tags?post=25951"}],"curies":[{"name":"wp","href":"https:\/\/api.w.org\/{rel}","templated":true}]}}