{"id":25943,"date":"2025-08-29T16:49:58","date_gmt":"2025-08-29T21:49:58","guid":{"rendered":"https:\/\/www.elamazonico.com\/portal\/?p=25943"},"modified":"2025-08-29T16:49:58","modified_gmt":"2025-08-29T21:49:58","slug":"inauguracion-de-la-urna-de-la-virgen-del-cisne-en-el-barrio-santa-elena-zamora","status":"publish","type":"post","link":"https:\/\/www.elamazonico.com\/portal\/inauguracion-de-la-urna-de-la-virgen-del-cisne-en-el-barrio-santa-elena-zamora\/","title":{"rendered":"Inauguraci\u00f3n de la urna de la Virgen del Cisne en el barrio Santa Elena, Zamora"},"content":{"rendered":"<p>Vidal Reyes y familia anuncian con profunda devoci\u00f3n la culminaci\u00f3n de la novena en honor a la Virgen del Cisne y la inauguraci\u00f3n oficial de su urna en el barrio Santa Elena, cant\u00f3n Zamora. Este acto de fe se realizar\u00e1 el d\u00eda s\u00e1bado, tras una promesa familiar que ha perdurado por m\u00e1s de quince a\u00f1os, como homenaje a sus progenitores fallecidos.<\/p>\n<p>El programa iniciar\u00e1 este viernes 29 con el \u00faltimo d\u00eda de la novena, mientras que el s\u00e1bado 30 de agosto, se celebrar\u00e1 la misa a las 14h00 en la capilla de Santa Elena. Posteriormente, a las 15h00, se efectuar\u00e1 la caminata de traslado de la imagen hasta su urna ubicada en el centro del barrio, frente a las lagunas del municipio.<\/p>\n<p>Las festividades incluir\u00e1n actividades comunitarias como juegos tradicionales (palo encebado, carrera de ensacados y rompida de ollas encantadas), adem\u00e1s de una feria de emprendedores locales, abierta de manera gratuita a quienes deseen exponer y comercializar sus productos. En la jornada se presentar\u00e1n artistas, grupos de danza y, al caer la noche, se ofrecer\u00e1 un espect\u00e1culo de luces con la quema de castillo y la tradicional \u201cvaca loca\u201d.<\/p>\n<p>Vidal Reyes subray\u00f3 que este proyecto tiene como objetivo rendir tributo a la Virgen del Cisne, considerada por los devotos como la \u201cMadre Mayor\u201d, y fortalecer la fe en la comunidad. Asimismo, extendi\u00f3 una invitaci\u00f3n a todos los ciudadanos del cant\u00f3n Zamora, de la provincia y del pa\u00eds, a participar de esta celebraci\u00f3n religiosa y cultural que se repetir\u00e1 cada fin de agosto.<\/p>\n<p>\u201cQuedan cordialmente invitados a compartir con nosotros este acto de fe y devoci\u00f3n a la Virgen del Cisne, s\u00edmbolo de unidad y esperanza para todo el pueblo\u201d, expres\u00f3 Reyes.<\/p>\n","protected":false},"excerpt":{"rendered":"<p>Vidal Reyes y familia anuncian con profunda devoci\u00f3n la culminaci\u00f3n de la novena en honor a la Virgen del Cisne y la inauguraci\u00f3n oficial de su urna en el barrio Santa Elena, cant\u00f3n Zamora. Este acto de fe se realizar\u00e1 el d\u00eda s\u00e1bado, tras una promesa familiar que ha perdurado por m\u00e1s de quince a\u00f1os, como homenaje a sus progenitores fallecidos. El programa iniciar\u00e1 este viernes 29 con el \u00faltimo d\u00eda de la novena, mientras que el s\u00e1bado 30 de agosto, se celebrar\u00e1 la misa a las 14h00 en la capilla de Santa Elena. Posteriormente, a las 15h00, se efectuar\u00e1 la caminata de traslado de la imagen hasta su urna ubicada en el centro del barrio, frente a las lagunas del municipio. Las festividades incluir\u00e1n actividades comunitarias como juegos tradicionales (palo encebado, carrera de ensacados y rompida de ollas encantadas), adem\u00e1s de una feria de emprendedores locales, abierta de manera gratuita a quienes deseen exponer y comercializar sus productos. En la jornada se presentar\u00e1n artistas, grupos de danza y, al caer la noche, se ofrecer\u00e1 un espect\u00e1culo de luces con la quema de castillo y la tradicional \u201cvaca loca\u201d. Vidal Reyes subray\u00f3 que este proyecto tiene como objetivo rendir tributo a la Virgen del Cisne, considerada por los devotos como la \u201cMadre Mayor\u201d, y fortalecer la fe en la comunidad. Asimismo, extendi\u00f3 una invitaci\u00f3n a todos los ciudadanos del cant\u00f3n Zamora, de la provincia y del pa\u00eds, a participar de esta celebraci\u00f3n religiosa y cultural que se repetir\u00e1 cada fin de agosto. \u201cQuedan cordialmente invitados a compartir con nosotros este acto de fe y devoci\u00f3n a la Virgen del Cisne, s\u00edmbolo de unidad y esperanza para todo el pueblo\u201d, expres\u00f3 Reyes.<\/p>\n","protected":false},"author":1,"featured_media":25944,"comment_status":"closed","ping_status":"closed","sticky":false,"template":"","format":"standard","meta":{"footnotes":""},"categories":[243],"tags":[],"class_list":["post-25943","post","type-post","status-publish","format-standard","has-post-thumbnail","hentry","category-noticias-zamora"],"_links":{"self":[{"href":"https:\/\/www.elamazonico.com\/portal\/wp-json\/wp\/v2\/posts\/25943","targetHints":{"allow":["GET"]}}],"collection":[{"href":"https:\/\/www.elamazonico.com\/portal\/wp-json\/wp\/v2\/posts"}],"about":[{"href":"https:\/\/www.elamazonico.com\/portal\/wp-json\/wp\/v2\/types\/post"}],"author":[{"embeddable":true,"href":"https:\/\/www.elamazonico.com\/portal\/wp-json\/wp\/v2\/users\/1"}],"replies":[{"embeddable":true,"href":"https:\/\/www.elamazonico.com\/portal\/wp-json\/wp\/v2\/comments?post=25943"}],"version-history":[{"count":1,"href":"https:\/\/www.elamazonico.com\/portal\/wp-json\/wp\/v2\/posts\/25943\/revisions"}],"predecessor-version":[{"id":25945,"href":"https:\/\/www.elamazonico.com\/portal\/wp-json\/wp\/v2\/posts\/25943\/revisions\/25945"}],"wp:featuredmedia":[{"embeddable":true,"href":"https:\/\/www.elamazonico.com\/portal\/wp-json\/wp\/v2\/media\/25944"}],"wp:attachment":[{"href":"https:\/\/www.elamazonico.com\/portal\/wp-json\/wp\/v2\/media?parent=25943"}],"wp:term":[{"taxonomy":"category","embeddable":true,"href":"https:\/\/www.elamazonico.com\/portal\/wp-json\/wp\/v2\/categories?post=25943"},{"taxonomy":"post_tag","embeddable":true,"href":"https:\/\/www.elamazonico.com\/portal\/wp-json\/wp\/v2\/tags?post=25943"}],"curies":[{"name":"wp","href":"https:\/\/api.w.org\/{rel}","templated":true}]}}