{"id":25936,"date":"2025-08-28T16:25:53","date_gmt":"2025-08-28T21:25:53","guid":{"rendered":"https:\/\/www.elamazonico.com\/portal\/?p=25936"},"modified":"2025-08-28T16:25:53","modified_gmt":"2025-08-28T21:25:53","slug":"mi-pangui-seguro-feria-que-une-a-instituciones-y-comunidad-por-la-seguridad-ciudadana","status":"publish","type":"post","link":"https:\/\/www.elamazonico.com\/portal\/mi-pangui-seguro-feria-que-une-a-instituciones-y-comunidad-por-la-seguridad-ciudadana\/","title":{"rendered":"\u201c\u2018Mi Pangui Seguro\u2019: feria que une a instituciones y comunidad por la seguridad ciudadana\u201d"},"content":{"rendered":"<p>Con el firme prop\u00f3sito de acercar a la ciudadan\u00eda los servicios que brindan las instituciones responsables de la seguridad en el cant\u00f3n El Pangui, se desarroll\u00f3 hoy en la \u201cOrqu\u00eddea de la Amazon\u00eda\u201d la Feria de Seguridad Integral \u201cMi Pangui Seguro\u201d.<\/p>\n<p>Esta iniciativa que cont\u00f3 con una multitudinaria asistencia, se desarroll\u00f3 en las instalaciones del Minicoliseo de la urbe.<\/p>\n<p>La jornada arranc\u00f3 con las intervenciones de las autoridades quienes destacaron la importancia del trabajo conjunto para el combate de la delincuencia, \u201cagradezco a todas las instituciones que est\u00e1n hoy presentes y que contribuyeron para hacer esto realidad\u201d expres\u00f3 Jhomayra Segovia, jefa pol\u00edtica del cant\u00f3n, durante la bienvenida.<\/p>\n<p>De su parte, la gobernadora de la provincia de Zamora Chinchipe Ivonne Panchi, en su alocuci\u00f3n hizo \u00e9nfasis al trabajo que ejecuta el Gobierno Nacional para garantizar la paz interna, tambi\u00e9n realiz\u00f3 un llamado a la ciudadan\u00eda a unirse a esta lucha a trav\u00e9s de la formaci\u00f3n en el hogar para generar conciencia ciudadana en especial en los ni\u00f1os y j\u00f3venes.<\/p>\n<p>Con esta opini\u00f3n comparti\u00f3 Mayra Quezada, vicealcaldesa del cant\u00f3n, quien aprovech\u00f3 para pormenorizar la inversi\u00f3n municipal ejecutada en electrificaci\u00f3n de los barrios de El Pangui, resaltando que son alrededor de 20 kil\u00f3metros de iluminaci\u00f3n y electrificaci\u00f3n ya ejecutados \u201ciluminaci\u00f3n permite caminar a nuestra gente con seguridad en las noches\u201d indic\u00f3; asimismo coment\u00f3 el proyecto integral que pretende el ayuntamiento, mismo que abarca la instalaci\u00f3n futura de un circuito de video vigilancia municipal, ideal para el combate de la delincuencia.<\/p>\n<p>En esta ma\u00f1ana de colorido y risas, hubo m\u00fasica en vivo, danzas, exhibici\u00f3n de artes marciales, entrega de premios a tiernos ni\u00f1os que acudieron vestidos de polic\u00edas, militares y bomberos; exhibici\u00f3n de habilidades y destrezas bomberiles, presentaci\u00f3n de canes amaestrados entre otros, que fueron el deleite de los asistentes.<\/p>\n<p>Este evento se ejecut\u00f3 bajo el trabajo conjunto de la Gobernaci\u00f3n de Zamora Chinchipe, Jefatura Pol\u00edtica, Alcald\u00eda de El Pangui, Polic\u00eda Nacional, Cuerpo de Bomberos, Fuerzas Armadas, Comisar\u00eda Nacional de Polic\u00eda, Cruz Roja Ecuatoriana y con el apoyo de la Empresa EcuaCorriente (ECSA).<\/p>\n","protected":false},"excerpt":{"rendered":"<p>Con el firme prop\u00f3sito de acercar a la ciudadan\u00eda los servicios que brindan las instituciones responsables de la seguridad en el cant\u00f3n El Pangui, se desarroll\u00f3 hoy en la \u201cOrqu\u00eddea de la Amazon\u00eda\u201d la Feria de Seguridad Integral \u201cMi Pangui Seguro\u201d. Esta iniciativa que cont\u00f3 con una multitudinaria asistencia, se desarroll\u00f3 en las instalaciones del Minicoliseo de la urbe. La jornada arranc\u00f3 con las intervenciones de las autoridades quienes destacaron la importancia del trabajo conjunto para el combate de la delincuencia, \u201cagradezco a todas las instituciones que est\u00e1n hoy presentes y que contribuyeron para hacer esto realidad\u201d expres\u00f3 Jhomayra Segovia, jefa pol\u00edtica del cant\u00f3n, durante la bienvenida. De su parte, la gobernadora de la provincia de Zamora Chinchipe Ivonne Panchi, en su alocuci\u00f3n hizo \u00e9nfasis al trabajo que ejecuta el Gobierno Nacional para garantizar la paz interna, tambi\u00e9n realiz\u00f3 un llamado a la ciudadan\u00eda a unirse a esta lucha a trav\u00e9s de la formaci\u00f3n en el hogar para generar conciencia ciudadana en especial en los ni\u00f1os y j\u00f3venes. Con esta opini\u00f3n comparti\u00f3 Mayra Quezada, vicealcaldesa del cant\u00f3n, quien aprovech\u00f3 para pormenorizar la inversi\u00f3n municipal ejecutada en electrificaci\u00f3n de los barrios de El Pangui, resaltando que son alrededor de 20 kil\u00f3metros de iluminaci\u00f3n y electrificaci\u00f3n ya ejecutados \u201ciluminaci\u00f3n permite caminar a nuestra gente con seguridad en las noches\u201d indic\u00f3; asimismo coment\u00f3 el proyecto integral que pretende el ayuntamiento, mismo que abarca la instalaci\u00f3n futura de un circuito de video vigilancia municipal, ideal para el combate de la delincuencia. En esta ma\u00f1ana de colorido y risas, hubo m\u00fasica en vivo, danzas, exhibici\u00f3n de artes marciales, entrega de premios a tiernos ni\u00f1os que acudieron vestidos de polic\u00edas, militares y bomberos; exhibici\u00f3n de habilidades y destrezas bomberiles, presentaci\u00f3n de canes amaestrados entre otros, que fueron el deleite de los asistentes. Este evento se ejecut\u00f3 bajo el trabajo conjunto de la Gobernaci\u00f3n de Zamora Chinchipe, Jefatura Pol\u00edtica, Alcald\u00eda de El Pangui, Polic\u00eda Nacional, Cuerpo de Bomberos, Fuerzas Armadas, Comisar\u00eda Nacional de Polic\u00eda, Cruz Roja Ecuatoriana y con el apoyo de la Empresa EcuaCorriente (ECSA).<\/p>\n","protected":false},"author":1,"featured_media":25937,"comment_status":"closed","ping_status":"closed","sticky":false,"template":"","format":"standard","meta":{"footnotes":""},"categories":[243],"tags":[],"class_list":["post-25936","post","type-post","status-publish","format-standard","has-post-thumbnail","hentry","category-noticias-zamora"],"_links":{"self":[{"href":"https:\/\/www.elamazonico.com\/portal\/wp-json\/wp\/v2\/posts\/25936","targetHints":{"allow":["GET"]}}],"collection":[{"href":"https:\/\/www.elamazonico.com\/portal\/wp-json\/wp\/v2\/posts"}],"about":[{"href":"https:\/\/www.elamazonico.com\/portal\/wp-json\/wp\/v2\/types\/post"}],"author":[{"embeddable":true,"href":"https:\/\/www.elamazonico.com\/portal\/wp-json\/wp\/v2\/users\/1"}],"replies":[{"embeddable":true,"href":"https:\/\/www.elamazonico.com\/portal\/wp-json\/wp\/v2\/comments?post=25936"}],"version-history":[{"count":1,"href":"https:\/\/www.elamazonico.com\/portal\/wp-json\/wp\/v2\/posts\/25936\/revisions"}],"predecessor-version":[{"id":25938,"href":"https:\/\/www.elamazonico.com\/portal\/wp-json\/wp\/v2\/posts\/25936\/revisions\/25938"}],"wp:featuredmedia":[{"embeddable":true,"href":"https:\/\/www.elamazonico.com\/portal\/wp-json\/wp\/v2\/media\/25937"}],"wp:attachment":[{"href":"https:\/\/www.elamazonico.com\/portal\/wp-json\/wp\/v2\/media?parent=25936"}],"wp:term":[{"taxonomy":"category","embeddable":true,"href":"https:\/\/www.elamazonico.com\/portal\/wp-json\/wp\/v2\/categories?post=25936"},{"taxonomy":"post_tag","embeddable":true,"href":"https:\/\/www.elamazonico.com\/portal\/wp-json\/wp\/v2\/tags?post=25936"}],"curies":[{"name":"wp","href":"https:\/\/api.w.org\/{rel}","templated":true}]}}