{"id":25923,"date":"2025-08-27T21:39:27","date_gmt":"2025-08-28T02:39:27","guid":{"rendered":"https:\/\/www.elamazonico.com\/portal\/?p=25923"},"modified":"2025-08-27T21:39:27","modified_gmt":"2025-08-28T02:39:27","slug":"si-no-grito-nadie-me-escucha-el-reclamo-de-perjudicada-de-cooperativa-crea-en-comision-de-la-asamblea","status":"publish","type":"post","link":"https:\/\/www.elamazonico.com\/portal\/si-no-grito-nadie-me-escucha-el-reclamo-de-perjudicada-de-cooperativa-crea-en-comision-de-la-asamblea\/","title":{"rendered":"\u00abSi no grito, nadie me escucha\u00bb: el reclamo de perjudicada de cooperativa CREA en comisi\u00f3n de la Asamblea"},"content":{"rendered":"<p>Un grupo de perjudicados por la cooperativa CREA, que entr\u00f3 en proceso de liquidaci\u00f3n forzosa el 29 de julio de 2025, lleg\u00f3 a la Asamblea Nacional desde Cuenca para exigir que se les devuelva su dinero.<\/p>\n<p>Acudieron a la comparecencia de la superintendente de Econom\u00eda Popular y Solidaria, Christina Murillo Navarrete, a la Comisi\u00f3n de R\u00e9gimen Econ\u00f3mico, este mi\u00e9rcoles 27 de agosto de 2025.<\/p>\n<p>La funcionaria dio a conocer detalles t\u00e9cnicos sobre la situaci\u00f3n de la cooperativa y que desencadenaron\u00a0en la suspensi\u00f3n de actividades. Asegur\u00f3 que los directivos de la cooperativa CREA ya fueron denunciados en la Fiscal\u00eda.<\/p>\n<p>Murillo descarg\u00f3 algunas responsabilidades sobre la administraci\u00f3n anterior de la Superintendencia por supuestamente incumplir normativa, no verificar la informaci\u00f3n entregada por la cooperativa, y no contrastar valores y balances, que resultaron err\u00f3neos.<\/p>\n<p>Murillo tambi\u00e9n dio detalles sobre el n\u00famero de perjudicados y la planificaci\u00f3n por fases para hacer la devoluci\u00f3n de ahorros a los clientes con cuentas menores a USD 32.000.<\/p>\n<p>Inform\u00f3 que a 2.060 clientes, que sumaban un monto de USD 88,8 millones, se les empez\u00f3 a pagar y el proceso no ha terminado.<\/p>\n<p>Adelant\u00f3 que la segunda fase en la que interviene la Corporaci\u00f3n de Seguro de Dep\u00f3sito (Cosede) publicar\u00eda el mismo 27 de agosto un cronograma de pagos, que iniciar\u00edan el viernes 29 de agosto.<\/p>\n<p>En efecto, la tarde del mi\u00e9rcoles 27 de agosto, el Cosede public\u00f3, en redes sociales, el calendario con el que se busca devolver los dep\u00f3sitos a 72.730 socios, por un monto que suma USD 66 millones.<\/p>\n<p>Hay un grupo de 421 personas cuyos dep\u00f3sitos exceden los USD 32.000 que entrar\u00e1n en la fase de liquidaci\u00f3n. Es decir, se les devolver\u00e1 el monto base y el resto deber\u00e1n esperar, mientras se venden los activos de la entidad.<\/p>\n<p>Al ser consultada por el asamble\u00edsta de Acci\u00f3n Democr\u00e1tica Nacional (ADN), Adri\u00e1n Castro, cu\u00e1nto tiempo podr\u00eda tomar el proceso de devoluci\u00f3n, la superintendenta habl\u00f3 de hasta ocho meses.<\/p>\n<p><strong>Desesperaci\u00f3n en perjudicados<\/strong><br \/>\nEl tiempo proyectado por la titular de la Superintendencia de Econom\u00eda Popular y Solidaria no cay\u00f3 bien entre el grupo de personas que viaj\u00f3 desde Cuenca a Quito para escucharla.<\/p>\n<p>Peor a\u00fan cay\u00f3 la intenci\u00f3n de la presidenta de la comisi\u00f3n, Nathaly Farinango (ADN), de cerrar la sesi\u00f3n sin escuchar a los perjudicados que se movilizaron desde el Austro.<\/p>\n<p>Eso molest\u00f3 a Marcia Minchala, de 62 a\u00f1os, que reclam\u00f3 ser atendida por la superintendenta de Econom\u00eda Popular y Solidaria y por los propios miembros de la mesa legislativa.<\/p>\n<p>Andr\u00e9s Castillo, de ADN, intercedi\u00f3 para que sea escuchada y Blasco Luna, de Revoluci\u00f3n Ciudadana (RC), le cedi\u00f3 la silla para que participe en la reuni\u00f3n. \u00abSi no grito, nadie me escucha\u00bb, lament\u00f3 Minchala.<\/p>\n<p>En su breve intervenci\u00f3n cont\u00f3 que est\u00e1 a cargo de su madre de 96 a\u00f1os que se debate entre la vida y la muerte y ella mismo dijo padecer de una enfermedad.<\/p>\n<p>\u00abMi desesperaci\u00f3n se\u00f1ora de la Superintendencia es que usted dice que tenemos que esperar ocho meses \u00a1Ocho meses no puede esperar la vida de mi madre! \u00bfPor qu\u00e9 no han hecho una prelaci\u00f3n para que los enfermos podamos recuperar el dinero antes?\u00bb, se\u00f1al\u00f3.<\/p>\n<blockquote><p>\u00abNuestra plata no es fruto de la corrupci\u00f3n o del robo. Es nuestro trabajo. Hagan algo para que podamos recuperar nuestro dinero\u00bb Marcia Minchala, perjudicada por CREA<\/p><\/blockquote>\n<p>La Comisi\u00f3n de R\u00e9gimen Econ\u00f3mico anunci\u00f3 que la fiscalizaci\u00f3n sobre este caso seguir\u00e1 y ser\u00e1n convocados exdirectivos de la cooperativa CREA y autoridades de control. <strong>Fuente: Primicias.<\/strong><\/p>\n","protected":false},"excerpt":{"rendered":"<p>Un grupo de perjudicados por la cooperativa CREA, que entr\u00f3 en proceso de liquidaci\u00f3n forzosa el 29 de julio de 2025, lleg\u00f3 a la Asamblea Nacional desde Cuenca para exigir que se les devuelva su dinero. Acudieron a la comparecencia de la superintendente de Econom\u00eda Popular y Solidaria, Christina Murillo Navarrete, a la Comisi\u00f3n de R\u00e9gimen Econ\u00f3mico, este mi\u00e9rcoles 27 de agosto de 2025. La funcionaria dio a conocer detalles t\u00e9cnicos sobre la situaci\u00f3n de la cooperativa y que desencadenaron\u00a0en la suspensi\u00f3n de actividades. Asegur\u00f3 que los directivos de la cooperativa CREA ya fueron denunciados en la Fiscal\u00eda. Murillo descarg\u00f3 algunas responsabilidades sobre la administraci\u00f3n anterior de la Superintendencia por supuestamente incumplir normativa, no verificar la informaci\u00f3n entregada por la cooperativa, y no contrastar valores y balances, que resultaron err\u00f3neos. Murillo tambi\u00e9n dio detalles sobre el n\u00famero de perjudicados y la planificaci\u00f3n por fases para hacer la devoluci\u00f3n de ahorros a los clientes con cuentas menores a USD 32.000. Inform\u00f3 que a 2.060 clientes, que sumaban un monto de USD 88,8 millones, se les empez\u00f3 a pagar y el proceso no ha terminado. Adelant\u00f3 que la segunda fase en la que interviene la Corporaci\u00f3n de Seguro de Dep\u00f3sito (Cosede) publicar\u00eda el mismo 27 de agosto un cronograma de pagos, que iniciar\u00edan el viernes 29 de agosto. En efecto, la tarde del mi\u00e9rcoles 27 de agosto, el Cosede public\u00f3, en redes sociales, el calendario con el que se busca devolver los dep\u00f3sitos a 72.730 socios, por un monto que suma USD 66 millones. Hay un grupo de 421 personas cuyos dep\u00f3sitos exceden los USD 32.000 que entrar\u00e1n en la fase de liquidaci\u00f3n. Es decir, se les devolver\u00e1 el monto base y el resto deber\u00e1n esperar, mientras se venden los activos de la entidad. Al ser consultada por el asamble\u00edsta de Acci\u00f3n Democr\u00e1tica Nacional (ADN), Adri\u00e1n Castro, cu\u00e1nto tiempo podr\u00eda tomar el proceso de devoluci\u00f3n, la superintendenta habl\u00f3 de hasta ocho meses. Desesperaci\u00f3n en perjudicados El tiempo proyectado por la titular de la Superintendencia de Econom\u00eda Popular y Solidaria no cay\u00f3 bien entre el grupo de personas que viaj\u00f3 desde Cuenca a Quito para escucharla. Peor a\u00fan cay\u00f3 la intenci\u00f3n de la presidenta de la comisi\u00f3n, Nathaly Farinango (ADN), de cerrar la sesi\u00f3n sin escuchar a los perjudicados que se movilizaron desde el Austro. Eso molest\u00f3 a Marcia Minchala, de 62 a\u00f1os, que reclam\u00f3 ser atendida por la superintendenta de Econom\u00eda Popular y Solidaria y por los propios miembros de la mesa legislativa. Andr\u00e9s Castillo, de ADN, intercedi\u00f3 para que sea escuchada y Blasco Luna, de Revoluci\u00f3n Ciudadana (RC), le cedi\u00f3 la silla para que participe en la reuni\u00f3n. \u00abSi no grito, nadie me escucha\u00bb, lament\u00f3 Minchala. En su breve intervenci\u00f3n cont\u00f3 que est\u00e1 a cargo de su madre de 96 a\u00f1os que se debate entre la vida y la muerte y ella mismo dijo padecer de una enfermedad. \u00abMi desesperaci\u00f3n se\u00f1ora de la Superintendencia es que usted dice que tenemos que esperar ocho meses \u00a1Ocho meses no puede esperar la vida de mi madre! \u00bfPor qu\u00e9 no han hecho una prelaci\u00f3n para que los enfermos podamos recuperar el dinero antes?\u00bb, se\u00f1al\u00f3. \u00abNuestra plata no es fruto de la corrupci\u00f3n o del robo. Es nuestro trabajo. Hagan algo para que podamos recuperar nuestro dinero\u00bb Marcia Minchala, perjudicada por CREA La Comisi\u00f3n de R\u00e9gimen Econ\u00f3mico anunci\u00f3 que la fiscalizaci\u00f3n sobre este caso seguir\u00e1 y ser\u00e1n convocados exdirectivos de la cooperativa CREA y autoridades de control. Fuente: Primicias.<\/p>\n","protected":false},"author":1,"featured_media":25924,"comment_status":"closed","ping_status":"closed","sticky":false,"template":"","format":"standard","meta":{"footnotes":""},"categories":[268],"tags":[],"class_list":["post-25923","post","type-post","status-publish","format-standard","has-post-thumbnail","hentry","category-nacionales"],"_links":{"self":[{"href":"https:\/\/www.elamazonico.com\/portal\/wp-json\/wp\/v2\/posts\/25923","targetHints":{"allow":["GET"]}}],"collection":[{"href":"https:\/\/www.elamazonico.com\/portal\/wp-json\/wp\/v2\/posts"}],"about":[{"href":"https:\/\/www.elamazonico.com\/portal\/wp-json\/wp\/v2\/types\/post"}],"author":[{"embeddable":true,"href":"https:\/\/www.elamazonico.com\/portal\/wp-json\/wp\/v2\/users\/1"}],"replies":[{"embeddable":true,"href":"https:\/\/www.elamazonico.com\/portal\/wp-json\/wp\/v2\/comments?post=25923"}],"version-history":[{"count":1,"href":"https:\/\/www.elamazonico.com\/portal\/wp-json\/wp\/v2\/posts\/25923\/revisions"}],"predecessor-version":[{"id":25925,"href":"https:\/\/www.elamazonico.com\/portal\/wp-json\/wp\/v2\/posts\/25923\/revisions\/25925"}],"wp:featuredmedia":[{"embeddable":true,"href":"https:\/\/www.elamazonico.com\/portal\/wp-json\/wp\/v2\/media\/25924"}],"wp:attachment":[{"href":"https:\/\/www.elamazonico.com\/portal\/wp-json\/wp\/v2\/media?parent=25923"}],"wp:term":[{"taxonomy":"category","embeddable":true,"href":"https:\/\/www.elamazonico.com\/portal\/wp-json\/wp\/v2\/categories?post=25923"},{"taxonomy":"post_tag","embeddable":true,"href":"https:\/\/www.elamazonico.com\/portal\/wp-json\/wp\/v2\/tags?post=25923"}],"curies":[{"name":"wp","href":"https:\/\/api.w.org\/{rel}","templated":true}]}}