{"id":25908,"date":"2025-08-27T19:39:54","date_gmt":"2025-08-28T00:39:54","guid":{"rendered":"https:\/\/www.elamazonico.com\/portal\/?p=25908"},"modified":"2025-08-27T19:39:54","modified_gmt":"2025-08-28T00:39:54","slug":"gobierno-nacional-implementa-plan-retorno-seguro-para-el-inicio-a-clases-sierra-amazonia","status":"publish","type":"post","link":"https:\/\/www.elamazonico.com\/portal\/gobierno-nacional-implementa-plan-retorno-seguro-para-el-inicio-a-clases-sierra-amazonia\/","title":{"rendered":"Gobierno Nacional implementa Plan Retorno Seguro para el Inicio a Clases Sierra \u2013 Amazon\u00eda"},"content":{"rendered":"<p>Este 1 de septiembre, m\u00e1s de <strong>1.7 millones de estudiantes<\/strong> y <strong>99 mil docentes<\/strong> regresan a las aulas en m\u00e1s de <strong>6 mil instituciones educativas<\/strong> del r\u00e9gimen Sierra-Amazon\u00eda, dando inicio al a\u00f1o lectivo 2025-2026.<\/p>\n<p>El Ministerio de Educaci\u00f3n, Deporte y Cultura, en coordinaci\u00f3n con el Ministerio de Gobierno, el Ministerio del Interior, Polic\u00eda Nacional y Servicio Integrado de Seguridad ECU 9-1-1, ha implementado un plan de seguridad integral para garantizar entornos educativos seguros y protegidos.<\/p>\n<p>Para un retorno seguro y con el objetivo de fortalecer la seguridad en el entorno escolar, distintas instituciones del Estado ejecutan acciones coordinadas:<\/p>\n<p><strong>Ministerio de Gobierno:<\/strong> a trav\u00e9s de las Intendencias provinciales, lidera operativos de control y prevenci\u00f3n en zonas aleda\u00f1as a los planteles educativos.<\/p>\n<p>El <strong>Ministerio del Interior y Polic\u00eda Nacional:<\/strong> con el despliegue de 11.442 servidores policiales, se ha intensificado la presencia de uniformados en el per\u00edmetro de 4.765 instituciones educativas, con el objetivo de garantizar entornos seguros. Adem\u00e1s, se brinda resguardo en 136 centros educativos priorizados, ubicados en las provincias de Pichincha, Imbabura, Tungurahua, Napo, Sucumb\u00edos, Orellana, Zamora Chinchipe, Loja, Morona Santiago, Pastaza, Cotopaxi, Bol\u00edvar, Chimborazo, Carchi, Azuay y Ca\u00f1ar.<\/p>\n<p>Para fortalecer estas acciones se han destinado 986 patrulleros, 1.345 motocicletas, unidades m\u00f3viles de atenci\u00f3n ciudadana, 2.954 radios, 3.728 vallas y 1.540 conos, garantizando as\u00ed una vigilancia y control eficaz en los entornos escolares.<\/p>\n<p><strong>Por su parte, el ECU 9-1-1<\/strong>, en conjunto con el Ministerio de Educaci\u00f3n, implementaron el bot\u00f3n de emergencia \u201cResponde Educ\u201d, disponible en la aplicaci\u00f3n m\u00f3vil gratuita ECU 9-1-1. Esta herramienta, habilitada para m\u00e1s de 16 mil instituciones educativas a nivel nacional, permite reportar emergencias espec\u00edficas de manera inmediata y eficaz.<\/p>\n<p>Adem\u00e1s, m\u00e1s de 7 mil autoridades, docentes y personal escolar reciben capacitaci\u00f3n para usar correctamente esta funci\u00f3n y comprender la importancia de emplear de forma responsable la l\u00ednea \u00fanica de emergencias 9-1-1.<\/p>\n<p>Durante el inicio del a\u00f1o escolar y a lo largo de todo el a\u00f1o lectivo, el ECU 9-1-1 trabajar\u00e1 con m\u00e1s de 3.100 servidores, en sus 18 centros operativos en todo el pa\u00eds, para el monitoreo permanente de las entidades educativas y sus alrededores desde el sistema de videovigilancia, y en la atenci\u00f3n 24\/7 de cualquier tipo de alerta; brindando respuesta oportuna.<strong>\u00a0<\/strong><\/p>\n<p><strong>Cronograma de Retorno Escalonado<\/strong><\/p>\n<p>El regreso a clases ser\u00e1 de manera escalonada, seg\u00fan el siguiente calendario:<\/p>\n<ul>\n<li>1 de septiembre: Bachillerato e Inicial.<\/li>\n<li>2 de septiembre: Educaci\u00f3n General B\u00e1sica Superior y Preparatoria.<\/li>\n<li>3 de septiembre: B\u00e1sica Media y Elemental.<strong>\u00a0<\/strong><\/li>\n<\/ul>\n<p><strong>Este a\u00f1o lectivo 2025-2026 implementaremos en el curr\u00edculo acad\u00e9mico del r\u00e9gimen Sierra-Amazon\u00eda la inserci\u00f3n denominada: <em>\u201cEducaci\u00f3n para la Seguridad<\/em><\/strong><em>\u201d,<\/em> dise\u00f1ada para apoyar en la prevenci\u00f3n de todo tipo de violencia, formando a los estudiantes en competencias sociales, \u00e9ticas y ciudadanas y creando ambientes de aprendizaje seguros, inclusivos y protectores, con un enfoque integral y basado en derechos, ya que la educaci\u00f3n previene riesgos, fortalece la convivencia pac\u00edfica y garantiza el bienestar y la permanencia estudiantil.<\/p>\n<p>El Gobierno Nacional reafirma su compromiso con una educaci\u00f3n de calidad, segura e inclusiva, deseando a toda la comunidad educativa un a\u00f1o lleno de aprendizajes y \u00e9xitos.<\/p>\n","protected":false},"excerpt":{"rendered":"<p>Este 1 de septiembre, m\u00e1s de 1.7 millones de estudiantes y 99 mil docentes regresan a las aulas en m\u00e1s de 6 mil instituciones educativas del r\u00e9gimen Sierra-Amazon\u00eda, dando inicio al a\u00f1o lectivo 2025-2026. El Ministerio de Educaci\u00f3n, Deporte y Cultura, en coordinaci\u00f3n con el Ministerio de Gobierno, el Ministerio del Interior, Polic\u00eda Nacional y Servicio Integrado de Seguridad ECU 9-1-1, ha implementado un plan de seguridad integral para garantizar entornos educativos seguros y protegidos. Para un retorno seguro y con el objetivo de fortalecer la seguridad en el entorno escolar, distintas instituciones del Estado ejecutan acciones coordinadas: Ministerio de Gobierno: a trav\u00e9s de las Intendencias provinciales, lidera operativos de control y prevenci\u00f3n en zonas aleda\u00f1as a los planteles educativos. El Ministerio del Interior y Polic\u00eda Nacional: con el despliegue de 11.442 servidores policiales, se ha intensificado la presencia de uniformados en el per\u00edmetro de 4.765 instituciones educativas, con el objetivo de garantizar entornos seguros. Adem\u00e1s, se brinda resguardo en 136 centros educativos priorizados, ubicados en las provincias de Pichincha, Imbabura, Tungurahua, Napo, Sucumb\u00edos, Orellana, Zamora Chinchipe, Loja, Morona Santiago, Pastaza, Cotopaxi, Bol\u00edvar, Chimborazo, Carchi, Azuay y Ca\u00f1ar. Para fortalecer estas acciones se han destinado 986 patrulleros, 1.345 motocicletas, unidades m\u00f3viles de atenci\u00f3n ciudadana, 2.954 radios, 3.728 vallas y 1.540 conos, garantizando as\u00ed una vigilancia y control eficaz en los entornos escolares. Por su parte, el ECU 9-1-1, en conjunto con el Ministerio de Educaci\u00f3n, implementaron el bot\u00f3n de emergencia \u201cResponde Educ\u201d, disponible en la aplicaci\u00f3n m\u00f3vil gratuita ECU 9-1-1. Esta herramienta, habilitada para m\u00e1s de 16 mil instituciones educativas a nivel nacional, permite reportar emergencias espec\u00edficas de manera inmediata y eficaz. Adem\u00e1s, m\u00e1s de 7 mil autoridades, docentes y personal escolar reciben capacitaci\u00f3n para usar correctamente esta funci\u00f3n y comprender la importancia de emplear de forma responsable la l\u00ednea \u00fanica de emergencias 9-1-1. Durante el inicio del a\u00f1o escolar y a lo largo de todo el a\u00f1o lectivo, el ECU 9-1-1 trabajar\u00e1 con m\u00e1s de 3.100 servidores, en sus 18 centros operativos en todo el pa\u00eds, para el monitoreo permanente de las entidades educativas y sus alrededores desde el sistema de videovigilancia, y en la atenci\u00f3n 24\/7 de cualquier tipo de alerta; brindando respuesta oportuna.\u00a0 Cronograma de Retorno Escalonado El regreso a clases ser\u00e1 de manera escalonada, seg\u00fan el siguiente calendario: 1 de septiembre: Bachillerato e Inicial. 2 de septiembre: Educaci\u00f3n General B\u00e1sica Superior y Preparatoria. 3 de septiembre: B\u00e1sica Media y Elemental.\u00a0 Este a\u00f1o lectivo 2025-2026 implementaremos en el curr\u00edculo acad\u00e9mico del r\u00e9gimen Sierra-Amazon\u00eda la inserci\u00f3n denominada: \u201cEducaci\u00f3n para la Seguridad\u201d, dise\u00f1ada para apoyar en la prevenci\u00f3n de todo tipo de violencia, formando a los estudiantes en competencias sociales, \u00e9ticas y ciudadanas y creando ambientes de aprendizaje seguros, inclusivos y protectores, con un enfoque integral y basado en derechos, ya que la educaci\u00f3n previene riesgos, fortalece la convivencia pac\u00edfica y garantiza el bienestar y la permanencia estudiantil. El Gobierno Nacional reafirma su compromiso con una educaci\u00f3n de calidad, segura e inclusiva, deseando a toda la comunidad educativa un a\u00f1o lleno de aprendizajes y \u00e9xitos.<\/p>\n","protected":false},"author":1,"featured_media":25909,"comment_status":"closed","ping_status":"closed","sticky":false,"template":"","format":"standard","meta":{"footnotes":""},"categories":[268],"tags":[],"class_list":["post-25908","post","type-post","status-publish","format-standard","has-post-thumbnail","hentry","category-nacionales"],"_links":{"self":[{"href":"https:\/\/www.elamazonico.com\/portal\/wp-json\/wp\/v2\/posts\/25908","targetHints":{"allow":["GET"]}}],"collection":[{"href":"https:\/\/www.elamazonico.com\/portal\/wp-json\/wp\/v2\/posts"}],"about":[{"href":"https:\/\/www.elamazonico.com\/portal\/wp-json\/wp\/v2\/types\/post"}],"author":[{"embeddable":true,"href":"https:\/\/www.elamazonico.com\/portal\/wp-json\/wp\/v2\/users\/1"}],"replies":[{"embeddable":true,"href":"https:\/\/www.elamazonico.com\/portal\/wp-json\/wp\/v2\/comments?post=25908"}],"version-history":[{"count":1,"href":"https:\/\/www.elamazonico.com\/portal\/wp-json\/wp\/v2\/posts\/25908\/revisions"}],"predecessor-version":[{"id":25910,"href":"https:\/\/www.elamazonico.com\/portal\/wp-json\/wp\/v2\/posts\/25908\/revisions\/25910"}],"wp:featuredmedia":[{"embeddable":true,"href":"https:\/\/www.elamazonico.com\/portal\/wp-json\/wp\/v2\/media\/25909"}],"wp:attachment":[{"href":"https:\/\/www.elamazonico.com\/portal\/wp-json\/wp\/v2\/media?parent=25908"}],"wp:term":[{"taxonomy":"category","embeddable":true,"href":"https:\/\/www.elamazonico.com\/portal\/wp-json\/wp\/v2\/categories?post=25908"},{"taxonomy":"post_tag","embeddable":true,"href":"https:\/\/www.elamazonico.com\/portal\/wp-json\/wp\/v2\/tags?post=25908"}],"curies":[{"name":"wp","href":"https:\/\/api.w.org\/{rel}","templated":true}]}}