{"id":25900,"date":"2025-08-27T15:08:29","date_gmt":"2025-08-27T20:08:29","guid":{"rendered":"https:\/\/www.elamazonico.com\/portal\/?p=25900"},"modified":"2025-08-27T15:08:29","modified_gmt":"2025-08-27T20:08:29","slug":"dialogo-academico-internacional-analiza-los-desafios-del-pluralismo-juridico-en-el-contexto-ecuatoriano","status":"publish","type":"post","link":"https:\/\/www.elamazonico.com\/portal\/dialogo-academico-internacional-analiza-los-desafios-del-pluralismo-juridico-en-el-contexto-ecuatoriano\/","title":{"rendered":"Di\u00e1logo acad\u00e9mico internacional analiza los desaf\u00edos del pluralismo jur\u00eddico en el contexto ecuatoriano"},"content":{"rendered":"<p>La Defensor\u00eda P\u00fablica del Ecuador, realiz\u00f3 el \u201cPrimer Congreso Internacional sobre los Avances del Pluralismo Jur\u00eddico en la Regi\u00f3n y los Desaf\u00edos en el Ecuador\u201d. Este encuentro acad\u00e9mico, abri\u00f3 un espacio de di\u00e1logo cr\u00edtico, interdisciplinario y profundamente humano sobre la coexistencia de sistemas jur\u00eddicos diversos en nuestros territorios.<\/p>\n<p>El Defensor P\u00fablico General, Dr. Ricardo Morales al intervenir en el acto inaugural, dijo que la Defensor\u00eda P\u00fablica del Ecuador, ejecuta pol\u00edticas que\u00a0 garantizan el acceso equitativo a la justicia de las Comunidades, Pueblos y Nacionalidades; esto incluye asesor\u00eda, asistencia legal y patrocinio sin discriminaci\u00f3n, con atenci\u00f3n eficiente y eficaz.<\/p>\n<p>El evento cont\u00f3 con la participaci\u00f3n de expertos de: Ecuador. Colombia, Paraguay y Per\u00fa, quienes hablaron de las experiencias de cada pa\u00eds en torno al pluralismo jur\u00eddico, entendido como el reconocimiento de m\u00faltiples sistemas normativos que coexisten dentro de un mismo Estado.<\/p>\n<p>El Primer Congreso Internacional sobre los Avances del Pluralismo Jur\u00eddico en la Regi\u00f3n y los Desaf\u00edos en el Ecuador, conto con la presencia de varias autoridades nacionales y estuvo dirigido a representantes de instituciones p\u00fablicas, academia, organizaciones de nacionalidades y pueblos y al p\u00fablico en general, quienes participaron en forma presencial y a trav\u00e9s de redes sociales.<\/p>\n<p>Este congreso sirvi\u00f3 para intercambiar ideas entre saberes y conocimientos jur\u00eddicos para la construcci\u00f3n de puentes entre la justicia ordinaria y la justicia ind\u00edgena, con la orientaci\u00f3n desde la academia y la validaci\u00f3n desde el territorio, para el fortalecimiento de una justicia intercultural que no sea solo decorativa, sino transformadora.<\/p>\n","protected":false},"excerpt":{"rendered":"<p>La Defensor\u00eda P\u00fablica del Ecuador, realiz\u00f3 el \u201cPrimer Congreso Internacional sobre los Avances del Pluralismo Jur\u00eddico en la Regi\u00f3n y los Desaf\u00edos en el Ecuador\u201d. Este encuentro acad\u00e9mico, abri\u00f3 un espacio de di\u00e1logo cr\u00edtico, interdisciplinario y profundamente humano sobre la coexistencia de sistemas jur\u00eddicos diversos en nuestros territorios. El Defensor P\u00fablico General, Dr. Ricardo Morales al intervenir en el acto inaugural, dijo que la Defensor\u00eda P\u00fablica del Ecuador, ejecuta pol\u00edticas que\u00a0 garantizan el acceso equitativo a la justicia de las Comunidades, Pueblos y Nacionalidades; esto incluye asesor\u00eda, asistencia legal y patrocinio sin discriminaci\u00f3n, con atenci\u00f3n eficiente y eficaz. El evento cont\u00f3 con la participaci\u00f3n de expertos de: Ecuador. Colombia, Paraguay y Per\u00fa, quienes hablaron de las experiencias de cada pa\u00eds en torno al pluralismo jur\u00eddico, entendido como el reconocimiento de m\u00faltiples sistemas normativos que coexisten dentro de un mismo Estado. El Primer Congreso Internacional sobre los Avances del Pluralismo Jur\u00eddico en la Regi\u00f3n y los Desaf\u00edos en el Ecuador, conto con la presencia de varias autoridades nacionales y estuvo dirigido a representantes de instituciones p\u00fablicas, academia, organizaciones de nacionalidades y pueblos y al p\u00fablico en general, quienes participaron en forma presencial y a trav\u00e9s de redes sociales. Este congreso sirvi\u00f3 para intercambiar ideas entre saberes y conocimientos jur\u00eddicos para la construcci\u00f3n de puentes entre la justicia ordinaria y la justicia ind\u00edgena, con la orientaci\u00f3n desde la academia y la validaci\u00f3n desde el territorio, para el fortalecimiento de una justicia intercultural que no sea solo decorativa, sino transformadora.<\/p>\n","protected":false},"author":1,"featured_media":25901,"comment_status":"closed","ping_status":"closed","sticky":false,"template":"","format":"standard","meta":{"footnotes":""},"categories":[268,284],"tags":[],"class_list":["post-25900","post","type-post","status-publish","format-standard","has-post-thumbnail","hentry","category-nacionales","category-noticias-loja"],"_links":{"self":[{"href":"https:\/\/www.elamazonico.com\/portal\/wp-json\/wp\/v2\/posts\/25900","targetHints":{"allow":["GET"]}}],"collection":[{"href":"https:\/\/www.elamazonico.com\/portal\/wp-json\/wp\/v2\/posts"}],"about":[{"href":"https:\/\/www.elamazonico.com\/portal\/wp-json\/wp\/v2\/types\/post"}],"author":[{"embeddable":true,"href":"https:\/\/www.elamazonico.com\/portal\/wp-json\/wp\/v2\/users\/1"}],"replies":[{"embeddable":true,"href":"https:\/\/www.elamazonico.com\/portal\/wp-json\/wp\/v2\/comments?post=25900"}],"version-history":[{"count":1,"href":"https:\/\/www.elamazonico.com\/portal\/wp-json\/wp\/v2\/posts\/25900\/revisions"}],"predecessor-version":[{"id":25902,"href":"https:\/\/www.elamazonico.com\/portal\/wp-json\/wp\/v2\/posts\/25900\/revisions\/25902"}],"wp:featuredmedia":[{"embeddable":true,"href":"https:\/\/www.elamazonico.com\/portal\/wp-json\/wp\/v2\/media\/25901"}],"wp:attachment":[{"href":"https:\/\/www.elamazonico.com\/portal\/wp-json\/wp\/v2\/media?parent=25900"}],"wp:term":[{"taxonomy":"category","embeddable":true,"href":"https:\/\/www.elamazonico.com\/portal\/wp-json\/wp\/v2\/categories?post=25900"},{"taxonomy":"post_tag","embeddable":true,"href":"https:\/\/www.elamazonico.com\/portal\/wp-json\/wp\/v2\/tags?post=25900"}],"curies":[{"name":"wp","href":"https:\/\/api.w.org\/{rel}","templated":true}]}}