{"id":25893,"date":"2025-08-27T04:55:13","date_gmt":"2025-08-27T09:55:13","guid":{"rendered":"https:\/\/www.elamazonico.com\/portal\/?p=25893"},"modified":"2025-08-26T18:30:31","modified_gmt":"2025-08-26T23:30:31","slug":"periodistas-de-zamora-chinchipe-profundizan-en-el-genero-de-la-entrevista-con-wilson-moposita","status":"publish","type":"post","link":"https:\/\/www.elamazonico.com\/portal\/periodistas-de-zamora-chinchipe-profundizan-en-el-genero-de-la-entrevista-con-wilson-moposita\/","title":{"rendered":"Periodistas de Zamora Chinchipe profundizan en el g\u00e9nero de la entrevista con Wilson Moposita"},"content":{"rendered":"<p data-start=\"303\" data-end=\"801\">El <strong data-start=\"349\" data-end=\"395\">Colegio de Periodistas de Zamora Chinchipe<\/strong> desarroll\u00f3 una jornada de formaci\u00f3n profesional orientada a fortalecer las competencias comunicacionales de sus miembros, mediante la capacitaci\u00f3n impartida por el reconocido periodista ecuatoriano <strong data-start=\"594\" data-end=\"620\">Wilson Moposita Garc\u00e9s<\/strong>. El encuentro, realizado en el cant\u00f3n Yantzaza, permiti\u00f3 analizar de manera cr\u00edtica la evoluci\u00f3n del g\u00e9nero de la entrevista y su vigencia en el contexto medi\u00e1tico contempor\u00e1neo.<\/p>\n<p data-start=\"803\" data-end=\"1284\">Durante la jornada, los participantes reflexionaron en torno al ejercicio \u00e9tico de la comunicaci\u00f3n y la necesidad de mantener una pr\u00e1ctica period\u00edstica sustentada en el rigor, la preparaci\u00f3n y el compromiso social. En este marco, el presidente del Colegio, <strong data-start=\"1060\" data-end=\"1074\">Paul Ortiz<\/strong>, destac\u00f3 que la actualizaci\u00f3n constante del conocimiento constituye un pilar fundamental de la profesi\u00f3n. <em data-start=\"1181\" data-end=\"1273\">\u201cLa capacitaci\u00f3n es clave para mantenernos vigentes y responder a los desaf\u00edos del oficio\u201d<\/em>, afirm\u00f3.<\/p>\n<p data-start=\"1286\" data-end=\"1651\">El evento cont\u00f3 con el auspicio de la empresa minera <strong data-start=\"1339\" data-end=\"1347\">ECSA<\/strong>, a trav\u00e9s de su representante en el \u00e1rea de comunicaci\u00f3n, <strong data-start=\"1406\" data-end=\"1420\">Hugo Jumbo<\/strong>, quien resalt\u00f3 el rol de la comunicaci\u00f3n en los procesos de desarrollo local. <em data-start=\"1499\" data-end=\"1640\">\u201cNo es la primera vez que apoyamos este tipo de espacios. Creemos que la comunicaci\u00f3n es un eje fundamental para el desarrollo comunitario\u201d<\/em>, se\u00f1al\u00f3.<\/p>\n<p data-start=\"1653\" data-end=\"2047\">En su exposici\u00f3n, <strong data-start=\"1671\" data-end=\"1697\">Wilson Moposita Garc\u00e9s<\/strong> comparti\u00f3 aspectos relevantes de su trayectoria y ofreci\u00f3 una lectura cr\u00edtica sobre la entrevista period\u00edstica como herramienta de interpretaci\u00f3n social y di\u00e1logo p\u00fablico. <em data-start=\"1870\" data-end=\"2020\">\u201cVolver a esta provincia despu\u00e9s de 20 a\u00f1os y encontrarla en expansi\u00f3n es un privilegio. Qu\u00e9 mejor que hacerlo en un espacio de di\u00e1logo y formaci\u00f3n\u201d<\/em>, expres\u00f3 el capacitador.<\/p>\n<p data-start=\"2049\" data-end=\"2601\">Wilson Oswaldo Moposita Garc\u00e9s es periodista profesional graduado en la <strong data-start=\"2154\" data-end=\"2189\">Universidad Central del Ecuador<\/strong>, con m\u00e1s de tres d\u00e9cadas de experiencia en medios nacionales e internacionales. Ha sido corresponsal de la <strong data-start=\"2297\" data-end=\"2315\">BBC de Londres<\/strong> y <strong data-start=\"2318\" data-end=\"2338\">Caracol Colombia<\/strong>, y en el pa\u00eds ha dirigido noticieros en <strong data-start=\"2379\" data-end=\"2393\">Gamavisi\u00f3n<\/strong> y <strong data-start=\"2396\" data-end=\"2414\">Radio Sonorama<\/strong>, as\u00ed como espacios de entrevistas en <strong data-start=\"2452\" data-end=\"2465\">Canal Uno<\/strong> y <strong data-start=\"2468\" data-end=\"2479\">NotiHoy<\/strong>. Actualmente se desempe\u00f1a como entrevistador principal en <strong data-start=\"2538\" data-end=\"2558\">Contigo Noticias<\/strong>, de <strong data-start=\"2563\" data-end=\"2589\">Contigo Radio 104.9 FM<\/strong> en Quito.<\/p>\n<p data-start=\"2603\" data-end=\"2867\">Su trayectoria ha sido reconocida con importantes distinciones, entre ellas la <strong data-start=\"2682\" data-end=\"2717\">Gran Cruz al M\u00e9rito \u201cAtahualpa\u201d<\/strong> (1999), el <strong data-start=\"2729\" data-end=\"2771\">Premio Nacional de Periodismo en Radio<\/strong> (2005) y el reconocimiento al <strong data-start=\"2802\" data-end=\"2857\">Mejor Entrevistador de la Radiodifusi\u00f3n Ecuatoriana<\/strong> (2013).<\/p>\n<blockquote>\n<p data-start=\"2869\" data-end=\"3172\">Al cierre de la capacitaci\u00f3n, el presidente <strong data-start=\"2916\" data-end=\"2930\">Paul Ortiz<\/strong> exhort\u00f3 a los j\u00f3venes comunicadores a integrarse al Colegio y participar activamente en el fortalecimiento del gremio. <em data-start=\"3050\" data-end=\"3159\">\u201cNecesitamos periodistas preparados, comprometidos y unidos para enfrentar los retos del presente y futuro\u201d<\/em>, concluy\u00f3.<\/p>\n<\/blockquote>\n","protected":false},"excerpt":{"rendered":"<p>El Colegio de Periodistas de Zamora Chinchipe desarroll\u00f3 una jornada de formaci\u00f3n profesional orientada a fortalecer las competencias comunicacionales de sus miembros, mediante la capacitaci\u00f3n impartida por el reconocido periodista ecuatoriano Wilson Moposita Garc\u00e9s. El encuentro, realizado en el cant\u00f3n Yantzaza, permiti\u00f3 analizar de manera cr\u00edtica la evoluci\u00f3n del g\u00e9nero de la entrevista y su vigencia en el contexto medi\u00e1tico contempor\u00e1neo. Durante la jornada, los participantes reflexionaron en torno al ejercicio \u00e9tico de la comunicaci\u00f3n y la necesidad de mantener una pr\u00e1ctica period\u00edstica sustentada en el rigor, la preparaci\u00f3n y el compromiso social. En este marco, el presidente del Colegio, Paul Ortiz, destac\u00f3 que la actualizaci\u00f3n constante del conocimiento constituye un pilar fundamental de la profesi\u00f3n. \u201cLa capacitaci\u00f3n es clave para mantenernos vigentes y responder a los desaf\u00edos del oficio\u201d, afirm\u00f3. El evento cont\u00f3 con el auspicio de la empresa minera ECSA, a trav\u00e9s de su representante en el \u00e1rea de comunicaci\u00f3n, Hugo Jumbo, quien resalt\u00f3 el rol de la comunicaci\u00f3n en los procesos de desarrollo local. \u201cNo es la primera vez que apoyamos este tipo de espacios. Creemos que la comunicaci\u00f3n es un eje fundamental para el desarrollo comunitario\u201d, se\u00f1al\u00f3. En su exposici\u00f3n, Wilson Moposita Garc\u00e9s comparti\u00f3 aspectos relevantes de su trayectoria y ofreci\u00f3 una lectura cr\u00edtica sobre la entrevista period\u00edstica como herramienta de interpretaci\u00f3n social y di\u00e1logo p\u00fablico. \u201cVolver a esta provincia despu\u00e9s de 20 a\u00f1os y encontrarla en expansi\u00f3n es un privilegio. Qu\u00e9 mejor que hacerlo en un espacio de di\u00e1logo y formaci\u00f3n\u201d, expres\u00f3 el capacitador. Wilson Oswaldo Moposita Garc\u00e9s es periodista profesional graduado en la Universidad Central del Ecuador, con m\u00e1s de tres d\u00e9cadas de experiencia en medios nacionales e internacionales. Ha sido corresponsal de la BBC de Londres y Caracol Colombia, y en el pa\u00eds ha dirigido noticieros en Gamavisi\u00f3n y Radio Sonorama, as\u00ed como espacios de entrevistas en Canal Uno y NotiHoy. Actualmente se desempe\u00f1a como entrevistador principal en Contigo Noticias, de Contigo Radio 104.9 FM en Quito. Su trayectoria ha sido reconocida con importantes distinciones, entre ellas la Gran Cruz al M\u00e9rito \u201cAtahualpa\u201d (1999), el Premio Nacional de Periodismo en Radio (2005) y el reconocimiento al Mejor Entrevistador de la Radiodifusi\u00f3n Ecuatoriana (2013). Al cierre de la capacitaci\u00f3n, el presidente Paul Ortiz exhort\u00f3 a los j\u00f3venes comunicadores a integrarse al Colegio y participar activamente en el fortalecimiento del gremio. \u201cNecesitamos periodistas preparados, comprometidos y unidos para enfrentar los retos del presente y futuro\u201d, concluy\u00f3.<\/p>\n","protected":false},"author":1,"featured_media":25894,"comment_status":"closed","ping_status":"closed","sticky":false,"template":"","format":"standard","meta":{"footnotes":""},"categories":[243],"tags":[],"class_list":["post-25893","post","type-post","status-publish","format-standard","has-post-thumbnail","hentry","category-noticias-zamora"],"_links":{"self":[{"href":"https:\/\/www.elamazonico.com\/portal\/wp-json\/wp\/v2\/posts\/25893","targetHints":{"allow":["GET"]}}],"collection":[{"href":"https:\/\/www.elamazonico.com\/portal\/wp-json\/wp\/v2\/posts"}],"about":[{"href":"https:\/\/www.elamazonico.com\/portal\/wp-json\/wp\/v2\/types\/post"}],"author":[{"embeddable":true,"href":"https:\/\/www.elamazonico.com\/portal\/wp-json\/wp\/v2\/users\/1"}],"replies":[{"embeddable":true,"href":"https:\/\/www.elamazonico.com\/portal\/wp-json\/wp\/v2\/comments?post=25893"}],"version-history":[{"count":1,"href":"https:\/\/www.elamazonico.com\/portal\/wp-json\/wp\/v2\/posts\/25893\/revisions"}],"predecessor-version":[{"id":25895,"href":"https:\/\/www.elamazonico.com\/portal\/wp-json\/wp\/v2\/posts\/25893\/revisions\/25895"}],"wp:featuredmedia":[{"embeddable":true,"href":"https:\/\/www.elamazonico.com\/portal\/wp-json\/wp\/v2\/media\/25894"}],"wp:attachment":[{"href":"https:\/\/www.elamazonico.com\/portal\/wp-json\/wp\/v2\/media?parent=25893"}],"wp:term":[{"taxonomy":"category","embeddable":true,"href":"https:\/\/www.elamazonico.com\/portal\/wp-json\/wp\/v2\/categories?post=25893"},{"taxonomy":"post_tag","embeddable":true,"href":"https:\/\/www.elamazonico.com\/portal\/wp-json\/wp\/v2\/tags?post=25893"}],"curies":[{"name":"wp","href":"https:\/\/api.w.org\/{rel}","templated":true}]}}