{"id":25890,"date":"2025-08-26T18:09:46","date_gmt":"2025-08-26T23:09:46","guid":{"rendered":"https:\/\/www.elamazonico.com\/portal\/?p=25890"},"modified":"2025-08-26T18:09:46","modified_gmt":"2025-08-26T23:09:46","slug":"alcalde-de-zamora-presenta-proyecto-estrategico-a-la-vicepresidenta-del-ecuador","status":"publish","type":"post","link":"https:\/\/www.elamazonico.com\/portal\/alcalde-de-zamora-presenta-proyecto-estrategico-a-la-vicepresidenta-del-ecuador\/","title":{"rendered":"Alcalde de Zamora presenta proyecto estrat\u00e9gico a la Vicepresidenta del Ecuador"},"content":{"rendered":"<p data-start=\"212\" data-end=\"488\">En un marco de di\u00e1logo institucional y de cooperaci\u00f3n intergubernamental, el alcalde del cant\u00f3n Zamora, <strong data-start=\"350\" data-end=\"369\">Manuel Gonz\u00e1lez<\/strong>, sostuvo una reuni\u00f3n con la <strong data-start=\"398\" data-end=\"462\">vicepresidenta de la Rep\u00fablica del Ecuador, Mar\u00eda Jos\u00e9 Pinto<\/strong>, en la ciudad de Quito.<\/p>\n<p data-start=\"490\" data-end=\"927\">Durante el encuentro, la segunda mandataria del pa\u00eds recibi\u00f3 de manera cordial a la primera autoridad cantonal, quien expuso la necesidad de fortalecer la infraestructura sanitaria de la capital provincial. En este contexto, el alcalde Gonz\u00e1lez hizo la <strong data-start=\"743\" data-end=\"830\">entrega oficial del proyecto de construcci\u00f3n del alcantarillado sanitario y pluvial<\/strong>, una obra prioritaria que permitir\u00e1 mejorar la calidad de vida de miles de familias zamoranas.<\/p>\n<p data-start=\"929\" data-end=\"1210\">El proyecto contempla la intervenci\u00f3n en los barrios <strong data-start=\"982\" data-end=\"1112\">Dos de Noviembre, La Albernia, Jorge Mosquera, San Francisco, Diez de Noviembre, Alonso de Mercadillo, Bombuscaro, El Remolino<\/strong>, as\u00ed como en la <strong data-start=\"1129\" data-end=\"1158\">parroquia urbana El Lim\u00f3n<\/strong>, beneficiando a un amplio sector de la poblaci\u00f3n.<\/p>\n","protected":false},"excerpt":{"rendered":"<p>En un marco de di\u00e1logo institucional y de cooperaci\u00f3n intergubernamental, el alcalde del cant\u00f3n Zamora, Manuel Gonz\u00e1lez, sostuvo una reuni\u00f3n con la vicepresidenta de la Rep\u00fablica del Ecuador, Mar\u00eda Jos\u00e9 Pinto, en la ciudad de Quito. Durante el encuentro, la segunda mandataria del pa\u00eds recibi\u00f3 de manera cordial a la primera autoridad cantonal, quien expuso la necesidad de fortalecer la infraestructura sanitaria de la capital provincial. En este contexto, el alcalde Gonz\u00e1lez hizo la entrega oficial del proyecto de construcci\u00f3n del alcantarillado sanitario y pluvial, una obra prioritaria que permitir\u00e1 mejorar la calidad de vida de miles de familias zamoranas. El proyecto contempla la intervenci\u00f3n en los barrios Dos de Noviembre, La Albernia, Jorge Mosquera, San Francisco, Diez de Noviembre, Alonso de Mercadillo, Bombuscaro, El Remolino, as\u00ed como en la parroquia urbana El Lim\u00f3n, beneficiando a un amplio sector de la poblaci\u00f3n.<\/p>\n","protected":false},"author":1,"featured_media":25891,"comment_status":"closed","ping_status":"closed","sticky":false,"template":"","format":"standard","meta":{"footnotes":""},"categories":[243],"tags":[],"class_list":["post-25890","post","type-post","status-publish","format-standard","has-post-thumbnail","hentry","category-noticias-zamora"],"_links":{"self":[{"href":"https:\/\/www.elamazonico.com\/portal\/wp-json\/wp\/v2\/posts\/25890","targetHints":{"allow":["GET"]}}],"collection":[{"href":"https:\/\/www.elamazonico.com\/portal\/wp-json\/wp\/v2\/posts"}],"about":[{"href":"https:\/\/www.elamazonico.com\/portal\/wp-json\/wp\/v2\/types\/post"}],"author":[{"embeddable":true,"href":"https:\/\/www.elamazonico.com\/portal\/wp-json\/wp\/v2\/users\/1"}],"replies":[{"embeddable":true,"href":"https:\/\/www.elamazonico.com\/portal\/wp-json\/wp\/v2\/comments?post=25890"}],"version-history":[{"count":1,"href":"https:\/\/www.elamazonico.com\/portal\/wp-json\/wp\/v2\/posts\/25890\/revisions"}],"predecessor-version":[{"id":25892,"href":"https:\/\/www.elamazonico.com\/portal\/wp-json\/wp\/v2\/posts\/25890\/revisions\/25892"}],"wp:featuredmedia":[{"embeddable":true,"href":"https:\/\/www.elamazonico.com\/portal\/wp-json\/wp\/v2\/media\/25891"}],"wp:attachment":[{"href":"https:\/\/www.elamazonico.com\/portal\/wp-json\/wp\/v2\/media?parent=25890"}],"wp:term":[{"taxonomy":"category","embeddable":true,"href":"https:\/\/www.elamazonico.com\/portal\/wp-json\/wp\/v2\/categories?post=25890"},{"taxonomy":"post_tag","embeddable":true,"href":"https:\/\/www.elamazonico.com\/portal\/wp-json\/wp\/v2\/tags?post=25890"}],"curies":[{"name":"wp","href":"https:\/\/api.w.org\/{rel}","templated":true}]}}