{"id":25871,"date":"2025-08-27T04:05:54","date_gmt":"2025-08-27T09:05:54","guid":{"rendered":"https:\/\/www.elamazonico.com\/portal\/?p=25871"},"modified":"2025-08-26T15:02:02","modified_gmt":"2025-08-26T20:02:02","slug":"unidad-educativa-particular-el-valle-de-elah-inicia-nuevo-ano-lectivo-con-enfoque-integral-e-innovador","status":"publish","type":"post","link":"https:\/\/www.elamazonico.com\/portal\/unidad-educativa-particular-el-valle-de-elah-inicia-nuevo-ano-lectivo-con-enfoque-integral-e-innovador\/","title":{"rendered":"Unidad Educativa Particular El Valle de Elah inicia nuevo a\u00f1o lectivo con enfoque integral e innovador"},"content":{"rendered":"<p>La Unidad Educativa Particular El Valle de Elah se prepara para dar inicio al nuevo a\u00f1o lectivo este 4 de septiembre, consolidando su propuesta acad\u00e9mica basada en el m\u00e9todo Montessori, la innovaci\u00f3n pedag\u00f3gica y el acompa\u00f1amiento emocional. La directora de la instituci\u00f3n, Erika Tapia, destac\u00f3 que la visi\u00f3n institucional est\u00e1 orientada a la formaci\u00f3n de l\u00edderes en \u00e1reas como la tecnolog\u00eda, las artes, los idiomas y la comunicaci\u00f3n, siempre en la vanguardia educativa.<\/p>\n<p>Durante tres a\u00f1os de presencia en Zamora, la instituci\u00f3n ha logrado un crecimiento sostenido en su matr\u00edcula, reflejo de la confianza de los padres de familia y de la calidad educativa ofrecida. Tapia enfatiz\u00f3 que El Valle de Elah es pionero en la ense\u00f1anza de la rob\u00f3tica educativa en la provincia, habiendo alcanzado logros en concursos nacionales, adem\u00e1s de fortalecer programas extracurriculares como m\u00fasica, pintura y estimulaci\u00f3n temprana.<\/p>\n<p>La instituci\u00f3n incorpora este a\u00f1o nuevas \u00e1reas de apoyo acad\u00e9mico, entre ellas qu\u00edmica, biolog\u00eda y, de manera especial, programas de inteligencia emocional, terapia conductual y lenguaje, con el fin de reforzar el desarrollo integral de los estudiantes.<\/p>\n<p>En este marco, la psic\u00f3loga cl\u00ednica Herly Romero subray\u00f3 la relevancia del acompa\u00f1amiento psicol\u00f3gico en el proceso de ense\u00f1anza-aprendizaje, destacando que el trabajo conjunto con padres y docentes ha permitido avances significativos en los estudiantes. \u201cLa innovaci\u00f3n de la instituci\u00f3n radica en incluir de manera formal la psicolog\u00eda y la terapia conductual, fortaleciendo la autoestima y el bienestar emocional de los ni\u00f1os y adolescentes\u201d, puntualiz\u00f3.<\/p>\n<p>La directora Tapia tambi\u00e9n recalc\u00f3 la apertura de matr\u00edculas permanentes en la academia vespertina, donde se desarrollan cursos constantes de ingl\u00e9s con certificaci\u00f3n Cambridge, as\u00ed como programas de rob\u00f3tica y actividades art\u00edsticas, accesibles para estudiantes de distintos cantones.<\/p>\n<p>Finalmente, Tapia invit\u00f3 a los padres de familia a invertir en la educaci\u00f3n como la mejor forma de preparar a las futuras generaciones. \u201cLa diferencia se marca al potenciar las capacidades de los ni\u00f1os desde temprana edad. Apostar por la educaci\u00f3n integral y por actividades extracurriculares es sembrar las bases de una sociedad emprendedora y con visi\u00f3n de futuro\u201d, concluy\u00f3.<\/p>\n","protected":false},"excerpt":{"rendered":"<p>La Unidad Educativa Particular El Valle de Elah se prepara para dar inicio al nuevo a\u00f1o lectivo este 4 de septiembre, consolidando su propuesta acad\u00e9mica basada en el m\u00e9todo Montessori, la innovaci\u00f3n pedag\u00f3gica y el acompa\u00f1amiento emocional. La directora de la instituci\u00f3n, Erika Tapia, destac\u00f3 que la visi\u00f3n institucional est\u00e1 orientada a la formaci\u00f3n de l\u00edderes en \u00e1reas como la tecnolog\u00eda, las artes, los idiomas y la comunicaci\u00f3n, siempre en la vanguardia educativa. Durante tres a\u00f1os de presencia en Zamora, la instituci\u00f3n ha logrado un crecimiento sostenido en su matr\u00edcula, reflejo de la confianza de los padres de familia y de la calidad educativa ofrecida. Tapia enfatiz\u00f3 que El Valle de Elah es pionero en la ense\u00f1anza de la rob\u00f3tica educativa en la provincia, habiendo alcanzado logros en concursos nacionales, adem\u00e1s de fortalecer programas extracurriculares como m\u00fasica, pintura y estimulaci\u00f3n temprana. La instituci\u00f3n incorpora este a\u00f1o nuevas \u00e1reas de apoyo acad\u00e9mico, entre ellas qu\u00edmica, biolog\u00eda y, de manera especial, programas de inteligencia emocional, terapia conductual y lenguaje, con el fin de reforzar el desarrollo integral de los estudiantes. En este marco, la psic\u00f3loga cl\u00ednica Herly Romero subray\u00f3 la relevancia del acompa\u00f1amiento psicol\u00f3gico en el proceso de ense\u00f1anza-aprendizaje, destacando que el trabajo conjunto con padres y docentes ha permitido avances significativos en los estudiantes. \u201cLa innovaci\u00f3n de la instituci\u00f3n radica en incluir de manera formal la psicolog\u00eda y la terapia conductual, fortaleciendo la autoestima y el bienestar emocional de los ni\u00f1os y adolescentes\u201d, puntualiz\u00f3. La directora Tapia tambi\u00e9n recalc\u00f3 la apertura de matr\u00edculas permanentes en la academia vespertina, donde se desarrollan cursos constantes de ingl\u00e9s con certificaci\u00f3n Cambridge, as\u00ed como programas de rob\u00f3tica y actividades art\u00edsticas, accesibles para estudiantes de distintos cantones. Finalmente, Tapia invit\u00f3 a los padres de familia a invertir en la educaci\u00f3n como la mejor forma de preparar a las futuras generaciones. \u201cLa diferencia se marca al potenciar las capacidades de los ni\u00f1os desde temprana edad. Apostar por la educaci\u00f3n integral y por actividades extracurriculares es sembrar las bases de una sociedad emprendedora y con visi\u00f3n de futuro\u201d, concluy\u00f3.<\/p>\n","protected":false},"author":1,"featured_media":25872,"comment_status":"closed","ping_status":"closed","sticky":false,"template":"","format":"standard","meta":{"footnotes":""},"categories":[243],"tags":[],"class_list":["post-25871","post","type-post","status-publish","format-standard","has-post-thumbnail","hentry","category-noticias-zamora"],"_links":{"self":[{"href":"https:\/\/www.elamazonico.com\/portal\/wp-json\/wp\/v2\/posts\/25871","targetHints":{"allow":["GET"]}}],"collection":[{"href":"https:\/\/www.elamazonico.com\/portal\/wp-json\/wp\/v2\/posts"}],"about":[{"href":"https:\/\/www.elamazonico.com\/portal\/wp-json\/wp\/v2\/types\/post"}],"author":[{"embeddable":true,"href":"https:\/\/www.elamazonico.com\/portal\/wp-json\/wp\/v2\/users\/1"}],"replies":[{"embeddable":true,"href":"https:\/\/www.elamazonico.com\/portal\/wp-json\/wp\/v2\/comments?post=25871"}],"version-history":[{"count":1,"href":"https:\/\/www.elamazonico.com\/portal\/wp-json\/wp\/v2\/posts\/25871\/revisions"}],"predecessor-version":[{"id":25873,"href":"https:\/\/www.elamazonico.com\/portal\/wp-json\/wp\/v2\/posts\/25871\/revisions\/25873"}],"wp:featuredmedia":[{"embeddable":true,"href":"https:\/\/www.elamazonico.com\/portal\/wp-json\/wp\/v2\/media\/25872"}],"wp:attachment":[{"href":"https:\/\/www.elamazonico.com\/portal\/wp-json\/wp\/v2\/media?parent=25871"}],"wp:term":[{"taxonomy":"category","embeddable":true,"href":"https:\/\/www.elamazonico.com\/portal\/wp-json\/wp\/v2\/categories?post=25871"},{"taxonomy":"post_tag","embeddable":true,"href":"https:\/\/www.elamazonico.com\/portal\/wp-json\/wp\/v2\/tags?post=25871"}],"curies":[{"name":"wp","href":"https:\/\/api.w.org\/{rel}","templated":true}]}}