{"id":25862,"date":"2025-08-26T11:00:11","date_gmt":"2025-08-26T16:00:11","guid":{"rendered":"https:\/\/www.elamazonico.com\/portal\/?p=25862"},"modified":"2025-08-26T11:00:11","modified_gmt":"2025-08-26T16:00:11","slug":"ministro-arremete-contra-jueza-que-libero-a-presunto-sicario-y-exige-depuracion","status":"publish","type":"post","link":"https:\/\/www.elamazonico.com\/portal\/ministro-arremete-contra-jueza-que-libero-a-presunto-sicario-y-exige-depuracion\/","title":{"rendered":"Ministro arremete contra jueza que liber\u00f3 a presunto sicario y exige depuraci\u00f3n"},"content":{"rendered":"<p>El ministro del Interior, John Reimberg, volvi\u00f3 a cuestionar p\u00fablicamente a funcionarios judiciales que dejan en libertad a presuntos delincuentes peligrosos. Este lunes 25 de agosto critic\u00f3 la decisi\u00f3n de la jueza Ver\u00f3nica Macas, de la Unidad Judicial Multicompetente Penal de Yantzaza (Zamora Chinchipe), quien rechaz\u00f3 la prisi\u00f3n preventiva para Rolando M., acusado de tentativa de homicidio y detenido el pasado 21 de agosto por la Polic\u00eda Nacional.<\/p>\n<p>El funcionario calific\u00f3 la resoluci\u00f3n como una \u201cdecisi\u00f3n inexplicable\u201d y reproch\u00f3 que al sospechoso se le impusieran medidas cautelares menores, como la presentaci\u00f3n peri\u00f3dica ante Fiscal\u00eda y la prohibici\u00f3n de salida del pa\u00eds. \u201c\u00bfHasta cu\u00e1ndo la Funci\u00f3n Judicial tiene que tolerar este tipo de actos? \u00bfCu\u00e1ndo van a estar del lado de los ecuatorianos y no de los grupos delincuenciales?\u201d, cuestion\u00f3 Reimberg en su cuenta de X.<\/p>\n<p>El ministro confirm\u00f3 que la denuncia ya fue recibida por el Consejo de la Judicatura (CJ) y pidi\u00f3 celeridad en el tr\u00e1mite. \u201cTenemos acusado recibo de la denuncia. Esperamos el procedimiento del caso\u201d, afirm\u00f3.<\/p>\n<p><strong>90 funcionarios judiciales destituidos en 11 meses<\/strong><\/p>\n<p>El CJ ha intensificado los procesos disciplinarios en contra de servidores judiciales. Entre julio de 2024 y junio de 2025, un total de 90 funcionarios fueron destituidos, de los cuales 46 eran jueces de 13 provincias.<\/p>\n<p>Estos son los jueces separados de la Funci\u00f3n Judicial:<\/p>\n<ul class=\"wp-block-list\">\n<li>Cotopaxi: 1<\/li>\n<li>El Oro: 7<\/li>\n<li>Tungurahua: 1<\/li>\n<li>Los R\u00edos: 8<\/li>\n<li>Bol\u00edvar: 2<\/li>\n<li>Manab\u00ed: 3<\/li>\n<li>Guayas: 8<\/li>\n<li>Esmeraldas: 3<\/li>\n<li>Chimborazo: 4<\/li>\n<li>Pastaza: 1<\/li>\n<li>Santa Elena: 1<\/li>\n<li>Loja: 1<\/li>\n<li>Santo Domingo: 6<\/li>\n<\/ul>\n<p>Adem\u00e1s, fueron destituidos 11 fiscales, 10 secretarios, 5 ayudantes judiciales, 5 directores provinciales y otros servidores de apoyo, sumando un total de 90 funcionarios sancionados.<\/p>\n","protected":false},"excerpt":{"rendered":"<p>El ministro del Interior, John Reimberg, volvi\u00f3 a cuestionar p\u00fablicamente a funcionarios judiciales que dejan en libertad a presuntos delincuentes peligrosos. Este lunes 25 de agosto critic\u00f3 la decisi\u00f3n de la jueza Ver\u00f3nica Macas, de la Unidad Judicial Multicompetente Penal de Yantzaza (Zamora Chinchipe), quien rechaz\u00f3 la prisi\u00f3n preventiva para Rolando M., acusado de tentativa de homicidio y detenido el pasado 21 de agosto por la Polic\u00eda Nacional. El funcionario calific\u00f3 la resoluci\u00f3n como una \u201cdecisi\u00f3n inexplicable\u201d y reproch\u00f3 que al sospechoso se le impusieran medidas cautelares menores, como la presentaci\u00f3n peri\u00f3dica ante Fiscal\u00eda y la prohibici\u00f3n de salida del pa\u00eds. \u201c\u00bfHasta cu\u00e1ndo la Funci\u00f3n Judicial tiene que tolerar este tipo de actos? \u00bfCu\u00e1ndo van a estar del lado de los ecuatorianos y no de los grupos delincuenciales?\u201d, cuestion\u00f3 Reimberg en su cuenta de X. El ministro confirm\u00f3 que la denuncia ya fue recibida por el Consejo de la Judicatura (CJ) y pidi\u00f3 celeridad en el tr\u00e1mite. \u201cTenemos acusado recibo de la denuncia. Esperamos el procedimiento del caso\u201d, afirm\u00f3. 90 funcionarios judiciales destituidos en 11 meses El CJ ha intensificado los procesos disciplinarios en contra de servidores judiciales. Entre julio de 2024 y junio de 2025, un total de 90 funcionarios fueron destituidos, de los cuales 46 eran jueces de 13 provincias. Estos son los jueces separados de la Funci\u00f3n Judicial: Cotopaxi: 1 El Oro: 7 Tungurahua: 1 Los R\u00edos: 8 Bol\u00edvar: 2 Manab\u00ed: 3 Guayas: 8 Esmeraldas: 3 Chimborazo: 4 Pastaza: 1 Santa Elena: 1 Loja: 1 Santo Domingo: 6 Adem\u00e1s, fueron destituidos 11 fiscales, 10 secretarios, 5 ayudantes judiciales, 5 directores provinciales y otros servidores de apoyo, sumando un total de 90 funcionarios sancionados.<\/p>\n","protected":false},"author":1,"featured_media":25863,"comment_status":"closed","ping_status":"closed","sticky":false,"template":"","format":"standard","meta":{"footnotes":""},"categories":[268],"tags":[],"class_list":["post-25862","post","type-post","status-publish","format-standard","has-post-thumbnail","hentry","category-nacionales"],"_links":{"self":[{"href":"https:\/\/www.elamazonico.com\/portal\/wp-json\/wp\/v2\/posts\/25862","targetHints":{"allow":["GET"]}}],"collection":[{"href":"https:\/\/www.elamazonico.com\/portal\/wp-json\/wp\/v2\/posts"}],"about":[{"href":"https:\/\/www.elamazonico.com\/portal\/wp-json\/wp\/v2\/types\/post"}],"author":[{"embeddable":true,"href":"https:\/\/www.elamazonico.com\/portal\/wp-json\/wp\/v2\/users\/1"}],"replies":[{"embeddable":true,"href":"https:\/\/www.elamazonico.com\/portal\/wp-json\/wp\/v2\/comments?post=25862"}],"version-history":[{"count":1,"href":"https:\/\/www.elamazonico.com\/portal\/wp-json\/wp\/v2\/posts\/25862\/revisions"}],"predecessor-version":[{"id":25864,"href":"https:\/\/www.elamazonico.com\/portal\/wp-json\/wp\/v2\/posts\/25862\/revisions\/25864"}],"wp:featuredmedia":[{"embeddable":true,"href":"https:\/\/www.elamazonico.com\/portal\/wp-json\/wp\/v2\/media\/25863"}],"wp:attachment":[{"href":"https:\/\/www.elamazonico.com\/portal\/wp-json\/wp\/v2\/media?parent=25862"}],"wp:term":[{"taxonomy":"category","embeddable":true,"href":"https:\/\/www.elamazonico.com\/portal\/wp-json\/wp\/v2\/categories?post=25862"},{"taxonomy":"post_tag","embeddable":true,"href":"https:\/\/www.elamazonico.com\/portal\/wp-json\/wp\/v2\/tags?post=25862"}],"curies":[{"name":"wp","href":"https:\/\/api.w.org\/{rel}","templated":true}]}}