{"id":25857,"date":"2025-08-26T05:59:18","date_gmt":"2025-08-26T10:59:18","guid":{"rendered":"https:\/\/www.elamazonico.com\/portal\/?p=25857"},"modified":"2025-08-26T05:59:18","modified_gmt":"2025-08-26T10:59:18","slug":"visita-oficial-de-daniel-noboa-a-japon-estas-son-todas-las-actividades-que-llevara-a-cabo-el-mandatario","status":"publish","type":"post","link":"https:\/\/www.elamazonico.com\/portal\/visita-oficial-de-daniel-noboa-a-japon-estas-son-todas-las-actividades-que-llevara-a-cabo-el-mandatario\/","title":{"rendered":"Visita oficial de Daniel Noboa a Jap\u00f3n: Estas son todas las actividades que llevar\u00e1 a cabo el mandatario"},"content":{"rendered":"<div class=\"paragraph texto\">\n<p class=\"p_0\"><b>Tras cerrar una gira por Sudam\u00e9rica que lo llev\u00f3 a Brasil, Uruguay y Argentina, el presidente de Ecuador,\u00a0<a href=\"https:\/\/www.vistazo.com\/cronologia\/-\/meta\/daniel-noboa\">Daniel Noboa<\/a>, ha partido hacia Asia con la intenci\u00f3n de consolidar acuerdos diplom\u00e1ticos y comerciales con Jap\u00f3n y Vietnam.<\/b><\/p>\n<p class=\"p_2\">La portavoz del Ejecutivo,\u00a0<b>Carolina Jaramillo<\/b>, confirm\u00f3 en su rueda de prensa semanal que el mandatario inici\u00f3 el viaje el pasado domingo hacia Tokio, donde mantendr\u00e1<b>\u00a0reuniones de alto nivel<\/b>, incluida una cita con el primer ministro japon\u00e9s,\u00a0<b>Ishiba Shigeru.<\/b><\/p>\n<p class=\"p_3\">Este encuentro, calificado por el Gobierno como una\u00a0<b>\u201coportunidad estrat\u00e9gica\u201d<\/b>, busca reforzar los v\u00ednculos bilaterales y abrir nuevas v\u00edas de cooperaci\u00f3n en \u00e1reas clave como el comercio, la inversi\u00f3n y el desarrollo tecnol\u00f3gico.\u00a0<b>Jap\u00f3n ha sido se\u00f1alado por la administraci\u00f3n Noboa como un \u201caliado fundamental\u201d en la regi\u00f3n asi\u00e1tica.<\/b><\/p>\n<div class=\"Center2Display\">\n<div id=\"Center2\"><\/div>\n<\/div>\n<\/div>\n<div class=\"multimediaMacroWrapper img lateral\">\n<figure class=\"contentMedia art-img\">\n<div><img fetchpriority=\"high\" decoding=\"async\" class=\" lazyloaded\" title=\"Visita oficial de Daniel Noboa a Jap\u00f3n: Estas son todas las actividades que llevar\u00e1 a cabo el mandatario\" src=\"https:\/\/www.vistazo.com\/placeholder\/svg\/viewbox\/768x960\" sizes=\"100vw\" srcset=\"\/\/www.vistazo.com\/binrepository\/768x960\/0c0\/0d0\/none\/12727\/IWIQ\/gzpkacbxcaeanun-1_2379353_20250825233553.jpg 768w,\/\/www.vistazo.com\/binrepository\/640x800\/0c0\/0d0\/none\/12727\/IWIM\/gzpkacbxcaeanun-1_2379353_20250825233553.jpg 640w,\/\/www.vistazo.com\/binrepository\/512x640\/0c0\/0d0\/none\/12727\/IWIO\/gzpkacbxcaeanun-1_2379353_20250825233553.jpg 512w,\/\/www.vistazo.com\/binrepository\/384x480\/0c0\/0d0\/none\/12727\/IWIT\/gzpkacbxcaeanun-1_2379353_20250825233553.jpg 384w,\/\/www.vistazo.com\/binrepository\/300x375\/0c0\/0d0\/none\/12727\/IWIU\/gzpkacbxcaeanun-1_2379353_20250825233553.jpg 300w\" alt=\"$!Visita oficial de Daniel Noboa a Jap\u00f3n: Estas son todas las actividades que llevar\u00e1 a cabo el mandatario\" width=\"768\" height=\"960\" data-srcset=\"\/\/www.vistazo.com\/binrepository\/768x960\/0c0\/0d0\/none\/12727\/IWIQ\/gzpkacbxcaeanun-1_2379353_20250825233553.jpg 768w,\/\/www.vistazo.com\/binrepository\/640x800\/0c0\/0d0\/none\/12727\/IWIM\/gzpkacbxcaeanun-1_2379353_20250825233553.jpg 640w,\/\/www.vistazo.com\/binrepository\/512x640\/0c0\/0d0\/none\/12727\/IWIO\/gzpkacbxcaeanun-1_2379353_20250825233553.jpg 512w,\/\/www.vistazo.com\/binrepository\/384x480\/0c0\/0d0\/none\/12727\/IWIT\/gzpkacbxcaeanun-1_2379353_20250825233553.jpg 384w,\/\/www.vistazo.com\/binrepository\/300x375\/0c0\/0d0\/none\/12727\/IWIU\/gzpkacbxcaeanun-1_2379353_20250825233553.jpg 300w\" \/><\/div>\n<\/figure>\n<\/div>\n<div class=\"Citavistazo\">\u201cEl viaje representa un paso decisivo hacia una cooperaci\u00f3n m\u00e1s amplia, estructurada y diversa con Asia\u201d, expres\u00f3 Jaramillo, destacando que este acercamiento refleja la voluntad pol\u00edtica de avanzar en una agenda conjunta con socios estrat\u00e9gicos.<\/div>\n<div class=\"paragraph texto\">\n<p class=\"p_4\">Seg\u00fan el decreto presidencial que autoriza la visita, la misi\u00f3n del jefe de Estado en Asia se centrar\u00e1 en<b>\u00a0dinamizar el comercio con econom\u00edas del este asi\u00e1tico, en especial Jap\u00f3n y Vietnam<\/b>, en el marco de una b\u00fasqueda por parte de Ecuador de ampliar su presencia internacional y diversificar sus mercados.<\/p>\n<p class=\"p_6\">El 30 de agosto y 1 de septiembre, el mandatario estar\u00e1 en cambio en Vietnam, donde\u00a0<b>se reunir\u00e1 con el primer ministro Ph\u1ea1m Minh Ch\u00ednh<\/b>, entre otras actividades.<\/p>\n<\/div>\n<h2 class=\"h2vistazo\">Actividades que se llevar\u00e1n a cabo entre el 26 y 29 de agosto en Jap\u00f3n<\/h2>\n<ul>\n<li class=\"bulletvistazo\">Reuni\u00f3n con Presidente y empresarios miembros de la Federaci\u00f3n Empresarial de Jap\u00f3n (Keidanren)<\/li>\n<li class=\"bulletvistazo\">Encuentro fraterno entre Ecuador y Jap\u00f3n (Reuni\u00f3n con la colonia ecuatoriana en Jap\u00f3n y becarios japoneses)<\/li>\n<li class=\"bulletvistazo\">Seminario de promoci\u00f3n de comercio e inversiones Ecuador-Jap\u00f3n<\/li>\n<li class=\"bulletvistazo\">Evento Donaci\u00f3n Suzuki<\/li>\n<li class=\"bulletvistazo\">Reuni\u00f3n de trabajo con el Primer Ministro de Jap\u00f3n, Shigeru Ishiba<\/li>\n<li class=\"bulletvistazo\">Audiencia con Sus Altezas Imperiales, el Pr\u00edncipe y la Princesa Heredera Akishino. <strong>Fuente: Vistazo<\/strong><\/li>\n<\/ul>\n","protected":false},"excerpt":{"rendered":"<p>Tras cerrar una gira por Sudam\u00e9rica que lo llev\u00f3 a Brasil, Uruguay y Argentina, el presidente de Ecuador,\u00a0Daniel Noboa, ha partido hacia Asia con la intenci\u00f3n de consolidar acuerdos diplom\u00e1ticos y comerciales con Jap\u00f3n y Vietnam. La portavoz del Ejecutivo,\u00a0Carolina Jaramillo, confirm\u00f3 en su rueda de prensa semanal que el mandatario inici\u00f3 el viaje el pasado domingo hacia Tokio, donde mantendr\u00e1\u00a0reuniones de alto nivel, incluida una cita con el primer ministro japon\u00e9s,\u00a0Ishiba Shigeru. Este encuentro, calificado por el Gobierno como una\u00a0\u201coportunidad estrat\u00e9gica\u201d, busca reforzar los v\u00ednculos bilaterales y abrir nuevas v\u00edas de cooperaci\u00f3n en \u00e1reas clave como el comercio, la inversi\u00f3n y el desarrollo tecnol\u00f3gico.\u00a0Jap\u00f3n ha sido se\u00f1alado por la administraci\u00f3n Noboa como un \u201caliado fundamental\u201d en la regi\u00f3n asi\u00e1tica. \u201cEl viaje representa un paso decisivo hacia una cooperaci\u00f3n m\u00e1s amplia, estructurada y diversa con Asia\u201d, expres\u00f3 Jaramillo, destacando que este acercamiento refleja la voluntad pol\u00edtica de avanzar en una agenda conjunta con socios estrat\u00e9gicos. Seg\u00fan el decreto presidencial que autoriza la visita, la misi\u00f3n del jefe de Estado en Asia se centrar\u00e1 en\u00a0dinamizar el comercio con econom\u00edas del este asi\u00e1tico, en especial Jap\u00f3n y Vietnam, en el marco de una b\u00fasqueda por parte de Ecuador de ampliar su presencia internacional y diversificar sus mercados. El 30 de agosto y 1 de septiembre, el mandatario estar\u00e1 en cambio en Vietnam, donde\u00a0se reunir\u00e1 con el primer ministro Ph\u1ea1m Minh Ch\u00ednh, entre otras actividades. Actividades que se llevar\u00e1n a cabo entre el 26 y 29 de agosto en Jap\u00f3n Reuni\u00f3n con Presidente y empresarios miembros de la Federaci\u00f3n Empresarial de Jap\u00f3n (Keidanren) Encuentro fraterno entre Ecuador y Jap\u00f3n (Reuni\u00f3n con la colonia ecuatoriana en Jap\u00f3n y becarios japoneses) Seminario de promoci\u00f3n de comercio e inversiones Ecuador-Jap\u00f3n Evento Donaci\u00f3n Suzuki Reuni\u00f3n de trabajo con el Primer Ministro de Jap\u00f3n, Shigeru Ishiba Audiencia con Sus Altezas Imperiales, el Pr\u00edncipe y la Princesa Heredera Akishino. Fuente: Vistazo<\/p>\n","protected":false},"author":1,"featured_media":25858,"comment_status":"closed","ping_status":"closed","sticky":false,"template":"","format":"standard","meta":{"footnotes":""},"categories":[268],"tags":[],"class_list":["post-25857","post","type-post","status-publish","format-standard","has-post-thumbnail","hentry","category-nacionales"],"_links":{"self":[{"href":"https:\/\/www.elamazonico.com\/portal\/wp-json\/wp\/v2\/posts\/25857","targetHints":{"allow":["GET"]}}],"collection":[{"href":"https:\/\/www.elamazonico.com\/portal\/wp-json\/wp\/v2\/posts"}],"about":[{"href":"https:\/\/www.elamazonico.com\/portal\/wp-json\/wp\/v2\/types\/post"}],"author":[{"embeddable":true,"href":"https:\/\/www.elamazonico.com\/portal\/wp-json\/wp\/v2\/users\/1"}],"replies":[{"embeddable":true,"href":"https:\/\/www.elamazonico.com\/portal\/wp-json\/wp\/v2\/comments?post=25857"}],"version-history":[{"count":1,"href":"https:\/\/www.elamazonico.com\/portal\/wp-json\/wp\/v2\/posts\/25857\/revisions"}],"predecessor-version":[{"id":25859,"href":"https:\/\/www.elamazonico.com\/portal\/wp-json\/wp\/v2\/posts\/25857\/revisions\/25859"}],"wp:featuredmedia":[{"embeddable":true,"href":"https:\/\/www.elamazonico.com\/portal\/wp-json\/wp\/v2\/media\/25858"}],"wp:attachment":[{"href":"https:\/\/www.elamazonico.com\/portal\/wp-json\/wp\/v2\/media?parent=25857"}],"wp:term":[{"taxonomy":"category","embeddable":true,"href":"https:\/\/www.elamazonico.com\/portal\/wp-json\/wp\/v2\/categories?post=25857"},{"taxonomy":"post_tag","embeddable":true,"href":"https:\/\/www.elamazonico.com\/portal\/wp-json\/wp\/v2\/tags?post=25857"}],"curies":[{"name":"wp","href":"https:\/\/api.w.org\/{rel}","templated":true}]}}