{"id":25847,"date":"2025-08-26T04:10:57","date_gmt":"2025-08-26T09:10:57","guid":{"rendered":"https:\/\/www.elamazonico.com\/portal\/?p=25847"},"modified":"2025-08-25T22:28:09","modified_gmt":"2025-08-26T03:28:09","slug":"u-e-san-francisco-de-asis-aclara-aportes-de-matricula-y-ratifica-transparencia-en-su-gestion","status":"publish","type":"post","link":"https:\/\/www.elamazonico.com\/portal\/u-e-san-francisco-de-asis-aclara-aportes-de-matricula-y-ratifica-transparencia-en-su-gestion\/","title":{"rendered":"U.E. San Francisco de As\u00eds aclara aportes de matr\u00edcula y ratifica transparencia en su gesti\u00f3n"},"content":{"rendered":"<p>La rectora de la Unidad Educativa San Francisco de As\u00eds, M\u00f3nica Songor, brind\u00f3 declaraciones p\u00fablicas respecto a los cobros de matr\u00edcula en la instituci\u00f3n, con el objetivo de aclarar inquietudes generadas en la comunidad y ratificar la transparencia en el manejo de los aportes voluntarios de los padres de familia.<\/p>\n<p>Songor explic\u00f3 que los aportes econ\u00f3micos no constituyen pensiones mensuales, sino una contribuci\u00f3n anual definida en coordinaci\u00f3n con el comit\u00e9 central de padres de familia, quienes presentan un plan de gastos y rinden cuentas de manera peri\u00f3dica. Este a\u00f1o, el valor acordado asciende a 60 d\u00f3lares, cifra que responde a necesidades de infraestructura y mejoras urgentes en las instalaciones educativas, que requieren mantenimiento constante debido a su antig\u00fcedad.<\/p>\n<p>La rectora record\u00f3 que la normativa actual dispone que el Estado asuma la contrataci\u00f3n de docentes en materias como religi\u00f3n, lo que en a\u00f1os anteriores era solventado por la misi\u00f3n o promotores de la instituci\u00f3n. Adem\u00e1s, precis\u00f3 que los establecimientos fiscomisionales, como el San Francisco de As\u00eds, se enmarcan en un r\u00e9gimen particular-cofinanciado, lo que implica la existencia de aportes complementarios para cubrir necesidades que no son atendidas con recursos estatales.<\/p>\n<p>En su intervenci\u00f3n, Songor destac\u00f3 que los directivos de la instituci\u00f3n no administran recursos de los padres de familia, sino que todo manejo financiero recae en el comit\u00e9 central, encargado de rendir informes al cierre de cada gesti\u00f3n. Subray\u00f3 tambi\u00e9n que \u201cnada se trata a puertas cerradas\u201d, ya que las decisiones se toman de manera abierta en asambleas con la participaci\u00f3n de la comunidad educativa.<\/p>\n<p>Finalmente, la autoridad exhort\u00f3 a la ciudadan\u00eda y a los medios de comunicaci\u00f3n a difundir informaci\u00f3n con responsabilidad, profesionalismo y respeto, evitando interpretaciones malintencionadas que puedan generar divisi\u00f3n. \u201cLo m\u00e1s importante es que los aportes se utilicen para el bien com\u00fan de los estudiantes y el fortalecimiento de la instituci\u00f3n\u201d, concluy\u00f3.<\/p>\n","protected":false},"excerpt":{"rendered":"<p>La rectora de la Unidad Educativa San Francisco de As\u00eds, M\u00f3nica Songor, brind\u00f3 declaraciones p\u00fablicas respecto a los cobros de matr\u00edcula en la instituci\u00f3n, con el objetivo de aclarar inquietudes generadas en la comunidad y ratificar la transparencia en el manejo de los aportes voluntarios de los padres de familia. Songor explic\u00f3 que los aportes econ\u00f3micos no constituyen pensiones mensuales, sino una contribuci\u00f3n anual definida en coordinaci\u00f3n con el comit\u00e9 central de padres de familia, quienes presentan un plan de gastos y rinden cuentas de manera peri\u00f3dica. Este a\u00f1o, el valor acordado asciende a 60 d\u00f3lares, cifra que responde a necesidades de infraestructura y mejoras urgentes en las instalaciones educativas, que requieren mantenimiento constante debido a su antig\u00fcedad. La rectora record\u00f3 que la normativa actual dispone que el Estado asuma la contrataci\u00f3n de docentes en materias como religi\u00f3n, lo que en a\u00f1os anteriores era solventado por la misi\u00f3n o promotores de la instituci\u00f3n. Adem\u00e1s, precis\u00f3 que los establecimientos fiscomisionales, como el San Francisco de As\u00eds, se enmarcan en un r\u00e9gimen particular-cofinanciado, lo que implica la existencia de aportes complementarios para cubrir necesidades que no son atendidas con recursos estatales. En su intervenci\u00f3n, Songor destac\u00f3 que los directivos de la instituci\u00f3n no administran recursos de los padres de familia, sino que todo manejo financiero recae en el comit\u00e9 central, encargado de rendir informes al cierre de cada gesti\u00f3n. Subray\u00f3 tambi\u00e9n que \u201cnada se trata a puertas cerradas\u201d, ya que las decisiones se toman de manera abierta en asambleas con la participaci\u00f3n de la comunidad educativa. Finalmente, la autoridad exhort\u00f3 a la ciudadan\u00eda y a los medios de comunicaci\u00f3n a difundir informaci\u00f3n con responsabilidad, profesionalismo y respeto, evitando interpretaciones malintencionadas que puedan generar divisi\u00f3n. \u201cLo m\u00e1s importante es que los aportes se utilicen para el bien com\u00fan de los estudiantes y el fortalecimiento de la instituci\u00f3n\u201d, concluy\u00f3.<\/p>\n","protected":false},"author":1,"featured_media":25848,"comment_status":"closed","ping_status":"closed","sticky":false,"template":"","format":"standard","meta":{"footnotes":""},"categories":[243],"tags":[],"class_list":["post-25847","post","type-post","status-publish","format-standard","has-post-thumbnail","hentry","category-noticias-zamora"],"_links":{"self":[{"href":"https:\/\/www.elamazonico.com\/portal\/wp-json\/wp\/v2\/posts\/25847","targetHints":{"allow":["GET"]}}],"collection":[{"href":"https:\/\/www.elamazonico.com\/portal\/wp-json\/wp\/v2\/posts"}],"about":[{"href":"https:\/\/www.elamazonico.com\/portal\/wp-json\/wp\/v2\/types\/post"}],"author":[{"embeddable":true,"href":"https:\/\/www.elamazonico.com\/portal\/wp-json\/wp\/v2\/users\/1"}],"replies":[{"embeddable":true,"href":"https:\/\/www.elamazonico.com\/portal\/wp-json\/wp\/v2\/comments?post=25847"}],"version-history":[{"count":1,"href":"https:\/\/www.elamazonico.com\/portal\/wp-json\/wp\/v2\/posts\/25847\/revisions"}],"predecessor-version":[{"id":25849,"href":"https:\/\/www.elamazonico.com\/portal\/wp-json\/wp\/v2\/posts\/25847\/revisions\/25849"}],"wp:featuredmedia":[{"embeddable":true,"href":"https:\/\/www.elamazonico.com\/portal\/wp-json\/wp\/v2\/media\/25848"}],"wp:attachment":[{"href":"https:\/\/www.elamazonico.com\/portal\/wp-json\/wp\/v2\/media?parent=25847"}],"wp:term":[{"taxonomy":"category","embeddable":true,"href":"https:\/\/www.elamazonico.com\/portal\/wp-json\/wp\/v2\/categories?post=25847"},{"taxonomy":"post_tag","embeddable":true,"href":"https:\/\/www.elamazonico.com\/portal\/wp-json\/wp\/v2\/tags?post=25847"}],"curies":[{"name":"wp","href":"https:\/\/api.w.org\/{rel}","templated":true}]}}