{"id":25844,"date":"2025-08-26T04:14:45","date_gmt":"2025-08-26T09:14:45","guid":{"rendered":"https:\/\/www.elamazonico.com\/portal\/?p=25844"},"modified":"2025-08-25T22:15:40","modified_gmt":"2025-08-26T03:15:40","slug":"sociedad-patriotica-se-reestructura-en-la-provincia-de-zamora-chinchipe-con-el-liderazgo-de-un-joven","status":"publish","type":"post","link":"https:\/\/www.elamazonico.com\/portal\/sociedad-patriotica-se-reestructura-en-la-provincia-de-zamora-chinchipe-con-el-liderazgo-de-un-joven\/","title":{"rendered":"Sociedad Patri\u00f3tica se reestructura en la provincia de Zamora Chinchipe con el liderazgo de un joven"},"content":{"rendered":"<p>El expresidente del Ecuador, coronel (r) Lucio Guti\u00e9rrez, realiz\u00f3 este s\u00e1bado una visita a la provincia de Zamora Chinchipe, en el marco de su recorrido nacional con el movimiento pol\u00edtico Sociedad Patri\u00f3tica, lista 3. Durante su di\u00e1logo con Diario El Amaz\u00f3nico, expuso los ejes de la propuesta denominada \u201ctercera v\u00eda\u201d, orientada a enfrentar los principales problemas sociales, econ\u00f3micos y ambientales del pa\u00eds.<\/p>\n<p>Guti\u00e9rrez destac\u00f3 que la propuesta surge como alternativa frente a la confrontaci\u00f3n pol\u00edtica y la corrupci\u00f3n, se\u00f1alando que \u201cni el corre\u00edsmo ni el nobo\u00edsmo han logrado resolver los problemas de inseguridad, desempleo, deficiencias en salud p\u00fablica y deterioro vial\u201d. Seg\u00fan afirm\u00f3, la tercera v\u00eda busca integrar juventud y experiencia en la conducci\u00f3n pol\u00edtica, abrir espacio a nuevos liderazgos y retomar niveles de crecimiento econ\u00f3mico alcanzados en su gobierno.<\/p>\n<p>En este contexto, anunci\u00f3 la reestructuraci\u00f3n de la directiva provincial de Sociedad Patri\u00f3tica en Zamora Chinchipe, designando como director encargado a Jeamphier Le\u00f3n, joven militante que tendr\u00e1 la misi\u00f3n de organizar la estructura provincial junto a Manuel Valdivieso, dirigente del cant\u00f3n Yantzaza. Guti\u00e9rrez subray\u00f3 que la autonom\u00eda de las directivas cantonales y provinciales ser\u00e1 respetada, reiterando que el proceso se realizar\u00e1 con la participaci\u00f3n de la militancia y con aval del Consejo Nacional Electoral.<\/p>\n<p>El exmandatario hizo un llamado a la unidad ciudadana, invitando tanto a militantes hist\u00f3ricos como a personas independientes sin antecedentes de corrupci\u00f3n a sumarse a este proyecto. \u201cQueremos unir a todos los ecuatorianos honestos, patriotas y preocupados por el rumbo del pa\u00eds\u201d, se\u00f1al\u00f3. Asimismo, reiter\u00f3 su rechazo a la miner\u00eda ilegal y a las pr\u00e1cticas que deterioran el medio ambiente, responsabilizando a la falta de control estatal por los impactos en las comunidades amaz\u00f3nicas.<\/p>\n<p>Entre sus planteamientos legislativos, Guti\u00e9rrez record\u00f3 propuestas impulsadas en la Asamblea Nacional como la cadena perpetua para pol\u00edticos corruptos, jueces y fiscales que favorezcan al crimen organizado, as\u00ed como sanciones severas a responsables de fraude electoral.<\/p>\n<p>Tambi\u00e9n insisti\u00f3 en la reducci\u00f3n del n\u00famero de asamble\u00edstas y en la convocatoria a una consulta popular que permita al pueblo decidir reformas estructurales en el sistema pol\u00edtico y judicial.<br \/>\nFinalmente, remarc\u00f3 que la \u201ctercera v\u00eda\u201d busca recuperar la confianza en la pol\u00edtica y devolver la estabilidad econ\u00f3mica del pa\u00eds: \u201cCuando el presidente no roba y no deja robar, el dinero alcanza para hacer obra en todo el territorio nacional\u201d, enfatiz\u00f3.<\/p>\n","protected":false},"excerpt":{"rendered":"<p>El expresidente del Ecuador, coronel (r) Lucio Guti\u00e9rrez, realiz\u00f3 este s\u00e1bado una visita a la provincia de Zamora Chinchipe, en el marco de su recorrido nacional con el movimiento pol\u00edtico Sociedad Patri\u00f3tica, lista 3. Durante su di\u00e1logo con Diario El Amaz\u00f3nico, expuso los ejes de la propuesta denominada \u201ctercera v\u00eda\u201d, orientada a enfrentar los principales problemas sociales, econ\u00f3micos y ambientales del pa\u00eds. Guti\u00e9rrez destac\u00f3 que la propuesta surge como alternativa frente a la confrontaci\u00f3n pol\u00edtica y la corrupci\u00f3n, se\u00f1alando que \u201cni el corre\u00edsmo ni el nobo\u00edsmo han logrado resolver los problemas de inseguridad, desempleo, deficiencias en salud p\u00fablica y deterioro vial\u201d. Seg\u00fan afirm\u00f3, la tercera v\u00eda busca integrar juventud y experiencia en la conducci\u00f3n pol\u00edtica, abrir espacio a nuevos liderazgos y retomar niveles de crecimiento econ\u00f3mico alcanzados en su gobierno. En este contexto, anunci\u00f3 la reestructuraci\u00f3n de la directiva provincial de Sociedad Patri\u00f3tica en Zamora Chinchipe, designando como director encargado a Jeamphier Le\u00f3n, joven militante que tendr\u00e1 la misi\u00f3n de organizar la estructura provincial junto a Manuel Valdivieso, dirigente del cant\u00f3n Yantzaza. Guti\u00e9rrez subray\u00f3 que la autonom\u00eda de las directivas cantonales y provinciales ser\u00e1 respetada, reiterando que el proceso se realizar\u00e1 con la participaci\u00f3n de la militancia y con aval del Consejo Nacional Electoral. El exmandatario hizo un llamado a la unidad ciudadana, invitando tanto a militantes hist\u00f3ricos como a personas independientes sin antecedentes de corrupci\u00f3n a sumarse a este proyecto. \u201cQueremos unir a todos los ecuatorianos honestos, patriotas y preocupados por el rumbo del pa\u00eds\u201d, se\u00f1al\u00f3. Asimismo, reiter\u00f3 su rechazo a la miner\u00eda ilegal y a las pr\u00e1cticas que deterioran el medio ambiente, responsabilizando a la falta de control estatal por los impactos en las comunidades amaz\u00f3nicas. Entre sus planteamientos legislativos, Guti\u00e9rrez record\u00f3 propuestas impulsadas en la Asamblea Nacional como la cadena perpetua para pol\u00edticos corruptos, jueces y fiscales que favorezcan al crimen organizado, as\u00ed como sanciones severas a responsables de fraude electoral. Tambi\u00e9n insisti\u00f3 en la reducci\u00f3n del n\u00famero de asamble\u00edstas y en la convocatoria a una consulta popular que permita al pueblo decidir reformas estructurales en el sistema pol\u00edtico y judicial. Finalmente, remarc\u00f3 que la \u201ctercera v\u00eda\u201d busca recuperar la confianza en la pol\u00edtica y devolver la estabilidad econ\u00f3mica del pa\u00eds: \u201cCuando el presidente no roba y no deja robar, el dinero alcanza para hacer obra en todo el territorio nacional\u201d, enfatiz\u00f3.<\/p>\n","protected":false},"author":1,"featured_media":25845,"comment_status":"closed","ping_status":"closed","sticky":false,"template":"","format":"standard","meta":{"footnotes":""},"categories":[243],"tags":[],"class_list":["post-25844","post","type-post","status-publish","format-standard","has-post-thumbnail","hentry","category-noticias-zamora"],"_links":{"self":[{"href":"https:\/\/www.elamazonico.com\/portal\/wp-json\/wp\/v2\/posts\/25844","targetHints":{"allow":["GET"]}}],"collection":[{"href":"https:\/\/www.elamazonico.com\/portal\/wp-json\/wp\/v2\/posts"}],"about":[{"href":"https:\/\/www.elamazonico.com\/portal\/wp-json\/wp\/v2\/types\/post"}],"author":[{"embeddable":true,"href":"https:\/\/www.elamazonico.com\/portal\/wp-json\/wp\/v2\/users\/1"}],"replies":[{"embeddable":true,"href":"https:\/\/www.elamazonico.com\/portal\/wp-json\/wp\/v2\/comments?post=25844"}],"version-history":[{"count":1,"href":"https:\/\/www.elamazonico.com\/portal\/wp-json\/wp\/v2\/posts\/25844\/revisions"}],"predecessor-version":[{"id":25846,"href":"https:\/\/www.elamazonico.com\/portal\/wp-json\/wp\/v2\/posts\/25844\/revisions\/25846"}],"wp:featuredmedia":[{"embeddable":true,"href":"https:\/\/www.elamazonico.com\/portal\/wp-json\/wp\/v2\/media\/25845"}],"wp:attachment":[{"href":"https:\/\/www.elamazonico.com\/portal\/wp-json\/wp\/v2\/media?parent=25844"}],"wp:term":[{"taxonomy":"category","embeddable":true,"href":"https:\/\/www.elamazonico.com\/portal\/wp-json\/wp\/v2\/categories?post=25844"},{"taxonomy":"post_tag","embeddable":true,"href":"https:\/\/www.elamazonico.com\/portal\/wp-json\/wp\/v2\/tags?post=25844"}],"curies":[{"name":"wp","href":"https:\/\/api.w.org\/{rel}","templated":true}]}}