{"id":25839,"date":"2025-08-25T21:58:19","date_gmt":"2025-08-26T02:58:19","guid":{"rendered":"https:\/\/www.elamazonico.com\/portal\/?p=25839"},"modified":"2025-08-25T22:05:10","modified_gmt":"2025-08-26T03:05:10","slug":"consejo-de-la-judicatura-de-zamora-chinchipe-iniciara-investigacion-disciplinaria-contra-jueza-de-yantzaza","status":"publish","type":"post","link":"https:\/\/www.elamazonico.com\/portal\/consejo-de-la-judicatura-de-zamora-chinchipe-iniciara-investigacion-disciplinaria-contra-jueza-de-yantzaza\/","title":{"rendered":"Consejo de la Judicatura de Zamora Chinchipe iniciar\u00e1 investigaci\u00f3n disciplinaria contra jueza de Yantzaza"},"content":{"rendered":"<p data-start=\"266\" data-end=\"622\"><strong data-start=\"266\" data-end=\"299\">Zamora, 25 de agosto de 2025.<\/strong> \u2013 La Direcci\u00f3n Provincial del Consejo de la Judicatura (CJ) de Zamora Chinchipe informa a la ciudadan\u00eda que este lunes recibi\u00f3 una denuncia formal presentada por el Ministerio del Interior para iniciar una investigaci\u00f3n disciplinaria en contra de la jueza de la Unidad Judicial Multicompetente Penal del cant\u00f3n Yantzaza.<\/p>\n<p data-start=\"624\" data-end=\"1057\">La denuncia se fundamenta en la resoluci\u00f3n adoptada el pasado 22 de agosto, en la que la magistrada neg\u00f3 la medida de prisi\u00f3n preventiva solicitada por la Fiscal\u00eda contra un ciudadano procesado por tentativa de homicidio, detenido en un operativo policial. En su lugar, la jueza dispuso la inmediata liberaci\u00f3n del procesado, imponiendo medidas alternativas tales como la presentaci\u00f3n peri\u00f3dica y la prohibici\u00f3n de salida del pa\u00eds.<\/p>\n<p data-start=\"1059\" data-end=\"1363\">El hecho reviste gravedad al tratarse de un delito cometido con violencia y con el uso de arma de fuego, lo que, seg\u00fan el pronunciamiento del Ministerio del Interior, compromete la seguridad ciudadana, limita la acci\u00f3n de las fuerzas del orden y deteriora la confianza en la administraci\u00f3n de justicia.<\/p>\n<p data-start=\"1365\" data-end=\"1626\">En el marco de sus competencias y con estricto apego al debido proceso, el CJ dar\u00e1 tr\u00e1mite a la denuncia e iniciar\u00e1 una investigaci\u00f3n disciplinaria para determinar si la actuaci\u00f3n de la servidora judicial constituye una falta en el ejercicio de sus funciones.<\/p>\n<p data-start=\"1628\" data-end=\"1998\">El Consejo de la Judicatura reitera su compromiso con los principios de legalidad, responsabilidad y \u00e9tica que deben guiar la funci\u00f3n judicial. Asimismo, enfatiza que no se tolerar\u00e1 que la impunidad se imponga ni que se desnaturalice el deber de la justicia en la lucha contra la delincuencia y el crimen organizado, siempre desde el respeto al marco jur\u00eddico vigente.<\/p>\n<p data-start=\"1628\" data-end=\"1998\"><img fetchpriority=\"high\" decoding=\"async\" class=\"alignnone size-medium wp-image-25842\" src=\"https:\/\/www.elamazonico.com\/portal\/wp-content\/uploads\/2025\/08\/9fa5493c-3399-4062-9a6f-1bf5b3ee166a-240x300.jpeg\" alt=\"\" width=\"240\" height=\"300\" srcset=\"https:\/\/www.elamazonico.com\/portal\/wp-content\/uploads\/2025\/08\/9fa5493c-3399-4062-9a6f-1bf5b3ee166a-240x300.jpeg 240w, https:\/\/www.elamazonico.com\/portal\/wp-content\/uploads\/2025\/08\/9fa5493c-3399-4062-9a6f-1bf5b3ee166a-818x1024.jpeg 818w, https:\/\/www.elamazonico.com\/portal\/wp-content\/uploads\/2025\/08\/9fa5493c-3399-4062-9a6f-1bf5b3ee166a-768x961.jpeg 768w, https:\/\/www.elamazonico.com\/portal\/wp-content\/uploads\/2025\/08\/9fa5493c-3399-4062-9a6f-1bf5b3ee166a.jpeg 1023w\" sizes=\"(max-width: 240px) 100vw, 240px\" \/><\/p>\n","protected":false},"excerpt":{"rendered":"<p>Zamora, 25 de agosto de 2025. \u2013 La Direcci\u00f3n Provincial del Consejo de la Judicatura (CJ) de Zamora Chinchipe informa a la ciudadan\u00eda que este lunes recibi\u00f3 una denuncia formal presentada por el Ministerio del Interior para iniciar una investigaci\u00f3n disciplinaria en contra de la jueza de la Unidad Judicial Multicompetente Penal del cant\u00f3n Yantzaza. La denuncia se fundamenta en la resoluci\u00f3n adoptada el pasado 22 de agosto, en la que la magistrada neg\u00f3 la medida de prisi\u00f3n preventiva solicitada por la Fiscal\u00eda contra un ciudadano procesado por tentativa de homicidio, detenido en un operativo policial. En su lugar, la jueza dispuso la inmediata liberaci\u00f3n del procesado, imponiendo medidas alternativas tales como la presentaci\u00f3n peri\u00f3dica y la prohibici\u00f3n de salida del pa\u00eds. El hecho reviste gravedad al tratarse de un delito cometido con violencia y con el uso de arma de fuego, lo que, seg\u00fan el pronunciamiento del Ministerio del Interior, compromete la seguridad ciudadana, limita la acci\u00f3n de las fuerzas del orden y deteriora la confianza en la administraci\u00f3n de justicia. En el marco de sus competencias y con estricto apego al debido proceso, el CJ dar\u00e1 tr\u00e1mite a la denuncia e iniciar\u00e1 una investigaci\u00f3n disciplinaria para determinar si la actuaci\u00f3n de la servidora judicial constituye una falta en el ejercicio de sus funciones. El Consejo de la Judicatura reitera su compromiso con los principios de legalidad, responsabilidad y \u00e9tica que deben guiar la funci\u00f3n judicial. Asimismo, enfatiza que no se tolerar\u00e1 que la impunidad se imponga ni que se desnaturalice el deber de la justicia en la lucha contra la delincuencia y el crimen organizado, siempre desde el respeto al marco jur\u00eddico vigente.<\/p>\n","protected":false},"author":1,"featured_media":25840,"comment_status":"closed","ping_status":"closed","sticky":false,"template":"","format":"standard","meta":{"footnotes":""},"categories":[243],"tags":[],"class_list":["post-25839","post","type-post","status-publish","format-standard","has-post-thumbnail","hentry","category-noticias-zamora"],"_links":{"self":[{"href":"https:\/\/www.elamazonico.com\/portal\/wp-json\/wp\/v2\/posts\/25839","targetHints":{"allow":["GET"]}}],"collection":[{"href":"https:\/\/www.elamazonico.com\/portal\/wp-json\/wp\/v2\/posts"}],"about":[{"href":"https:\/\/www.elamazonico.com\/portal\/wp-json\/wp\/v2\/types\/post"}],"author":[{"embeddable":true,"href":"https:\/\/www.elamazonico.com\/portal\/wp-json\/wp\/v2\/users\/1"}],"replies":[{"embeddable":true,"href":"https:\/\/www.elamazonico.com\/portal\/wp-json\/wp\/v2\/comments?post=25839"}],"version-history":[{"count":2,"href":"https:\/\/www.elamazonico.com\/portal\/wp-json\/wp\/v2\/posts\/25839\/revisions"}],"predecessor-version":[{"id":25843,"href":"https:\/\/www.elamazonico.com\/portal\/wp-json\/wp\/v2\/posts\/25839\/revisions\/25843"}],"wp:featuredmedia":[{"embeddable":true,"href":"https:\/\/www.elamazonico.com\/portal\/wp-json\/wp\/v2\/media\/25840"}],"wp:attachment":[{"href":"https:\/\/www.elamazonico.com\/portal\/wp-json\/wp\/v2\/media?parent=25839"}],"wp:term":[{"taxonomy":"category","embeddable":true,"href":"https:\/\/www.elamazonico.com\/portal\/wp-json\/wp\/v2\/categories?post=25839"},{"taxonomy":"post_tag","embeddable":true,"href":"https:\/\/www.elamazonico.com\/portal\/wp-json\/wp\/v2\/tags?post=25839"}],"curies":[{"name":"wp","href":"https:\/\/api.w.org\/{rel}","templated":true}]}}